{"id":11,"count":116,"description":"Responsable : R\u00e9jean C\u00f4t\u00e9, pr\u00e9sident.\r\nFr\u00e9quence de publication : 1 x mois\r\n","link":"https:\/\/cimbcc.org\/test2\/category\/mots-du-president\/","name":"Mots du pr\u00e9sident","slug":"mots-du-president","taxonomy":"category","parent":0,"meta":[],"_links":{"self":[{"href":"https:\/\/cimbcc.org\/test2\/wp-json\/wp\/v2\/categories\/11","targetHints":{"allow":["GET"]}}],"collection":[{"href":"https:\/\/cimbcc.org\/test2\/wp-json\/wp\/v2\/categories"}],"about":[{"href":"https:\/\/cimbcc.org\/test2\/wp-json\/wp\/v2\/taxonomies\/category"}],"wp:post_type":[{"href":"https:\/\/cimbcc.org\/test2\/wp-json\/wp\/v2\/posts?categories=11"}],"curies":[{"name":"wp","href":"https:\/\/api.w.org\/{rel}","templated":true}]}}