{"id":10081,"date":"2014-09-16T06:00:57","date_gmt":"2014-09-16T11:00:57","guid":{"rendered":"https:\/\/cimbcc.org\/test2\/?p=10081"},"modified":"2023-10-16T22:16:09","modified_gmt":"2023-10-17T02:16:09","slug":"echos-du-ca-septembre-2014","status":"publish","type":"post","link":"https:\/\/cimbcc.org\/test2\/echos-du-ca-septembre-2014\/","title":{"rendered":"\u00c9chos du conseil d&rsquo;administration &#8211; septembre 2014"},"content":{"rendered":"<figure id=\"attachment_9425\" aria-describedby=\"caption-attachment-9425\" style=\"width: 550px\" class=\"wp-caption aligncenter\"><img loading=\"lazy\" decoding=\"async\" class=\"size-full wp-image-9425\" src=\"https:\/\/cimbcc.org\/test2\/wp-content\/uploads\/photo_ca_2014_2015.jpg\" alt=\"photo_ca_2014_2015\" width=\"550\" height=\"170\" srcset=\"https:\/\/cimbcc.org\/test2\/wp-content\/uploads\/photo_ca_2014_2015.jpg 550w, https:\/\/cimbcc.org\/test2\/wp-content\/uploads\/photo_ca_2014_2015-300x92.jpg 300w\" sizes=\"auto, (max-width: 550px) 100vw, 550px\" \/><figcaption id=\"caption-attachment-9425\" class=\"wp-caption-text\">Rang\u00e9e du haut: R\u00e9jean Daigle, Jacques Lalibert\u00e9, Charles E. Blier, Walter Pearce. Rang\u00e9e du bas: Yvon Gaudreau, Danielle Charest Bourque, Sylvie Mazur, Berthe Demers, R\u00e9jean C\u00f4t\u00e9, Michel Gagn\u00e9 et Marie-Jos\u00e9 B\u00e2cle<\/figcaption><\/figure>\n<p style=\"text-align: justify;\">Le conseil d\u2019administration s\u2019est r\u00e9uni \u00e0 la veille de la Journ\u00e9e d\u2019information et d\u2019inscription annuelle. Danielle Bourque \u00e9tait pr\u00eate \u00e0 accueillir les membres et les visiteurs avec l\u2019aide de son \u00e9quipe de b\u00e9n\u00e9voles d\u00e9vou\u00e9s. Cette journ\u00e9e du 3 septembre allait marquer un tournant dans la campagne de recrutement pour l\u2019ann\u00e9e\u00a02014-2015.<\/p>\n<p><!--more--><\/p>\n<p style=\"text-align: justify;\">Cette campagne a d\u00e9but\u00e9 par un courriel envoy\u00e9 aux membres le 16\u00a0ao\u00fbt dernier. D&rsquo;autres messages ont suivi pour inviter chacune et chacun \u00e0 renouveler son abonnement par courrier ou en se pr\u00e9sentant \u00e0 la <em><strong>Journ\u00e9e d\u2019information et d\u2019inscription annuelle<\/strong><\/em>. Le 2 septembre, 190 personnes avaient d\u00e9j\u00e0 renouvel\u00e9 leur abonnement. Ceux qui ne l\u2019auront pas fait le 3 septembre pourront <strong>s\u2019abonner au club<\/strong> au d\u00e9but des s\u00e9ances de pr\u00e9sentations de septembre o\u00f9 Danielle et des membres de son \u00e9quipe les attendront.<\/p>\n<p style=\"text-align: justify;\">Pour sa part, Berthe Demers a fait le point sur la pr\u00e9paration de l\u2019<strong>inscription aux ateliers<\/strong>. Elle a annonc\u00e9 que le formulaire mis au point pour que ces inscriptions se fassent en ligne avait d\u00e9j\u00e0 \u00e9t\u00e9 utilis\u00e9 par pr\u00e8s de 100 personnes \u00e0 19\u00a0heures, alors que les inscriptions ont commenc\u00e9 \u00e0 midi en ce 2 septembre. L\u2019inscription en ligne semblait bien fonctionner malgr\u00e9 sa nouveaut\u00e9.<\/p>\n<p style=\"text-align: justify;\">Les animateurs des 11 ateliers de l\u2019automne ont fourni une description de leur atelier \u00e0 Berthe Demers. Ces descriptions ont \u00e9t\u00e9 publi\u00e9es sur le site du club (<a title=\"Ateliers\" href=\"https:\/\/cimbcc.org\/test2\/activites\/les-ateliers\" target=\"_blank\" rel=\"noopener\">ateliers<\/a>) gr\u00e2ce \u00e0 la collaboration de Marie-Jos\u00e9 B\u00e2cle. Guy B\u00e9langer a r\u00e9serv\u00e9 toutes les salles n\u00e9cessaires aux ateliers et Mireille de Garie proc\u00e8dera \u00e0 l\u2019enregistrement des inscriptions. Apr\u00e8s cette \u00e9tape des inscriptions, Genevi\u00e8ve Renaud prendra la rel\u00e8ve de Mireille de Garie. La gestion des ateliers est donc une affaire d\u2019\u00e9quipe, tout comme les autres activit\u00e9s du club d\u2019ailleurs.<\/p>\n<p style=\"text-align: justify;\">Dans le cadre de la r\u00e9vision annuelle de ses activit\u00e9s, le conseil d\u2019administration avait demand\u00e9 \u00e0 Jacques Lalibert\u00e9 de nous pr\u00e9senter un bilan des activit\u00e9s du service d\u2019<strong>assistance par courriel<\/strong>. Jacques a rapport\u00e9 avoir re\u00e7u 334 demandes depuis le d\u00e9but de l\u2019ann\u00e9e\u00a02014, soit de 40 \u00e0 72\u00a0demandes par mois pour les cinq premiers mois et de 13 \u00e0 21\u00a0demandes pendant les mois d\u2019\u00e9t\u00e9. S\u2019il est normal que les demandes soient moins nombreuses en \u00e9t\u00e9, Jacques a observ\u00e9 une recrudescence des demandes apr\u00e8s une pr\u00e9sentation sur Windows\u00a08 ou \u00e0 la suite de l\u2019atelier sur le m\u00eame th\u00e8me.<\/p>\n<p style=\"text-align: justify;\">L\u2019ann\u00e9e\u00a02014 sera sans doute assez active puisque, en huit mois, le service a re\u00e7u 65 demandes de plus qu\u2019\u00e0 la m\u00eame p\u00e9riode l\u2019an dernier. Outre Jacques Lalibert\u00e9, l\u2019\u00e9quipe de l\u2019assistance par courriel est compos\u00e9e de Robert Bujold, Albert Richard, R\u00e9jean Daigle, Christine Blanchette et C\u00e9line Dion, mais on est toujours \u00e0 la recherche d\u2019une personne \u00e0 l\u2019aise avec le syst\u00e8me Android.<\/p>\n<p style=\"text-align: justify;\">Le conseil d\u2019administration a confirm\u00e9 le maintien de ce service d\u2019assistance par courriel tel qu\u2019on l\u2019a connu. Il a aussi adopt\u00e9 un document de r\u00e9f\u00e9rence sur le respect des lois par le club pr\u00e9sent\u00e9 par Michel Gagn\u00e9 et un autre document de r\u00e9f\u00e9rence sur les communications externes du club propos\u00e9 par Charles E. Blier. Ces derniers documents ont pour but de dresser les lignes directrices \u00e0 respecter dans nos activit\u00e9s.<\/p>\n<p style=\"text-align: justify;\">Enfin, le conseil a la conviction que la nouvelle saison qui s\u2019amorce sera un franc succ\u00e8s gr\u00e2ce \u00e0 la contribution de ses 70\u00a0b\u00e9n\u00e9voles qui rendent possibles toutes les activit\u00e9s propos\u00e9es aux membres. D&rsquo;ailleurs, il faut souligner qu\u2019en plus de Genevi\u00e8ve Renaud qui s&rsquo;int\u00e9grera graduellement \u00e0 l\u2019\u00e9quipe responsable des ateliers, le club pourra d\u00e9sormais compter sur Bruno Fournier qui animera un atelier sur les tablettes Android et sur Monique Thibault qui coanimera l\u2019atelier sur Outlook. Le club a encore des besoins qui sont identifi\u00e9s sur le <a title=\"B\u00e9n\u00e9voles demand\u00e9s\" href=\"https:\/\/cimbcc.org\/test2\/le-club-2\/benevoles-demandes\" target=\"_blank\" rel=\"noopener\">site du club<\/a>, mais toute personne de bonne volont\u00e9 qui souhaite donner un peu de son temps pourra se rendre utile au sein de l\u2019une ou l\u2019autre des \u00e9quipes responsables des activit\u00e9s du club.<\/p>\n<p style=\"text-align: justify;\">Sylvie Mazur<br \/>\nSecr\u00e9taire du CIMBCC<\/p>\n","protected":false},"excerpt":{"rendered":"<p>Le conseil d\u2019administration s\u2019est r\u00e9uni \u00e0 la veille de la Journ\u00e9e d\u2019information et d\u2019inscription annuelle. Danielle Bourque \u00e9tait pr\u00eate \u00e0 accueillir les membres et les visiteurs avec l\u2019aide de son \u00e9quipe de b\u00e9n\u00e9voles d\u00e9vou\u00e9s. Cette journ\u00e9e du 3 septembre allait marquer un tournant dans la campagne de recrutement pour l\u2019ann\u00e9e\u00a02014-2015.<\/p>\n","protected":false},"author":43,"featured_media":0,"comment_status":"open","ping_status":"closed","sticky":false,"template":"","format":"standard","meta":{"footnotes":""},"categories":[386],"tags":[232,269,143,105],"class_list":["post-10081","post","type-post","status-publish","format-standard","hentry","category-echos-du-conseil-dadministration","tag-assistance-par-courriel","tag-ateliers","tag-journee-dinformation-et-dinscription","tag-tablette"],"_links":{"self":[{"href":"https:\/\/cimbcc.org\/test2\/wp-json\/wp\/v2\/posts\/10081","targetHints":{"allow":["GET"]}}],"collection":[{"href":"https:\/\/cimbcc.org\/test2\/wp-json\/wp\/v2\/posts"}],"about":[{"href":"https:\/\/cimbcc.org\/test2\/wp-json\/wp\/v2\/types\/post"}],"author":[{"embeddable":true,"href":"https:\/\/cimbcc.org\/test2\/wp-json\/wp\/v2\/users\/43"}],"replies":[{"embeddable":true,"href":"https:\/\/cimbcc.org\/test2\/wp-json\/wp\/v2\/comments?post=10081"}],"version-history":[{"count":13,"href":"https:\/\/cimbcc.org\/test2\/wp-json\/wp\/v2\/posts\/10081\/revisions"}],"predecessor-version":[{"id":25395,"href":"https:\/\/cimbcc.org\/test2\/wp-json\/wp\/v2\/posts\/10081\/revisions\/25395"}],"wp:attachment":[{"href":"https:\/\/cimbcc.org\/test2\/wp-json\/wp\/v2\/media?parent=10081"}],"wp:term":[{"taxonomy":"category","embeddable":true,"href":"https:\/\/cimbcc.org\/test2\/wp-json\/wp\/v2\/categories?post=10081"},{"taxonomy":"post_tag","embeddable":true,"href":"https:\/\/cimbcc.org\/test2\/wp-json\/wp\/v2\/tags?post=10081"}],"curies":[{"name":"wp","href":"https:\/\/api.w.org\/{rel}","templated":true}]}}