{"id":10167,"date":"2014-10-14T06:00:56","date_gmt":"2014-10-14T10:00:56","guid":{"rendered":"https:\/\/cimbcc.org\/test2\/?p=10167"},"modified":"2023-10-16T22:16:09","modified_gmt":"2023-10-17T02:16:09","slug":"mot-du-president-octobre-2014","status":"publish","type":"post","link":"https:\/\/cimbcc.org\/test2\/mot-du-president-octobre-2014\/","title":{"rendered":"Mot du pr\u00e9sident \u2013 octobre 2014"},"content":{"rendered":"<figure id=\"attachment_23836\" aria-describedby=\"caption-attachment-23836\" style=\"width: 125px\" class=\"wp-caption aligncenter\"><img loading=\"lazy\" decoding=\"async\" class=\"size-full wp-image-23836\" src=\"https:\/\/cimbcc.org\/test2\/wp-content\/uploads\/photo_cote_rejean.jpg\" alt=\"\" width=\"125\" height=\"125\" \/><figcaption id=\"caption-attachment-23836\" class=\"wp-caption-text\"><span style=\"color: #ffffff;\">mmmm<\/span>R\u00e9jean C\u00f4t\u00e9<\/figcaption><\/figure>\n<p style=\"text-align: justify;\">Il y a eu une tr\u00e8s bonne participation des membres pour les s\u00e9ances de septembre 2014. C\u2019est toujours encourageant pour les pr\u00e9sentateurs de constater que les membres s\u2019int\u00e9ressent en si grand nombre aux sujets qu\u2019ils pr\u00e9sentent.<\/p>\n<p><!--more--><\/p>\n<p style=\"text-align: justify;\">Il semble y avoir eu encore un grand int\u00e9r\u00eat de la part des membres pour le nouveau syst\u00e8me d\u2019exploitation Windows\u00a08.1. Plus de deux cents\u00a0personnes ont assist\u00e9 aux deux pr\u00e9sentations de septembre. Plusieurs membres ont d\u00e9j\u00e0 migr\u00e9 vers Windows\u00a08.1 et plusieurs autres pensent acheter, dans un proche avenir, un ordinateur \u00e9quip\u00e9 de ce syst\u00e8me d\u2019exploitation. Comme il est tr\u00e8s diff\u00e9rent des autres syst\u00e8mes de Microsoft (XP, Vista, Windows\u00a07), les membres cherchent \u00e0 mieux le comprendre afin d\u2019\u00eatre plus \u00e0 l\u2019aise.<\/p>\n<p style=\"text-align: justify;\">La mise \u00e0 jour Windows\u00a08.1 est arriv\u00e9e en\u00a0octobre 2013. Elle est assez volumineuse et, selon l\u2019importance du trafic sur le r\u00e9seau Internet, il faut environ deux heures pour la t\u00e9l\u00e9charger. Je sais qu&rsquo;il y a des membres qui ont Windows 8 et qui n&rsquo;ont pas encore t\u00e9l\u00e9charg\u00e9 la mise \u00e0 jour Windows 8.1. Pour obtenir la mise \u00e0 jour, cliquez sur la vignette Windows Store sur l\u2019\u00e9cran d\u2019ACCUEIL, la mise \u00e0 jour vous sera alors propos\u00e9e. Si vous ne la voyez pas, c&rsquo;est que vous devrez alors faire les derni\u00e8res mises \u00e0 jour de Windows\u00a08 avant de faire celle de Windows\u00a08.1.<\/p>\n<p style=\"text-align: justify;\">Windows\u00a08 avait suscit\u00e9 de nombreuses critiques auxquelles Microsoft a r\u00e9pondu quelque peu avec cette nouvelle mise \u00e0 jour Windows 8.1. La disparition du bouton <em>D\u00e9marrer<\/em> avait \u00e9t\u00e9 largement critiqu\u00e9e, mais Microsoft n\u2019a pas c\u00e9d\u00e9 aux pressions et n\u2019a pas r\u00e9introduit ce bouton dans la mise \u00e0 jour. Avec la prochaine mise \u00e0 jour Windows\u00a010, pr\u00e9vue au deuxi\u00e8me semestre 2015, le bouton <em>D\u00e9marrer<\/em> reviendra. (Voir le lien vers l&rsquo;article et la vid\u00e9o de la prochaine mise \u00e0 jour de Windows\u00a010 \u00e0 la fin du texte.)<\/p>\n<p>\u00a0Windows\u00a08.1 propose deux autres fa\u00e7ons d\u2019arr\u00eater l\u2019ordinateur.<\/p>\n<ol>\n<li style=\"text-align: justify;\">Cliquez de la droite sur le drapeau Windows dans le coin inf\u00e9rieur gauche de l\u2019\u00e9cran, pointez sur <em>Arr\u00eater ou se d\u00e9connecter<\/em> et cliquez sur une des quatre options qui vous sont propos\u00e9es.<\/li>\n<li style=\"text-align: justify;\">Sur l\u2019\u00e9cran d\u2019ACCUEIL, en haut \u00e0 droite, cliquez sur l&rsquo;icone d&rsquo;arr\u00eat et cliquez sur une des quatre options qui vous sont propos\u00e9es.<\/li>\n<\/ol>\n<p>Quelques nouveaut\u00e9s\u00a0:<\/p>\n<ul style=\"list-style-type: disc;\">\n<li style=\"text-align: justify;\">en ouvrant l\u2019ordinateur, commencer sa s\u00e9ance directement sur le BUREAU plut\u00f4t qu\u2019avec l\u2019\u00e9cran d\u2019ACCUEIL;<\/li>\n<li style=\"text-align: justify;\">fermer une application en cliquant sur le <strong>X<\/strong> en haut \u00e0 droite;<\/li>\n<li style=\"text-align: justify;\">Internet Explorer\u00a011 sur l\u2019\u00e9cran d\u2019ACCUEIL et sur le bureau;<\/li>\n<li style=\"text-align: justify;\">choix de quatre tailles pour quelques vignettes sur l\u2019\u00e9cran d\u2019ACCUEIL;<\/li>\n<li style=\"text-align: justify;\">possibilit\u00e9 de mettre une photo sur l\u2019\u00e9cran de verrouillage;<\/li>\n<li style=\"text-align: justify;\">acc\u00e9der \u00e0 toutes les applications en cliquant sur la petite fl\u00e8che en bas, \u00e0 gauche de l\u2019\u00e9cran d\u2019ACCUEIL;<\/li>\n<li style=\"text-align: justify;\">quatre choix pour classer les applications\u00a0: par nom, par date d\u2019installation, par fr\u00e9quence d\u2019utilisation et par cat\u00e9gorie.<\/li>\n<\/ul>\n<p>Pour avoir plus d\u2019informations sur Windows\u00a08.1, cliquez sur le lien suivant\u00a0:<br \/>\n<a title=\"Windows 8.1\" href=\"http:\/\/www.commentcamarche.net\/faq\/36803-windows-8-1-mise-a-jour-effective\" target=\"_blank\" rel=\"noopener\">http:\/\/www.commentcamarche.net\/faq\/36803-windows-8-1-mise-a-jour-effective<\/a><\/p>\n<p style=\"text-align: justify;\">Pour voir l&rsquo;article et la vid\u00e9o de la prochaine mise \u00e0 jour de Windows\u00a010, cliquez sur le lien suivant\u00a0:<br \/>\n<a title=\"Windows 10\" href=\"http:\/\/actu.pcastuces.com\/afficheactu.asp?Id=26385\" target=\"_blank\" rel=\"noopener\">http:\/\/actu.pcastuces.com\/afficheactu.asp?Id=26385<\/a><\/p>\n<p>R\u00e9jean C\u00f4t\u00e9<\/p>\n","protected":false},"excerpt":{"rendered":"<p>Il y a eu une tr\u00e8s bonne participation des membres pour les s\u00e9ances de septembre 2014. C\u2019est toujours encourageant pour les pr\u00e9sentateurs de constater que les membres s\u2019int\u00e9ressent en si grand nombre aux sujets qu\u2019ils pr\u00e9sentent.<\/p>\n","protected":false},"author":43,"featured_media":0,"comment_status":"open","ping_status":"closed","sticky":false,"template":"","format":"standard","meta":{"footnotes":""},"categories":[11],"tags":[88,133,119,220],"class_list":["post-10167","post","type-post","status-publish","format-standard","hentry","category-mots-du-president","tag-windows-10","tag-windows-8","tag-windows-8-1","tag-windows-vista"],"_links":{"self":[{"href":"https:\/\/cimbcc.org\/test2\/wp-json\/wp\/v2\/posts\/10167","targetHints":{"allow":["GET"]}}],"collection":[{"href":"https:\/\/cimbcc.org\/test2\/wp-json\/wp\/v2\/posts"}],"about":[{"href":"https:\/\/cimbcc.org\/test2\/wp-json\/wp\/v2\/types\/post"}],"author":[{"embeddable":true,"href":"https:\/\/cimbcc.org\/test2\/wp-json\/wp\/v2\/users\/43"}],"replies":[{"embeddable":true,"href":"https:\/\/cimbcc.org\/test2\/wp-json\/wp\/v2\/comments?post=10167"}],"version-history":[{"count":10,"href":"https:\/\/cimbcc.org\/test2\/wp-json\/wp\/v2\/posts\/10167\/revisions"}],"predecessor-version":[{"id":25381,"href":"https:\/\/cimbcc.org\/test2\/wp-json\/wp\/v2\/posts\/10167\/revisions\/25381"}],"wp:attachment":[{"href":"https:\/\/cimbcc.org\/test2\/wp-json\/wp\/v2\/media?parent=10167"}],"wp:term":[{"taxonomy":"category","embeddable":true,"href":"https:\/\/cimbcc.org\/test2\/wp-json\/wp\/v2\/categories?post=10167"},{"taxonomy":"post_tag","embeddable":true,"href":"https:\/\/cimbcc.org\/test2\/wp-json\/wp\/v2\/tags?post=10167"}],"curies":[{"name":"wp","href":"https:\/\/api.w.org\/{rel}","templated":true}]}}