{"id":10528,"date":"2014-11-18T06:00:56","date_gmt":"2014-11-18T11:00:56","guid":{"rendered":"https:\/\/cimbcc.org\/test2\/?p=10528"},"modified":"2023-10-16T22:16:09","modified_gmt":"2023-10-17T02:16:09","slug":"echos-du-conseil-dadministration-4-novembre-2014","status":"publish","type":"post","link":"https:\/\/cimbcc.org\/test2\/echos-du-conseil-dadministration-4-novembre-2014\/","title":{"rendered":"\u00c9chos du conseil d\u2019administration \u2013 4 novembre 2014"},"content":{"rendered":"<figure id=\"attachment_9425\" aria-describedby=\"caption-attachment-9425\" style=\"width: 550px\" class=\"wp-caption aligncenter\"><img loading=\"lazy\" decoding=\"async\" class=\"size-full wp-image-9425\" src=\"https:\/\/cimbcc.org\/test2\/wp-content\/uploads\/photo_ca_2014_2015.jpg\" alt=\"photo_ca_2014_2015\" width=\"550\" height=\"170\" srcset=\"https:\/\/cimbcc.org\/test2\/wp-content\/uploads\/photo_ca_2014_2015.jpg 550w, https:\/\/cimbcc.org\/test2\/wp-content\/uploads\/photo_ca_2014_2015-300x92.jpg 300w\" sizes=\"auto, (max-width: 550px) 100vw, 550px\" \/><figcaption id=\"caption-attachment-9425\" class=\"wp-caption-text\">Rang\u00e9e du haut: R\u00e9jean Daigle, Jacques Lalibert\u00e9, Charles E. Blier, Walter Pearce. Rang\u00e9e du bas: Yvon Gaudreau, Danielle Charest Bourque, Sylvie Mazur, Berthe Demers, R\u00e9jean C\u00f4t\u00e9, Michel Gagn\u00e9 et Marie-Jos\u00e9 B\u00e2cle<\/figcaption><\/figure>\n<p style=\"text-align: justify;\">\u00c0 sa r\u00e9union du 4\u00a0novembre, le conseil d\u2019administration a trait\u00e9 de plusieurs sujets ayant trait aux membres et aux b\u00e9n\u00e9voles. Avec d\u00e9j\u00e0 622\u00a0membres, le bon fonctionnement du club doit assurer la satisfaction et la s\u00e9curit\u00e9 de ses membres et des t\u00e2ches raisonnables aux b\u00e9n\u00e9voles.<\/p>\n<p style=\"text-align: justify;\"><!--more--><\/p>\n<h5><strong>Recrutement de b\u00e9n\u00e9voles<\/strong><\/h5>\n<p style=\"text-align: justify;\">Le conseil est toujours heureux de souligner l\u2019arriv\u00e9e de nouveaux b\u00e9n\u00e9voles. Ce mois-ci, il a appris que\u00a0:<\/p>\n<ul>\n<li style=\"text-align: justify;\">Jonathan Rousseau s\u2019est joint \u00e0 l\u2019\u00e9quipe de la logistique sous la responsabilit\u00e9 d\u2019Yvon Gaudreau;<\/li>\n<li style=\"text-align: justify;\">Denis Dulude participe \u00e0 l\u2019impression des documents n\u00e9cessaires pour les s\u00e9ances de pr\u00e9sentations;<\/li>\n<li style=\"text-align: justify;\">Diane Jutras fait \u00e9quipe avec Raymonde\u00a0Lemay pour assurer les communications du club, alors que Francine\u00a0Desrosiers a accept\u00e9 de les d\u00e9panner au besoin;<\/li>\n<li style=\"text-align: justify;\">Bruno Fournier pr\u00e9sentera Android et Rita\u00a0Olsthoorn pr\u00e9sentera Outlook.<\/li>\n<\/ul>\n<h5><strong>Services d\u2019assistance accessibles aux membres du club<\/strong><\/h5>\n<p style=\"text-align: justify;\">Le service d\u2019<em>assistance avant les s\u00e9ances de pr\u00e9sentation<\/em> a \u00e9t\u00e9 tr\u00e8s fr\u00e9quent\u00e9 cet automne. Parfois, les membres \u00e9taient nombreux dans la file d\u2019attente et, parfois aussi, certains ont d\u00fb attendre longtemps. Cette situation s\u2019explique en partie par la nature des demandes faites par les membres. Le conseil a d\u00e9cid\u00e9 de rappeler aux membres que ce service est destin\u00e9 \u00a0\u00e0 \u00a0r\u00e9soudre \u00a0des \u00a0probl\u00e8mes \u00a0simples \u00a0dont \u00a0la r\u00e9ponse ne devrait pas exiger plus de<br \/>\n<span style=\"text-decoration: underline;\">10 minutes<\/span>. D&rsquo;autres services sont offerts par le club pour r\u00e9soudre les probl\u00e8mes plus complexes\u00a0:<\/p>\n<ul>\n<li style=\"text-align: justify;\">l\u2019<em>assistance par courriel\u00a0<\/em>: pour obtenir une r\u00e9ponse \u00e0 toute question transmise par courriel \u00e0 <a href=\"mailto:aidecimbcc@gmail.com\">aidecimbcc@gmail.com<\/a>;<\/li>\n<li style=\"text-align: justify;\">l\u2019<em>assistance \u00e0 domicile\u00a0<\/em>: en communiquant avec R\u00e9jean C\u00f4t\u00e9 au 450\u00a0441-2339, le membre peut obtenir le nom d\u2019une personne-ressource qui pourra se rendre \u00e0 son domicile pour le d\u00e9panner.<\/li>\n<\/ul>\n<h5><strong>Renouvellement de l\u2019assurance responsabilit\u00e9 du club<\/strong><\/h5>\n<p style=\"text-align: justify;\">Le club d\u00e9tient une assurance responsabilit\u00e9 pour les locaux o\u00f9 il tient ses activit\u00e9s. Cette assurance de deux ans vient \u00e0 \u00e9ch\u00e9ance. Walter Pearce a analys\u00e9 la possibilit\u00e9 de payer la prime en un seul versement. Il a conclu que le montant ainsi \u00e9conomis\u00e9 serait comparable aux int\u00e9r\u00eats perdus par le retrait de notre compte de la somme correspondant \u00e0 la prime. Le conseil a donc adopt\u00e9 la proposition de son tr\u00e9sorier qui \u00e9tait de maintenir le paiement de la prime d\u2019assurance par des versements mensuels.<\/p>\n<h5><strong>Registre des membres<\/strong><\/h5>\n<p style=\"text-align: justify;\">Danielle Bourque est responsable depuis quatre ans du registre des membres. Celui-ci se compose\u00a0:<\/p>\n<ul style=\"text-align: justify;\">\n<li>d\u2019une base de donn\u00e9es ACCESS qui contient les coordonn\u00e9es des membres du club;<\/li>\n<li>d\u2019un fichier EXCEL qui sert \u00e0 enregistrer les pr\u00e9sences aux s\u00e9ances de pr\u00e9sentations.<\/li>\n<\/ul>\n<p style=\"text-align: justify;\">Actuellement, elle supervise C\u00e9line Dion qui apprivoise ces outils afin d\u2019en prendre la responsabilit\u00e9 en janvier. Elle peut aussi compter sur le concours d\u2019Albert Richard pour am\u00e9liorer ces outils.<\/p>\n<p style=\"text-align: justify;\">Le conseil d\u2019administration a constat\u00e9 avec Danielle que l\u2019avenir du registre des membres est et sera entre bonnes mains. Il esp\u00e8re avec Danielle qu\u2019elle trouvera bient\u00f4t quelqu&rsquo;un pour prendre la responsabilit\u00e9 de l\u2019accueil et de l\u2019inscription des pr\u00e9sences aux s\u00e9ances de pr\u00e9sentations.<\/p>\n<h5><strong>Abonnement et r\u00e9abonnement<\/strong><\/h5>\n<p style=\"text-align: justify;\">La gestion du registre des membres exige constance, pr\u00e9cision et beaucoup de temps de la part des b\u00e9n\u00e9voles qui en sont responsables. Le conseil d\u2019administration a donc tenu compte de ces conditions pour clarifier les r\u00e8gles d\u2019inscription au club. Ainsi, il a confirm\u00e9 que\u00a0:<\/p>\n<ul style=\"text-align: justify;\">\n<li>le co\u00fbt de l\u2019abonnement\u00a0initial est de 40\u00a0$ pour une personne, de 55\u00a0$ pour un couple et de 20\u00a0$ pour un \u00e9tudiant \u00e0 plein temps;<\/li>\n<li>le co\u00fbt d\u2019un r\u00e9abonnement annuel est de 35\u00a0$ pour une personne, de 50\u00a0$ pour un couple et de 15\u00a0$ pour un \u00e9tudiant \u00e0 plein temps;<\/li>\n<\/ul>\n<p style=\"text-align: justify; padding-left: 60px;\">N.B. 1.\u00a0\u00a0\u00a0\u00a0 Les r\u00e9abonnements se feront entre le 1<sup>er<\/sup>\u00a0ao\u00fbt et le 1<sup>er<\/sup>\u00a0octobre de chaque ann\u00e9e.<\/p>\n<p style=\"text-align: justify; padding-left: 60px;\">N.B. 2.\u00a0\u00a0\u00a0\u00a0 L\u2019\u00e9tudiant \u00e0 plein temps doit avoir moins de 26 ans et il doit pr\u00e9senter une preuve de son statut d\u2019\u00e9tudiant.<\/p>\n<p style=\"text-align: justify;\">De plus, le conseil a pr\u00e9cis\u00e9 que\u00a0:<\/p>\n<ul>\n<li style=\"text-align: justify;\">l\u2019abonnement annuel couvre la p\u00e9riode du 1<sup>er<\/sup> septembre au 31 ao\u00fbt suivant;<\/li>\n<li style=\"text-align: justify;\">les abonnements pris entre le 1<sup>er <\/sup>mars et le 31\u00a0d\u00e9cembre seront valides jusqu&rsquo;au 31\u00a0ao\u00fbt de l\u2019ann\u00e9e suivante;<\/li>\n<li style=\"text-align: justify;\">Les abonnements pris en janvier et f\u00e9vrier seront valides jusqu\u2019au 31\u00a0ao\u00fbt suivant (individuel\u00a0: 20\u00a0$ \u2014 couple\u00a0: 30\u00a0$ \u2014 \u00e9tudiant\u00a0:\u00a010\u00a0$).<\/li>\n<\/ul>\n<h5><strong>Nos rencontres au Chalet Marie-Victorin<\/strong><\/h5>\n<p style=\"text-align: justify;\">R\u00e9jean C\u00f4t\u00e9 a annonc\u00e9 que la Ville de Saint-Bruno avait abandonn\u00e9 son projet de modifier la vocation du Chalet Marie-Victorin. Le CIMBCC pourra donc continuer \u00e0 y tenir ses rencontres le mercredi soir et le vendredi apr\u00e8s-midi. La Ville a aussi l\u2019intention d\u2019installer un placard cadenass\u00e9 o\u00f9 le mat\u00e9riel du club pourra \u00eatre remis\u00e9 en toute s\u00e9curit\u00e9. Enfin, elle installera un syst\u00e8me de son int\u00e9gr\u00e9.<\/p>\n<p style=\"text-align: justify;\">Ces nouvelles ont r\u00e9joui les membres du conseil et tout particuli\u00e8rement Yvon Gaudreau qui, avec son \u00e9quipe, est responsable d\u2019organiser la salle pour la tenue des s\u00e9ances de pr\u00e9sentations. Le mandat de cette \u00e9quipe est de rendre nos rencontres agr\u00e9ables et d\u2019assurer la s\u00e9curit\u00e9 des participants. Cette \u00e9quipe est aussi responsable de pr\u00e9parer les rafra\u00eechissements offerts pendant la pause.<\/p>\n<p style=\"text-align: justify;\">On oublie trop souvent que certains travaillent dans l\u2019ombre pour nous. Soyons reconnaissants envers cette \u00e9quipe qui rend nos rencontres possibles. Yvon a tenu \u00e0 exprimer ses remerciements aux membres qui contribuent spontan\u00e9ment \u00e0 remettre la salle en ordre \u00e0 la fin des s\u00e9ances.<\/p>\n<p>Sylvie Mazur<br \/>\nSecr\u00e9taire du CIMBCC<\/p>\n","protected":false},"excerpt":{"rendered":"<p>\u00c0 sa r\u00e9union du 4\u00a0novembre, le conseil d\u2019administration a trait\u00e9 de plusieurs sujets ayant trait aux membres et aux b\u00e9n\u00e9voles. Avec d\u00e9j\u00e0 622\u00a0membres, le bon fonctionnement du club doit assurer la satisfaction et la s\u00e9curit\u00e9 de ses membres et des t\u00e2ches raisonnables aux b\u00e9n\u00e9voles.<\/p>\n","protected":false},"author":43,"featured_media":0,"comment_status":"open","ping_status":"closed","sticky":false,"template":"","format":"standard","meta":{"footnotes":""},"categories":[386],"tags":[233,231,232,692,126,946,594],"class_list":["post-10528","post","type-post","status-publish","format-standard","hentry","category-echos-du-conseil-dadministration","tag-assistance-a-domicile","tag-assistance-avant-les-seances","tag-assistance-par-courriel","tag-assurances","tag-benevoles","tag-cotisations","tag-membres"],"_links":{"self":[{"href":"https:\/\/cimbcc.org\/test2\/wp-json\/wp\/v2\/posts\/10528","targetHints":{"allow":["GET"]}}],"collection":[{"href":"https:\/\/cimbcc.org\/test2\/wp-json\/wp\/v2\/posts"}],"about":[{"href":"https:\/\/cimbcc.org\/test2\/wp-json\/wp\/v2\/types\/post"}],"author":[{"embeddable":true,"href":"https:\/\/cimbcc.org\/test2\/wp-json\/wp\/v2\/users\/43"}],"replies":[{"embeddable":true,"href":"https:\/\/cimbcc.org\/test2\/wp-json\/wp\/v2\/comments?post=10528"}],"version-history":[{"count":15,"href":"https:\/\/cimbcc.org\/test2\/wp-json\/wp\/v2\/posts\/10528\/revisions"}],"predecessor-version":[{"id":25360,"href":"https:\/\/cimbcc.org\/test2\/wp-json\/wp\/v2\/posts\/10528\/revisions\/25360"}],"wp:attachment":[{"href":"https:\/\/cimbcc.org\/test2\/wp-json\/wp\/v2\/media?parent=10528"}],"wp:term":[{"taxonomy":"category","embeddable":true,"href":"https:\/\/cimbcc.org\/test2\/wp-json\/wp\/v2\/categories?post=10528"},{"taxonomy":"post_tag","embeddable":true,"href":"https:\/\/cimbcc.org\/test2\/wp-json\/wp\/v2\/tags?post=10528"}],"curies":[{"name":"wp","href":"https:\/\/api.w.org\/{rel}","templated":true}]}}