{"id":10666,"date":"2014-12-04T06:00:10","date_gmt":"2014-12-04T11:00:10","guid":{"rendered":"https:\/\/cimbcc.org\/test2\/?p=10666"},"modified":"2023-10-16T22:16:09","modified_gmt":"2023-10-17T02:16:09","slug":"mot-du-president-decembre-2014","status":"publish","type":"post","link":"https:\/\/cimbcc.org\/test2\/mot-du-president-decembre-2014\/","title":{"rendered":"Mot du pr\u00e9sident &#8211; d\u00e9cembre 2014"},"content":{"rendered":"<figure id=\"attachment_23836\" aria-describedby=\"caption-attachment-23836\" style=\"width: 125px\" class=\"wp-caption aligncenter\"><img loading=\"lazy\" decoding=\"async\" class=\"size-full wp-image-23836\" src=\"https:\/\/cimbcc.org\/test2\/wp-content\/uploads\/photo_cote_rejean.jpg\" alt=\"\" width=\"125\" height=\"125\" \/><figcaption id=\"caption-attachment-23836\" class=\"wp-caption-text\"><span style=\"color: #ffffff;\">mmmm<\/span>R\u00e9jean C\u00f4t\u00e9<\/figcaption><\/figure>\n<h4>La tablette \u00e9lectronique<\/h4>\n<p style=\"text-align: justify;\">L\u2019apparition de la tablette \u00e9lectronique a litt\u00e9ralement r\u00e9volutionn\u00e9 le paysage informatique. Je vous disais derni\u00e8rement combien la tablette \u00e9lectronique \u00e9tait devenue populaire. Comme la p\u00e9riode des F\u00eates approche, pourquoi ne pas en offrir une \u00e0 un proche ou \u00e0 vous-m\u00eame comme cadeau de No\u00ebl? Elle est l\u00e9g\u00e8re et transportable partout (le format 7 pouces se glisse facilement dans un sac \u00e0 main ou dans la poche int\u00e9rieure d\u2019un manteau) et son utilisation est aussi tr\u00e8s conviviale.<\/p>\n<p><!--more--><\/p>\n<p style=\"text-align: justify;\">Les utilisateurs de 9 \u00e0 99\u00a0ans en raffoleront tous pour de nombreuses raisons. Une seule recharge peut durer plus de 12\u00a0heures et on n\u2019a qu\u2019\u00e0 laisser courir ses doigts sur l\u2019\u00e9cran pour naviguer sur Internet ou pour ouvrir ses courriels. Avec une tablette \u00e0 port\u00e9e de la main, on peut se connecter \u00e0 Internet gratuitement un peu partout, y compris dans les h\u00f4tels et dans les restaurants. De plus, vous serez surpris de la qualit\u00e9 des photos qui sont prises avec l\u2019appareil photo int\u00e9gr\u00e9.<\/p>\n<p style=\"text-align: justify;\">Des milliers d\u2019applications sont offertes \u00e0 bon prix et plusieurs d\u2019entre elles sont m\u00eame gratuites ainsi que certains journaux et certaines revues. Plusieurs biblioth\u00e8ques offrent maintenant des livres num\u00e9riques que vous pouvez t\u00e9l\u00e9charger et lire sur votre tablette.<\/p>\n<p style=\"text-align: justify;\">Avant d\u2019acheter une tablette, renseignez-vous aupr\u00e8s d\u2019un proche ou d\u2019un ami qui en poss\u00e8de d\u00e9j\u00e0 une. Pour vous aider \u00e0 vous y retrouver, consultez le magazine <em>Prot\u00e9gez-vous<\/em> et les chroniques technos de Fran\u00e7ois Charron o\u00f9 vous trouverez de pr\u00e9cieux conseils pour votre futur achat. Voir les liens \u00e0 la fin du texte. (Afin de mieux vous informer, regardez les vid\u00e9os sur le site de Fran\u00e7ois Charron.)<\/p>\n<p style=\"text-align: justify;\">Le choix n\u2019est pas n\u00e9cessairement facile \u00e0 faire, car on trouve actuellement trois syst\u00e8mes d\u2019exploitation diff\u00e9rents sur les diverses tablettes \u00e9lectroniques. Il y a l\u2019OS d\u2019Apple, l\u2019Android de Google et le Windows\u00a08.1\u00a0RT de Microsoft. Le plus populaire est l\u2019OS d\u2019Apple (iPad); il est plus cher, mais il semble avoir une longueur d\u2019avance sur les autres syst\u00e8mes. Prenez note qu\u2019une tablette de 18\u00a0cm (7\u00a0po) est plus facile \u00e0 transporter, mais un format de 25\u00a0cm (10\u00a0po) convient mieux pour la maison.<\/p>\n<p style=\"text-align: justify;\">Une tablette est un beau compl\u00e9ment \u00e0 un ordinateur. Elle peut faire plusieurs choses, mais elle n\u2019est pas aussi pratique qu\u2019un ordinateur pour accomplir certaines t\u00e2ches comme le maniement des photos, la cr\u00e9ation d\u2019un diaporama, le traitement de texte et la pr\u00e9paration d\u2019un document financier, pour ne nommer que celles-l\u00e0.<\/p>\n<p style=\"text-align: justify;\">L\u2019an pass\u00e9 et cet automne, le club a offert plusieurs ateliers sur l\u2019utilisation de la tablette, et il y en aura d\u2019autres \u00e0 l\u2019avenir. Apr\u00e8s votre achat, je vous recommande fortement de vous inscrire \u00e0 un ces ateliers offerts. Au premier abord, la tablette semble conviviale, mais il y a plusieurs \u00e9l\u00e9ments que l\u2019on doit conna\u00eetre afin de pouvoir en optimiser son utilisation et en tirer le plein potentiel. Je vous souhaite un bon magasinage.<\/p>\n<p style=\"text-align: justify;\">Plus de 150 personnes \u00e9taient pr\u00e9sentes au souper de No\u00ebl du club cette ann\u00e9e et les convives se sont bien r\u00e9gal\u00e9s et bien amus\u00e9s. Ce souper annuel est une belle occasion pour les membres du club de dialoguer et, par la m\u00eame occasion, de mieux se conna\u00eetre. Merci \u00e0 Walter Pearce et \u00e0 Louise Carrier pour l\u2019organisation de cette agr\u00e9able soir\u00e9e qui fut grandement appr\u00e9ci\u00e9e.<\/p>\n<p style=\"text-align: justify;\">Je souhaite aux membres du conseil d\u2019administration, aux b\u00e9n\u00e9voles et \u00e0 tous les membres du CIMBCC un joyeux temps des F\u00eates.<\/p>\n<p style=\"text-align: justify;\">Au plaisir de vous revoir en janvier prochain,<\/p>\n<p>R\u00e9jean C\u00f4t\u00e9, pr\u00e9sident<\/p>\n<p><a href=\"http:\/\/www.protegez-vous.ca\/technologie\/tablettes-electroniques-2012\/conseils-achat-tablettes-electroniques.html\" target=\"_blank\" rel=\"noopener\">Le magazine Prot\u00e9gez-vous<\/a><\/p>\n<p><a href=\"http:\/\/www.francoischarron.com\/les-tablettes-electroniques:-laquelle-acheter-et-comment-choisir-\/-\/0rKp3LOiFX\/\" target=\"_blank\" rel=\"noopener\">Les chroniques technos de Fran\u00e7ois Charron<\/a><\/p>\n","protected":false},"excerpt":{"rendered":"<p>La tablette \u00e9lectronique L\u2019apparition de la tablette \u00e9lectronique a litt\u00e9ralement r\u00e9volutionn\u00e9 le paysage informatique. Je vous disais derni\u00e8rement combien la tablette \u00e9lectronique \u00e9tait devenue populaire. Comme la p\u00e9riode des F\u00eates approche, pourquoi ne pas en offrir une \u00e0 un proche ou \u00e0 vous-m\u00eame comme cadeau de No\u00ebl? Elle est l\u00e9g\u00e8re et transportable partout (le format &hellip; <a href=\"https:\/\/cimbcc.org\/test2\/mot-du-president-decembre-2014\/\" class=\"more-link\">Continuer la lecture de <span class=\"screen-reader-text\">Mot du pr\u00e9sident &#8211; d\u00e9cembre 2014<\/span>  <span class=\"meta-nav\">&rarr;<\/span><\/a><\/p>\n","protected":false},"author":43,"featured_media":0,"comment_status":"open","ping_status":"closed","sticky":false,"template":"","format":"standard","meta":{"footnotes":""},"categories":[11],"tags":[105],"class_list":["post-10666","post","type-post","status-publish","format-standard","hentry","category-mots-du-president","tag-tablette"],"_links":{"self":[{"href":"https:\/\/cimbcc.org\/test2\/wp-json\/wp\/v2\/posts\/10666","targetHints":{"allow":["GET"]}}],"collection":[{"href":"https:\/\/cimbcc.org\/test2\/wp-json\/wp\/v2\/posts"}],"about":[{"href":"https:\/\/cimbcc.org\/test2\/wp-json\/wp\/v2\/types\/post"}],"author":[{"embeddable":true,"href":"https:\/\/cimbcc.org\/test2\/wp-json\/wp\/v2\/users\/43"}],"replies":[{"embeddable":true,"href":"https:\/\/cimbcc.org\/test2\/wp-json\/wp\/v2\/comments?post=10666"}],"version-history":[{"count":7,"href":"https:\/\/cimbcc.org\/test2\/wp-json\/wp\/v2\/posts\/10666\/revisions"}],"predecessor-version":[{"id":25353,"href":"https:\/\/cimbcc.org\/test2\/wp-json\/wp\/v2\/posts\/10666\/revisions\/25353"}],"wp:attachment":[{"href":"https:\/\/cimbcc.org\/test2\/wp-json\/wp\/v2\/media?parent=10666"}],"wp:term":[{"taxonomy":"category","embeddable":true,"href":"https:\/\/cimbcc.org\/test2\/wp-json\/wp\/v2\/categories?post=10666"},{"taxonomy":"post_tag","embeddable":true,"href":"https:\/\/cimbcc.org\/test2\/wp-json\/wp\/v2\/tags?post=10666"}],"curies":[{"name":"wp","href":"https:\/\/api.w.org\/{rel}","templated":true}]}}