{"id":10840,"date":"2014-12-16T06:00:16","date_gmt":"2014-12-16T11:00:16","guid":{"rendered":"https:\/\/cimbcc.org\/test2\/?p=10840"},"modified":"2023-10-16T22:16:09","modified_gmt":"2023-10-17T02:16:09","slug":"echos-du-conseil-dadministration-decembre-2014","status":"publish","type":"post","link":"https:\/\/cimbcc.org\/test2\/echos-du-conseil-dadministration-decembre-2014\/","title":{"rendered":"\u00c9chos du conseil d\u2019administration \u2013 d\u00e9cembre 2014"},"content":{"rendered":"<figure id=\"attachment_9425\" aria-describedby=\"caption-attachment-9425\" style=\"width: 550px\" class=\"wp-caption aligncenter\"><a href=\"https:\/\/cimbcc.org\/test2\/wp-content\/uploads\/photo_ca_2014_2015.jpg\"><img loading=\"lazy\" decoding=\"async\" class=\"size-full wp-image-9425\" src=\"https:\/\/cimbcc.org\/test2\/wp-content\/uploads\/photo_ca_2014_2015.jpg\" alt=\"photo_ca_2014_2015\" width=\"550\" height=\"170\" srcset=\"https:\/\/cimbcc.org\/test2\/wp-content\/uploads\/photo_ca_2014_2015.jpg 550w, https:\/\/cimbcc.org\/test2\/wp-content\/uploads\/photo_ca_2014_2015-300x92.jpg 300w\" sizes=\"auto, (max-width: 550px) 100vw, 550px\" \/><\/a><figcaption id=\"caption-attachment-9425\" class=\"wp-caption-text\">Rang\u00e9e du haut: R\u00e9jean Daigle, Jacques Lalibert\u00e9, Charles E. Blier, Walter Pearce. Rang\u00e9e du bas: Yvon Gaudreau, Danielle Charest Bourque, Sylvie Mazur, Berthe Demers, R\u00e9jean C\u00f4t\u00e9, Michel Gagn\u00e9 et Marie-Jos\u00e9 B\u00e2cle<\/figcaption><\/figure>\n<p style=\"text-align: justify;\">En cette derni\u00e8re r\u00e9union de l\u2019ann\u00e9e\u00a02014, le conseil a constat\u00e9 que, avec ses 634\u00a0membres, le club comptait d\u00e9j\u00e0 une cinquantaine de membres de plus qu\u2019\u00e0 pareille date l\u2019an dernier. Certains disent que notre club est le meilleur au Qu\u00e9bec. Si c\u2019est vrai, c\u2019est gr\u00e2ce \u00e0 la contribution de chacun et chacune et \u00e0 une participation remarquable des membres aux diff\u00e9rentes activit\u00e9s offertes.<\/p>\n<p><!--more--><\/p>\n<p style=\"text-align: justify;\">Les suggestions des membres sont toujours les bienvenues tout comme leurs offres de service. Ce mois-ci, le conseil a not\u00e9 que Denis\u00a0Charron s\u2019est propos\u00e9 pour animer un atelier sur l\u2019iPad au cours de l\u2019hiver qui vient. Yves\u00a0P\u00e9pin, qui a brillamment anim\u00e9 cet atelier au cours de l\u2019automne, lui assurera s\u00fbrement son soutien et pourra se consacrer \u00e0 un atelier de niveau interm\u00e9diaire. L\u2019atelier sur l\u2019iPad \u00e9tant tr\u00e8s populaire, le club a de la chance de pouvoir compter sur ces deux b\u00e9n\u00e9voles.<\/p>\n<p style=\"text-align: justify;\">Par ailleurs, les membres aux prises avec des difficult\u00e9s auditives seront heureux d\u2019apprendre que la Ville de Saint-Bruno nous a annonc\u00e9 qu\u2019elle int\u00e9grera le syst\u00e8me <em>D\u00e9cade<\/em> pour malentendants au syst\u00e8me de sonorisation qu\u2019elle installera bient\u00f4t au Chalet Marie-Victorin.<\/p>\n<h4 style=\"text-align: justify;\"><strong>Le site Web<\/strong><\/h4>\n<p style=\"text-align: justify;\">Le site officiel du club <a href=\"https:\/\/cimbcc.org\/test2\/\" target=\"_blank\" rel=\"noopener\">www.cimbcc.org<\/a> est g\u00e9r\u00e9 par une douzaine de webmestres b\u00e9n\u00e9voles coordonn\u00e9s par Marie-Jos\u00e9\u00a0B\u00e2cle. Tous les webmestres appliquent les r\u00e8gles de conduite convenues pour assurer la bonne gestion des sites et leur s\u00e9curit\u00e9. Les sites du club, l\u2019identit\u00e9 des webmestres et les principes de gestion \u00e0 respecter sont d\u00e9crits dans une fiche descriptive, alors que les d\u00e9tails op\u00e9rationnels reli\u00e9s aux responsabilit\u00e9s des webmestres sont int\u00e9gr\u00e9s au wiki du club.<\/p>\n<p style=\"text-align: justify;\">Le conseil d\u2019administration a approuv\u00e9 la fiche descriptive sur la gestion des sites Web ainsi que les orientations pr\u00e9sent\u00e9es par Marie-Jos\u00e9 B\u00e2cle\u00a0:<\/p>\n<ul style=\"text-align: justify;\">\n<li>am\u00e9liorer le processus d\u2019inscription aux ateliers \u00e0 partir d\u2019un formulaire affich\u00e9 sur le site Web;<\/li>\n<li>proc\u00e9der plus souvent \u00e0 des sondages \u00e9clair pour permettre aux membres d\u2019exprimer leurs opinions et leurs besoins;<\/li>\n<li>impliquer de nouvelles personnes dans la mise \u00e0 jour des pages du site ou du wiki pour initier le plus grand nombre possible de personnes \u00e0 la construction de sites et de wikis;<\/li>\n<li>recruter une personne pour compl\u00e9ter l\u2019\u00e9quipe des webmestres;<\/li>\n<li>ajouter une page o\u00f9 seront pr\u00e9sent\u00e9s les sites Web d\u00e9velopp\u00e9s par des membres du club;<\/li>\n<li>ajouter une page o\u00f9 seront pr\u00e9sent\u00e9s les clubs informatiques du Qu\u00e9bec;<\/li>\n<li>implanter un th\u00e8me adaptatif sur le site du club.<\/li>\n<\/ul>\n<p style=\"text-align: justify;\">Le conseil a exprim\u00e9 sa tr\u00e8s grande satisfaction \u00e0 l\u2019\u00e9gard des am\u00e9liorations remarquables qui ont \u00e9t\u00e9 apport\u00e9es au site Web. F\u00e9licitations \u00e0 Marie-Jos\u00e9 et aux webmestres!<\/p>\n<h4 style=\"text-align: justify;\"><strong>Gestion des ordinateurs et des \u00e9quipements du club<\/strong><\/h4>\n<p style=\"text-align: justify;\">Le club poss\u00e8de plusieurs ordinateurs ainsi que d\u2019autres \u00e9quipements qui sont utilis\u00e9s dans le cadre des activit\u00e9s du club. Yvon\u00a0Gaudreau en est le responsable et plusieurs b\u00e9n\u00e9voles y ont acc\u00e8s pour mener \u00e0 bien leurs activit\u00e9s. Yvon\u00a0Gaudreau en a pr\u00e9sent\u00e9 l\u2019inventaire dont il assure la mise \u00e0 jour. Il a aussi attest\u00e9 que ces \u00e9quipements servent exclusivement aux activit\u00e9s du club et que les r\u00e8gles de gestion du club sont respect\u00e9es par tous ceux qui les utilisent.<\/p>\n<h4 style=\"text-align: justify;\"><strong>Cotisations annuelles des membres<\/strong><\/h4>\n<p style=\"text-align: justify;\">Pour se conformer aux <em>R\u00e8glements g\u00e9n\u00e9raux du club <\/em>(<a href=\"https:\/\/cimbcc.org\/test2\/le-club-2\/reglements-du-club\" target=\"_blank\" rel=\"noopener\">https:\/\/cimbcc.org\/test2\/le-club-2\/reglements-du-club<\/a>), le conseil a modifi\u00e9 la p\u00e9riode de validit\u00e9 de la cotisation annuelle. Celle-ci couvre la p\u00e9riode du 1<sup>er<\/sup>\u00a0octobre au 30\u00a0septembre. Aucun autre changement n\u2019a \u00e9t\u00e9 apport\u00e9 \u00e0 ce qui avait \u00e9t\u00e9 d\u00e9cid\u00e9 en novembre, \u00e0 l\u2019exception du vocabulaire qui a \u00e9t\u00e9 ajust\u00e9 au contexte. Voir la page <em>Inscription<\/em>\u00a0: <a href=\"https:\/\/cimbcc.org\/test2\/le-club-2\/linscription\" target=\"_blank\" rel=\"noopener\">https:\/\/cimbcc.org\/test2\/le-club-2\/linscription<\/a>.<\/p>\n<h4 style=\"text-align: justify;\"><strong>\u00c0 l\u2019ann\u00e9e prochaine!<\/strong><\/h4>\n<p style=\"text-align: justify;\">Enfin, les membres du conseil ont fix\u00e9 les dates de leurs r\u00e9unions jusqu\u2019en d\u00e9cembre\u00a02015, ont d\u00e9cid\u00e9 de certains sujets \u00e0 traiter au cours des prochaines rencontres et ont constat\u00e9 que 156\u00a0personnes s\u2019\u00e9taient inscrites au souper de No\u00ebl, avant de se donner rendez-vous en janvier et de souhaiter de <strong><em>TR\u00c8S JOYEUSES F\u00caTES \u00c0 TOUS!<\/em><\/strong><\/p>\n","protected":false},"excerpt":{"rendered":"<p>En cette derni\u00e8re r\u00e9union de l\u2019ann\u00e9e\u00a02014, le conseil a constat\u00e9 que, avec ses 634\u00a0membres, le club comptait d\u00e9j\u00e0 une cinquantaine de membres de plus qu\u2019\u00e0 pareille date l\u2019an dernier. Certains disent que notre club est le meilleur au Qu\u00e9bec. Si c\u2019est vrai, c\u2019est gr\u00e2ce \u00e0 la contribution de chacun et chacune et \u00e0 une participation &hellip; <a href=\"https:\/\/cimbcc.org\/test2\/echos-du-conseil-dadministration-decembre-2014\/\" class=\"more-link\">Continuer la lecture de <span class=\"screen-reader-text\">\u00c9chos du conseil d\u2019administration \u2013 d\u00e9cembre 2014<\/span>  <span class=\"meta-nav\">&rarr;<\/span><\/a><\/p>\n","protected":false},"author":43,"featured_media":0,"comment_status":"open","ping_status":"closed","sticky":false,"template":"","format":"standard","meta":{"footnotes":""},"categories":[386],"tags":[946,401,594,909,105],"class_list":["post-10840","post","type-post","status-publish","format-standard","hentry","category-echos-du-conseil-dadministration","tag-cotisations","tag-decade","tag-membres","tag-outils-de-gestion","tag-tablette"],"_links":{"self":[{"href":"https:\/\/cimbcc.org\/test2\/wp-json\/wp\/v2\/posts\/10840","targetHints":{"allow":["GET"]}}],"collection":[{"href":"https:\/\/cimbcc.org\/test2\/wp-json\/wp\/v2\/posts"}],"about":[{"href":"https:\/\/cimbcc.org\/test2\/wp-json\/wp\/v2\/types\/post"}],"author":[{"embeddable":true,"href":"https:\/\/cimbcc.org\/test2\/wp-json\/wp\/v2\/users\/43"}],"replies":[{"embeddable":true,"href":"https:\/\/cimbcc.org\/test2\/wp-json\/wp\/v2\/comments?post=10840"}],"version-history":[{"count":9,"href":"https:\/\/cimbcc.org\/test2\/wp-json\/wp\/v2\/posts\/10840\/revisions"}],"predecessor-version":[{"id":25346,"href":"https:\/\/cimbcc.org\/test2\/wp-json\/wp\/v2\/posts\/10840\/revisions\/25346"}],"wp:attachment":[{"href":"https:\/\/cimbcc.org\/test2\/wp-json\/wp\/v2\/media?parent=10840"}],"wp:term":[{"taxonomy":"category","embeddable":true,"href":"https:\/\/cimbcc.org\/test2\/wp-json\/wp\/v2\/categories?post=10840"},{"taxonomy":"post_tag","embeddable":true,"href":"https:\/\/cimbcc.org\/test2\/wp-json\/wp\/v2\/tags?post=10840"}],"curies":[{"name":"wp","href":"https:\/\/api.w.org\/{rel}","templated":true}]}}