{"id":1089,"date":"2011-12-15T15:41:27","date_gmt":"2011-12-15T20:41:27","guid":{"rendered":"https:\/\/cimbcc.org\/test2\/?p=1089"},"modified":"2023-10-16T22:17:15","modified_gmt":"2023-10-17T02:17:15","slug":"editorial","status":"publish","type":"post","link":"https:\/\/cimbcc.org\/test2\/editorial\/","title":{"rendered":"\u00c9ditorial &#8211; d\u00e9cembre 2011"},"content":{"rendered":"<p style=\"text-align: center;\"><a href=\"https:\/\/cimbcc.org\/test2\/editorial-fevrier-2013\/photo-andre-charest-editorial-2\" rel=\"attachment wp-att-5376\"><img loading=\"lazy\" decoding=\"async\" class=\"aligncenter size-full wp-image-5376\" src=\"https:\/\/cimbcc.org\/test2\/wp-content\/uploads\/Photo-Andre-Charest-Editorial1.jpg\" alt=\"Photo-Andre-Charest-Editorial\" width=\"300\" height=\"82\" \/><\/a><\/p>\n<h4>Des livres comme cadeaux<\/h4>\n<p style=\"text-align: justify;\">Dans ma famille, le cadeau le plus populaire est un livre. Toutes les occasions de cadeaux sont bonnes pour donner des livres. J\u2019en donne \u00e0 mes fils et \u00e0 mes petits-enfants. J\u2019en re\u00e7ois aussi.<\/p>\n<p><!--more--><\/p>\n<p style=\"text-align: justify;\">Certains livres que je re\u00e7ois deviennent des livres de chevet. Je les lis en me couchant jusqu\u2019\u00e0 ce que le sommeil me gagne. Je les lis par bribes. Je dois parfois reprendre certains passages parce que la veille j\u2019\u00e9tais un peu trop somnolent quand je les ai lus.<\/p>\n<p style=\"text-align: justify;\">Mon livre de chevet de ce temps-ci est <em>Les 100 discours qui ont marqu\u00e9 le XX<sup>e<\/sup> si\u00e8cle<\/em> par Herv\u00e9 Broquet, Catherine Lanneau et Simon Petermann publi\u00e9 par Andr\u00e9 Versailles\u00a0\u00e9diteur. Il m\u2019a \u00e9t\u00e9 donn\u00e9 par un de mes fils.<\/p>\n<p style=\"text-align: justify;\">C\u2019est une brique de 800 pages. J\u2019en ai d\u00e9j\u00e0 lu la moiti\u00e9. Bribe par bribe, je vais finir par passer au travers. Je suis amateur d\u2019Histoire. Le livre m\u2019int\u00e9resse donc au plus haut point.<\/p>\n<p style=\"text-align: justify;\">Les discours, \u00e9videmment en fran\u00e7ais ou traduits en fran\u00e7ais, sont situ\u00e9s dans leur contexte historique pour une meilleure compr\u00e9hension.<\/p>\n<p style=\"text-align: justify;\">Je vais trahir mon \u00e2ge, mais mes souvenirs remontent aux derni\u00e8res ann\u00e9es de la Deuxi\u00e8me Guerre mondiale. Certains souvenirs du jeune enfant que j\u2019\u00e9tais \u00e0 l\u2019\u00e9poque sont encore bien ancr\u00e9s dans ma m\u00e9moire. C\u2019est sans doute pourquoi je trouve un grand int\u00e9r\u00eat aux discours des ann\u00e9es 30, 40 et 50.<\/p>\n<p style=\"text-align: justify;\">Un discours d\u2019Adolf Hitler, <em>L\u2019Allemagne a besoin de paix<\/em>, prononc\u00e9 en 1935 m\u2019a particuli\u00e8rement choqu\u00e9. Un pacifiste convaincu n\u2019aurait pas fait mieux. Hitler pr\u00eachait la paix en \u00e9voquant de solides arguments contre la guerre tout en la pr\u00e9parant. Il a\u00a0litt\u00e9ralement endormi plusieurs hommes politiques qui se sont r\u00e9veill\u00e9s trop tard. On est ahuri devant tant de duplicit\u00e9.<\/p>\n<p style=\"text-align: justify;\">Tous ces discours et les mises en contexte qui les accompagnent permettent au lecteur de voir des hommes politiques visionnaires, d\u00e9vou\u00e9s, probes et courageux, mais aussi des politiciens sans courage ou scrupule, des aveugles volontaires, des grands parleurs et petits faiseurs (comme disait ma m\u00e8re), des psychotiques, des m\u00e9galomanes, des corrompus, etc. Les choses ont-elles vraiment chang\u00e9?<\/p>\n<p style=\"text-align: justify;\">Devant un tel d\u00e9ploiement, j\u2019ai tendance \u00e0 r\u00e9fl\u00e9chir \u00e0 se qui passe de nos jours avec le prisme de l\u2019Histoire. Je vais m\u00eame plus loin et je pense \u00e0 notre club qui n\u2019est qu\u2019un microcosme de la soci\u00e9t\u00e9. Nos enjeux et moyens sont en comparaison insignifiants, m\u00eame d\u00e9risoires. Mais l\u2019homme est toujours l\u2019homme. Faisons-nous aussi preuve, \u00e0 notre \u00e9chelle, de vision, de d\u00e9vouement, de probit\u00e9 et de courage? Certainement. Mais la perfection n\u2019est le lot de personne. Demandons-nous si toutes nos actions sont bien impr\u00e9gn\u00e9es de ces grandes qualit\u00e9s. \u00c0 fr\u00e9quenter l\u2019Histoire, on apprend \u00e0 comprendre qui nous sommes et notre quotidien. Comme quoi la lecture de certains livres nous renseigne au plus haut point.<\/p>\n<p style=\"text-align: justify;\">Je continuerai \u00e0 donner des livres. Et je vais sans doute en recevoir d\u2019autres qui serviront \u00e0 aiguiser mon introspection et mon regard sur le monde (et aussi pour mon bonheur).<\/p>\n<p style=\"text-align: justify;\">No\u00ebl approche. Si vous manquez d\u2019id\u00e9es pour des cadeaux, visitez une librairie sur le Web ou en personne. Ce ne sont pas les bonnes id\u00e9es qui vont vous manquer.<\/p>\n<p style=\"text-align: justify;\">Meilleurs v\u0153ux de la saison!<\/p>\n<p style=\"text-align: justify;\">Andr\u00e9 Charest<\/p>\n","protected":false},"excerpt":{"rendered":"<p>Des livres comme cadeaux Dans ma famille, le cadeau le plus populaire est un livre. Toutes les occasions de cadeaux sont bonnes pour donner des livres. J\u2019en donne \u00e0 mes fils et \u00e0 mes petits-enfants. J\u2019en re\u00e7ois aussi.<\/p>\n","protected":false},"author":43,"featured_media":0,"comment_status":"closed","ping_status":"closed","sticky":false,"template":"","format":"standard","meta":{"footnotes":""},"categories":[8],"tags":[315,144,52],"class_list":["post-1089","post","type-post","status-publish","format-standard","hentry","category-editoriaux","tag-cadeaux","tag-histoire","tag-livres-physiques"],"_links":{"self":[{"href":"https:\/\/cimbcc.org\/test2\/wp-json\/wp\/v2\/posts\/1089","targetHints":{"allow":["GET"]}}],"collection":[{"href":"https:\/\/cimbcc.org\/test2\/wp-json\/wp\/v2\/posts"}],"about":[{"href":"https:\/\/cimbcc.org\/test2\/wp-json\/wp\/v2\/types\/post"}],"author":[{"embeddable":true,"href":"https:\/\/cimbcc.org\/test2\/wp-json\/wp\/v2\/users\/43"}],"replies":[{"embeddable":true,"href":"https:\/\/cimbcc.org\/test2\/wp-json\/wp\/v2\/comments?post=1089"}],"version-history":[{"count":19,"href":"https:\/\/cimbcc.org\/test2\/wp-json\/wp\/v2\/posts\/1089\/revisions"}],"predecessor-version":[{"id":25931,"href":"https:\/\/cimbcc.org\/test2\/wp-json\/wp\/v2\/posts\/1089\/revisions\/25931"}],"wp:attachment":[{"href":"https:\/\/cimbcc.org\/test2\/wp-json\/wp\/v2\/media?parent=1089"}],"wp:term":[{"taxonomy":"category","embeddable":true,"href":"https:\/\/cimbcc.org\/test2\/wp-json\/wp\/v2\/categories?post=1089"},{"taxonomy":"post_tag","embeddable":true,"href":"https:\/\/cimbcc.org\/test2\/wp-json\/wp\/v2\/tags?post=1089"}],"curies":[{"name":"wp","href":"https:\/\/api.w.org\/{rel}","templated":true}]}}