{"id":11022,"date":"2015-01-20T06:00:21","date_gmt":"2015-01-20T11:00:21","guid":{"rendered":"https:\/\/cimbcc.org\/test2\/?p=11022"},"modified":"2023-10-16T22:16:09","modified_gmt":"2023-10-17T02:16:09","slug":"echos-du-conseil-dadministration-6-janvier-2015","status":"publish","type":"post","link":"https:\/\/cimbcc.org\/test2\/echos-du-conseil-dadministration-6-janvier-2015\/","title":{"rendered":"\u00c9chos du conseil d\u2019administration \u2013 6 janvier 2015"},"content":{"rendered":"<figure id=\"attachment_9425\" aria-describedby=\"caption-attachment-9425\" style=\"width: 550px\" class=\"wp-caption aligncenter\"><a href=\"https:\/\/cimbcc.org\/test2\/wp-content\/uploads\/photo_ca_2014_2015.jpg\"><img loading=\"lazy\" decoding=\"async\" class=\"wp-image-9425 size-full\" src=\"https:\/\/cimbcc.org\/test2\/wp-content\/uploads\/photo_ca_2014_2015.jpg\" alt=\"photo_ca_2014_2015\" width=\"550\" height=\"170\" srcset=\"https:\/\/cimbcc.org\/test2\/wp-content\/uploads\/photo_ca_2014_2015.jpg 550w, https:\/\/cimbcc.org\/test2\/wp-content\/uploads\/photo_ca_2014_2015-300x92.jpg 300w\" sizes=\"auto, (max-width: 550px) 100vw, 550px\" \/><\/a><figcaption id=\"caption-attachment-9425\" class=\"wp-caption-text\">Rang\u00e9e du haut: R\u00e9jean Daigle, Jacques Lalibert\u00e9, Charles E. Blier, Walter Pearce. Rang\u00e9e du bas: Yvon Gaudreau, Danielle Charest Bourque, Sylvie Mazur, Berthe Demers, R\u00e9jean C\u00f4t\u00e9, Michel Gagn\u00e9 et Marie-Jos\u00e9 B\u00e2cle<\/figcaption><\/figure>\n<p style=\"text-align: justify;\">Apr\u00e8s l\u2019\u00e9change usuel de v\u0153ux de bonne ann\u00e9e, les membres du conseil d\u2019administration ont pris connaissance et accept\u00e9 la proposition d\u2019assurance pr\u00e9sent\u00e9e par notre tr\u00e9sorier.<\/p>\n<p style=\"text-align: justify;\">Le club adh\u00e8re ainsi au programme d\u2019assurance de dommage offerte aux organismes \u00e0 but non lucratif parrain\u00e9 par l\u2019Union des municipalit\u00e9s du Qu\u00e9bec. L\u2019assureur pr\u00e9c\u00e9dent a \u00e9t\u00e9 avis\u00e9 que le club ne renouvelait pas son contrat. Ce changement d\u2019assureur repr\u00e9sente une \u00e9conomie substantielle pour le club.<\/p>\n<p style=\"text-align: justify;\"><!--more--><\/p>\n<p style=\"text-align: justify;\">Walter Pearce a aussi fait le point sur les co\u00fbts du souper de No\u00ebl. Cet \u00e9v\u00e9nement a r\u00e9uni 158\u00a0personnes et a co\u00fbt\u00e9 7\u00a0239\u00a0$. Le club a assum\u00e9 la diff\u00e9rence de 2\u00a0881\u00a0$ entre, d\u2019une part, les co\u00fbts et, d\u2019autre part, les revenus g\u00e9n\u00e9r\u00e9s par la vente des billets et des consommations. La situation financi\u00e8re du club \u00e9tant confortable, cette contribution aux co\u00fbts du souper n\u2019est pas pr\u00e9occupante. Walter Pearce a toutefois constat\u00e9 que les co\u00fbts augmentent d\u2019ann\u00e9e en ann\u00e9e et il a annonc\u00e9 qu\u2019il proposera en temps et lieu de revoir les \u00e9l\u00e9ments du projet de l\u2019an prochain.<\/p>\n<p style=\"text-align: justify;\">Quelques membres se sont ajout\u00e9s en d\u00e9cembre. Leur total au d\u00e9but de janvier a atteint 641\u00a0personnes. Danielle Bourque a de plus annonc\u00e9 qu\u2019elle a l\u2019intention de proposer \u00e0 C\u00e9line Dion d\u2019assumer la responsabilit\u00e9 du registre des membres. Au cours des derniers mois, elle l\u2019a initi\u00e9 aux diff\u00e9rentes t\u00e2ches n\u00e9cessit\u00e9es par la gestion du registre. Elle juge que C\u00e9line Dion est maintenant pr\u00eate \u00e0 prendre la rel\u00e8ve. Danielle Bourque sera toutefois toujours disponible pour la soutenir dans ces t\u00e2ches.<\/p>\n<p style=\"text-align: justify;\">Le serveur qui h\u00e9berge notre site Internet int\u00e8gre un programme qui permet de cr\u00e9er des listes de diffusion partag\u00e9es. Michel Gagn\u00e9 a annonc\u00e9 au conseil qu\u2019une telle liste sera cr\u00e9\u00e9e pour les membres du conseil d\u2019administration. Celle-ci sera toujours \u00e0 jour et \u00e9vitera \u00e0 chacun des membres du conseil de cr\u00e9er sa propre liste d\u2019envoi pour les courriels destin\u00e9s \u00e0 l\u2019ensemble du conseil.<\/p>\n<p style=\"text-align: justify;\">La pi\u00e8tre qualit\u00e9 du r\u00e9seau Internet en place au Centre communautaire a fait l\u2019objet d\u2019un \u00e9change d\u2019information. Ainsi, lorsqu&rsquo;une dizaine de personnes participant \u00e0 un atelier veulent se connecter au r\u00e9seau en m\u00eame temps, celui-ci flanche et rend tr\u00e8s difficile la suite de l\u2019atelier. Walter Pearce s\u2019est propos\u00e9 pour communiquer avec les responsables de la Ville afin de leur faire part de nos besoins et des difficult\u00e9s rencontr\u00e9es. Cette d\u00e9marche a \u00e9videmment pour but de trouver une solution \u00e0 ce probl\u00e8me que le club est peut-\u00eatre le seul \u00e0 vivre r\u00e9guli\u00e8rement.<\/p>\n<p style=\"text-align: justify;\">Les activit\u00e9s du club font p\u00e9riodiquement l\u2019objet d\u2019une r\u00e9vision. \u00c0 la r\u00e9union de janvier, c\u2019\u00e9tait le tour de la gestion de l\u2019information sur les b\u00e9n\u00e9voles sous la responsabilit\u00e9 de Yolande Beaudry. Le conseil a soulign\u00e9 l\u2019excellent travail de Yolande et souhaite que cette activit\u00e9 soit maintenue telle quelle. La gestion de l\u2019information sur les b\u00e9n\u00e9voles \u00e9tant tributaire des renseignements fournis par les responsables des diff\u00e9rentes activit\u00e9s du club, chacun est invit\u00e9 \u00e0 faire preuve de pr\u00e9cision dans ses communications et \u00e0 signaler tout changement avec diligence.<\/p>\n<p style=\"text-align: justify;\">Les activit\u00e9s sociales ont aussi \u00e9t\u00e9 examin\u00e9es et reconduites. Tout comme Walter Pearce, le conseil a manifest\u00e9 sa tr\u00e8s grande satisfaction \u00e0 l\u2019\u00e9gard de la contribution de Louise Carrier qui partage avec Walter la responsabilit\u00e9 de ces activit\u00e9s appr\u00e9ci\u00e9es par les membres.<\/p>\n<p style=\"text-align: justify;\">Enfin, Jacques Lalibert\u00e9 a rappel\u00e9 les principes adopt\u00e9s par le conseil pour s\u2019assurer de la neutralit\u00e9 commerciale du club. Le conseil a conclu qu\u2019aucun changement n\u2019est n\u00e9cessaire \u00e0 la fiche de r\u00e9f\u00e9rence qui les consigne parce que les pratiques en cours au club sont conformes \u00e0 ces principes.<\/p>\n","protected":false},"excerpt":{"rendered":"<p>Apr\u00e8s l\u2019\u00e9change usuel de v\u0153ux de bonne ann\u00e9e, les membres du conseil d\u2019administration ont pris connaissance et accept\u00e9 la proposition d\u2019assurance pr\u00e9sent\u00e9e par notre tr\u00e9sorier. Le club adh\u00e8re ainsi au programme d\u2019assurance de dommage offerte aux organismes \u00e0 but non lucratif parrain\u00e9 par l\u2019Union des municipalit\u00e9s du Qu\u00e9bec. L\u2019assureur pr\u00e9c\u00e9dent a \u00e9t\u00e9 avis\u00e9 que le &hellip; <a href=\"https:\/\/cimbcc.org\/test2\/echos-du-conseil-dadministration-6-janvier-2015\/\" class=\"more-link\">Continuer la lecture de <span class=\"screen-reader-text\">\u00c9chos du conseil d\u2019administration \u2013 6 janvier 2015<\/span>  <span class=\"meta-nav\">&rarr;<\/span><\/a><\/p>\n","protected":false},"author":43,"featured_media":0,"comment_status":"open","ping_status":"closed","sticky":false,"template":"","format":"standard","meta":{"footnotes":""},"categories":[386],"tags":[737,692,945,944,594,426],"class_list":["post-11022","post","type-post","status-publish","format-standard","hentry","category-echos-du-conseil-dadministration","tag-activites-sociales","tag-assurances","tag-centre-communautaire","tag-liste-de-diffusion","tag-membres","tag-neutralite"],"_links":{"self":[{"href":"https:\/\/cimbcc.org\/test2\/wp-json\/wp\/v2\/posts\/11022","targetHints":{"allow":["GET"]}}],"collection":[{"href":"https:\/\/cimbcc.org\/test2\/wp-json\/wp\/v2\/posts"}],"about":[{"href":"https:\/\/cimbcc.org\/test2\/wp-json\/wp\/v2\/types\/post"}],"author":[{"embeddable":true,"href":"https:\/\/cimbcc.org\/test2\/wp-json\/wp\/v2\/users\/43"}],"replies":[{"embeddable":true,"href":"https:\/\/cimbcc.org\/test2\/wp-json\/wp\/v2\/comments?post=11022"}],"version-history":[{"count":8,"href":"https:\/\/cimbcc.org\/test2\/wp-json\/wp\/v2\/posts\/11022\/revisions"}],"predecessor-version":[{"id":25336,"href":"https:\/\/cimbcc.org\/test2\/wp-json\/wp\/v2\/posts\/11022\/revisions\/25336"}],"wp:attachment":[{"href":"https:\/\/cimbcc.org\/test2\/wp-json\/wp\/v2\/media?parent=11022"}],"wp:term":[{"taxonomy":"category","embeddable":true,"href":"https:\/\/cimbcc.org\/test2\/wp-json\/wp\/v2\/categories?post=11022"},{"taxonomy":"post_tag","embeddable":true,"href":"https:\/\/cimbcc.org\/test2\/wp-json\/wp\/v2\/tags?post=11022"}],"curies":[{"name":"wp","href":"https:\/\/api.w.org\/{rel}","templated":true}]}}