{"id":1127,"date":"2011-12-24T08:00:05","date_gmt":"2011-12-24T13:00:05","guid":{"rendered":"https:\/\/cimbcc.org\/test2\/?p=1127"},"modified":"2023-10-16T22:17:15","modified_gmt":"2023-10-17T02:17:15","slug":"echos-du-comite-de-direction","status":"publish","type":"post","link":"https:\/\/cimbcc.org\/test2\/echos-du-comite-de-direction\/","title":{"rendered":"\u00c9chos du Comit\u00e9 de direction &#8211; d\u00e9cembre 2011"},"content":{"rendered":"<h5><\/h5>\n<figure id=\"attachment_5745\" aria-describedby=\"caption-attachment-5745\" style=\"width: 320px\" class=\"wp-caption aligncenter\"><img loading=\"lazy\" decoding=\"async\" class=\"size-full wp-image-5745\" src=\"https:\/\/cimbcc.org\/test2\/wp-content\/uploads\/Photo-Du-CA-2011-2012.jpg\" alt=\"\" width=\"320\" height=\"85\" srcset=\"https:\/\/cimbcc.org\/test2\/wp-content\/uploads\/Photo-Du-CA-2011-2012.jpg 320w, https:\/\/cimbcc.org\/test2\/wp-content\/uploads\/Photo-Du-CA-2011-2012-300x79.jpg 300w\" sizes=\"auto, (max-width: 320px) 100vw, 320px\" \/><figcaption id=\"caption-attachment-5745\" class=\"wp-caption-text\">De gauche \u00e0 droite : Yvon Gaudreau, Roch Lafrance, Francine Desrosiers, R\u00e9jean C\u00f4t\u00e9, Annick Ledur, R\u00e9jean Daigle, Denis Dulude, Carmen Gamache, Andr\u00e9 Charest, Danielle Bourque et Michel Gagn\u00e9. Absent au moment de la prise de la photo, Walter Pearce.<\/figcaption><\/figure>\n<p style=\"text-align: justify;\">La derni\u00e8re r\u00e9union du Comit\u00e9 de direction a eu lieu le 1<sup>er\u00a0<\/sup>novembre.<\/p>\n<p style=\"text-align: justify;\">Plusieurs membres du Comit\u00e9 de direction ont suivi en octobre un cours sur les <em>R\u00f4les et\u00a0responsabilit\u00e9s du conseil d\u2019administration dans un organisme \u00e0 but non lucratif.<\/em> Ce cours est fourni par la Corporation de d\u00e9veloppement communautaire de Longueuil. Un groupe encore plus nombreux a assist\u00e9 \u00e0 une pr\u00e9sentation sur les aspects l\u00e9gaux des organismes \u00e0 but non lucratif donn\u00e9e par un avocat.<\/p>\n<p style=\"text-align: justify;\"><!--more--><\/p>\n<p style=\"text-align: justify;\">Les participants ont trouv\u00e9 le cours et la pr\u00e9sentation des plus int\u00e9ressants. Les connaissances acquises serviront \u00e0 doter le club d\u2019une r\u00e9glementation et de proc\u00e9dures plus ad\u00e9quates. Un sous-comit\u00e9 va se pencher sur la question.<\/p>\n<p style=\"text-align: justify;\">Andr\u00e9 Charest a d\u00e9pos\u00e9 son rapport sur le processus de renouvellement des cotisations et de recrutement. Au 15 octobre, le nombre de membres en r\u00e8gle cette ann\u00e9e \u00e9tait l\u00e9g\u00e8rement sup\u00e9rieur \u00e0 celui de l\u2019an pass\u00e9, soit de 4\u00a0%. Le rapport contient un plan d\u2019action assez fourni pour faire mieux l\u2019an prochain. Danielle Charest Bourque a quant \u00e0 elle comment\u00e9 tout le processus dont elle a assum\u00e9 la plus grande partie. Le comit\u00e9 a vot\u00e9 une r\u00e9solution pour remercier les 15 b\u00e9n\u00e9voles qui ont particip\u00e9 au processus.<\/p>\n<p style=\"text-align: justify;\">Le comit\u00e9 a ensuite vot\u00e9 une r\u00e9solution pour appuyer la candidature des villes de Saint-Bruno, Boucherville, Longueuil et Saint-Lambert pour l\u2019obtention de la Finale des Jeux du Qu\u00e9bec en 2014. Le vote de la r\u00e9solution a \u00e9t\u00e9 rendu possible par suite d\u2019un petit sondage aupr\u00e8s des membres. [Une copie de la r\u00e9solution a \u00e9t\u00e9 envoy\u00e9e le lendemain par notre\u00a0pr\u00e9sident au Maire de Saint-Bruno, Monsieur Claude Benjamin.]<\/p>\n<p style=\"text-align: justify;\">Walter Pearce a ensuite parl\u00e9 des d\u00e9tails du souper de No\u00ebl du club qu\u2019il pr\u00e9pare pour le 7 d\u00e9cembre. Il a d\u00e9voil\u00e9 la surprise qu\u2019il r\u00e9serve aux participants durant le repas. Mais c\u2019est une surprise; je ne peux donc pas en parler ici. [Pour conna\u00eetre la surprise, il faut venir au souper.]<\/p>\n<p style=\"text-align: justify;\">Walter a continu\u00e9 en d\u00e9voilant ses r\u00e9flexions sur les activit\u00e9s sociales du club et les orientations qu\u2019il pr\u00e9voit. Sa principale collaboratrice est Gis\u00e8le Massicotte. Notre club n\u2019est pas un club social et en cons\u00e9quence il n\u2019y a pas lieu d\u2019augmenter le nombre de nos activit\u00e9s sociales. Cela ne nous emp\u00eache pas de souligner certaines occasions lorsqu&rsquo;elles se pr\u00e9sentent.<\/p>\n<p style=\"text-align: justify;\">Andr\u00e9 Charest a fait la m\u00eame chose pour le <em>CHIP<\/em>. Il a d\u00e9crit un changement majeur qui touchera \u00e0 la fois le <em>CHIP<\/em> et le site du club bient\u00f4t. Par ce changement, le club entrera dans l\u2019\u00e8re du Web 2. Michel Gagn\u00e9, Jean Presne et Andr\u00e9 Charest seront les artisans de ce\u00a0changement.<\/p>\n<p style=\"text-align: justify;\">Francine Desrosiers a quant \u00e0 elle donn\u00e9 ses r\u00e9flexions sur nos communications externes dont elle est responsable. Elle a insist\u00e9 sur l\u2019importance des journaux locaux dans le recrutement et parl\u00e9 des changements au <em>Journal de Saint-Bruno<\/em> concernant la publication de nos communiqu\u00e9s. Son intervention a \u00e9t\u00e9 l\u2019occasion d\u2019insister aupr\u00e8s des pr\u00e9sentateurs pour qu\u2019ils fournissent plus t\u00f4t les descriptifs de leur pr\u00e9sentation qu\u2019Huguette Girard place sur le site du club (<strong>D\u00e9tails sur les prochaines pr\u00e9sentations<\/strong>).<\/p>\n<p style=\"text-align: justify;\">La prochaine r\u00e9union du comit\u00e9 aura lieu le 6 d\u00e9cembre.<\/p>\n<p style=\"text-align: justify;\">Andr\u00e9 Charest<\/p>\n","protected":false},"excerpt":{"rendered":"<p>La derni\u00e8re r\u00e9union du Comit\u00e9 de direction a eu lieu le 1er\u00a0novembre. Plusieurs membres du Comit\u00e9 de direction ont suivi en octobre un cours sur les R\u00f4les et\u00a0responsabilit\u00e9s du conseil d\u2019administration dans un organisme \u00e0 but non lucratif. Ce cours est fourni par la Corporation de d\u00e9veloppement communautaire de Longueuil. Un groupe encore plus nombreux &hellip; <a href=\"https:\/\/cimbcc.org\/test2\/echos-du-comite-de-direction\/\" class=\"more-link\">Continuer la lecture de <span class=\"screen-reader-text\">\u00c9chos du Comit\u00e9 de direction &#8211; d\u00e9cembre 2011<\/span>  <span class=\"meta-nav\">&rarr;<\/span><\/a><\/p>\n","protected":false},"author":43,"featured_media":0,"comment_status":"closed","ping_status":"closed","sticky":false,"template":"","format":"standard","meta":{"footnotes":""},"categories":[386],"tags":[737,951,246,341,946],"class_list":["post-1127","post","type-post","status-publish","format-standard","hentry","category-echos-du-conseil-dadministration","tag-activites-sociales","tag-aspects-legaux","tag-chip","tag-communications","tag-cotisations"],"_links":{"self":[{"href":"https:\/\/cimbcc.org\/test2\/wp-json\/wp\/v2\/posts\/1127","targetHints":{"allow":["GET"]}}],"collection":[{"href":"https:\/\/cimbcc.org\/test2\/wp-json\/wp\/v2\/posts"}],"about":[{"href":"https:\/\/cimbcc.org\/test2\/wp-json\/wp\/v2\/types\/post"}],"author":[{"embeddable":true,"href":"https:\/\/cimbcc.org\/test2\/wp-json\/wp\/v2\/users\/43"}],"replies":[{"embeddable":true,"href":"https:\/\/cimbcc.org\/test2\/wp-json\/wp\/v2\/comments?post=1127"}],"version-history":[{"count":28,"href":"https:\/\/cimbcc.org\/test2\/wp-json\/wp\/v2\/posts\/1127\/revisions"}],"predecessor-version":[{"id":25926,"href":"https:\/\/cimbcc.org\/test2\/wp-json\/wp\/v2\/posts\/1127\/revisions\/25926"}],"wp:attachment":[{"href":"https:\/\/cimbcc.org\/test2\/wp-json\/wp\/v2\/media?parent=1127"}],"wp:term":[{"taxonomy":"category","embeddable":true,"href":"https:\/\/cimbcc.org\/test2\/wp-json\/wp\/v2\/categories?post=1127"},{"taxonomy":"post_tag","embeddable":true,"href":"https:\/\/cimbcc.org\/test2\/wp-json\/wp\/v2\/tags?post=1127"}],"curies":[{"name":"wp","href":"https:\/\/api.w.org\/{rel}","templated":true}]}}