{"id":11362,"date":"2015-03-26T05:00:32","date_gmt":"2015-03-26T09:00:32","guid":{"rendered":"https:\/\/cimbcc.org\/test2\/?p=11362"},"modified":"2023-10-16T22:16:08","modified_gmt":"2023-10-17T02:16:08","slug":"article-du-web-mars-2015","status":"publish","type":"post","link":"https:\/\/cimbcc.org\/test2\/article-du-web-mars-2015\/","title":{"rendered":"Chronique de Jean-Philippe Jacquet &#8211; mars 2015"},"content":{"rendered":"<figure id=\"attachment_25229\" aria-describedby=\"caption-attachment-25229\" style=\"width: 125px\" class=\"wp-caption aligncenter\"><img loading=\"lazy\" decoding=\"async\" class=\"size-full wp-image-25229\" src=\"https:\/\/cimbcc.org\/test2\/wp-content\/uploads\/photo_jacquet_jean_philippe.jpg\" alt=\"\" width=\"125\" height=\"125\" \/><figcaption id=\"caption-attachment-25229\" class=\"wp-caption-text\"><span style=\"color: #ffffff;\">n<\/span>Jean-Philippe Jacquet<\/figcaption><\/figure>\n<p style=\"text-align: justify;\">\u00ab\u00a0Achat local et achat en ligne ne vont pas de pair au Qu\u00e9bec.\u00a0\u00bb L&rsquo;organisme qu\u00e9b\u00e9cois CEFRIO affirme que les d\u00e9penses en ligne des qu\u00e9b\u00e9cois interviennent pour des achats effectu\u00e9s en majorit\u00e9 sur des sites internet hors Qu\u00e9bec.<!--more--><\/p>\n<p style=\"text-align: justify;\">Seulement 25% des dollars d\u00e9pens\u00e9s le sont\u00a0sur des sites qu\u00e9b\u00e9cois. Cette situation avait d\u00e9j\u00e0 \u00e9t\u00e9 constat\u00e9e en mars 2014, et il appara\u00eet qu&rsquo;il n&rsquo;y a pas d&rsquo;\u00e9volution, le commerce transfrontalier est toujours pr\u00e9dominant&#8230;..<\/p>\n<p>Le lien est le suivant :<br \/>\n<a href=\"http:\/\/www.directioninformatique.com\/achat-local-et-achat-en-ligne-ne-vont-pas-de-pair-au-quebec\/34338?utm_source=4538322&amp;utm_medium=CDN&amp;utm_campaign=cdnnews%27,%27\" target=\"_blank\" rel=\"noopener\">http:\/\/www.directioninformatique.com\/achat-local-et-achat-en-ligne-ne-vont-pas-de-pair-au-quebec\/34338?utm_source=4538322&amp;utm_medium=CDN&amp;utm_campaign=cdnnews%27,%27<\/a><\/p>\n<p>Jean-Philippe Jacquet<\/p>\n<p>&nbsp;<\/p>\n","protected":false},"excerpt":{"rendered":"<p>\u00ab\u00a0Achat local et achat en ligne ne vont pas de pair au Qu\u00e9bec.\u00a0\u00bb L&rsquo;organisme qu\u00e9b\u00e9cois CEFRIO affirme que les d\u00e9penses en ligne des qu\u00e9b\u00e9cois interviennent pour des achats effectu\u00e9s en majorit\u00e9 sur des sites internet hors Qu\u00e9bec.<\/p>\n","protected":false},"author":43,"featured_media":0,"comment_status":"open","ping_status":"closed","sticky":false,"template":"","format":"standard","meta":{"footnotes":""},"categories":[9],"tags":[67,68,321],"class_list":["post-11362","post","type-post","status-publish","format-standard","hentry","category-direction-informatique-toms-hardware","tag-achat-en-ligne","tag-achat-local","tag-cefrio"],"_links":{"self":[{"href":"https:\/\/cimbcc.org\/test2\/wp-json\/wp\/v2\/posts\/11362","targetHints":{"allow":["GET"]}}],"collection":[{"href":"https:\/\/cimbcc.org\/test2\/wp-json\/wp\/v2\/posts"}],"about":[{"href":"https:\/\/cimbcc.org\/test2\/wp-json\/wp\/v2\/types\/post"}],"author":[{"embeddable":true,"href":"https:\/\/cimbcc.org\/test2\/wp-json\/wp\/v2\/users\/43"}],"replies":[{"embeddable":true,"href":"https:\/\/cimbcc.org\/test2\/wp-json\/wp\/v2\/comments?post=11362"}],"version-history":[{"count":13,"href":"https:\/\/cimbcc.org\/test2\/wp-json\/wp\/v2\/posts\/11362\/revisions"}],"predecessor-version":[{"id":25280,"href":"https:\/\/cimbcc.org\/test2\/wp-json\/wp\/v2\/posts\/11362\/revisions\/25280"}],"wp:attachment":[{"href":"https:\/\/cimbcc.org\/test2\/wp-json\/wp\/v2\/media?parent=11362"}],"wp:term":[{"taxonomy":"category","embeddable":true,"href":"https:\/\/cimbcc.org\/test2\/wp-json\/wp\/v2\/categories?post=11362"},{"taxonomy":"post_tag","embeddable":true,"href":"https:\/\/cimbcc.org\/test2\/wp-json\/wp\/v2\/tags?post=11362"}],"curies":[{"name":"wp","href":"https:\/\/api.w.org\/{rel}","templated":true}]}}