{"id":11368,"date":"2015-03-24T05:00:09","date_gmt":"2015-03-24T09:00:09","guid":{"rendered":"https:\/\/cimbcc.org\/test2\/?p=11368"},"modified":"2023-10-16T22:16:08","modified_gmt":"2023-10-17T02:16:08","slug":"echos-du-conseil-dadministration-10-mars-2015","status":"publish","type":"post","link":"https:\/\/cimbcc.org\/test2\/echos-du-conseil-dadministration-10-mars-2015\/","title":{"rendered":"\u00c9chos du conseil d\u2019administration \u2013 10 mars 2015"},"content":{"rendered":"<figure id=\"attachment_9425\" aria-describedby=\"caption-attachment-9425\" style=\"width: 550px\" class=\"wp-caption aligncenter\"><a href=\"https:\/\/cimbcc.org\/test2\/wp-content\/uploads\/photo_ca_2014_2015.jpg\"><img loading=\"lazy\" decoding=\"async\" class=\"size-full wp-image-9425\" src=\"https:\/\/cimbcc.org\/test2\/wp-content\/uploads\/photo_ca_2014_2015.jpg\" alt=\"photo_ca_2014_2015\" width=\"550\" height=\"170\" srcset=\"https:\/\/cimbcc.org\/test2\/wp-content\/uploads\/photo_ca_2014_2015.jpg 550w, https:\/\/cimbcc.org\/test2\/wp-content\/uploads\/photo_ca_2014_2015-300x92.jpg 300w\" sizes=\"auto, (max-width: 550px) 100vw, 550px\" \/><\/a><figcaption id=\"caption-attachment-9425\" class=\"wp-caption-text\">Rang\u00e9e du haut: R\u00e9jean Daigle, Jacques Lalibert\u00e9, Charles E. Blier, Walter Pearce. Rang\u00e9e du bas: Yvon Gaudreau, Danielle Charest Bourque, Sylvie Mazur, Berthe Demers, R\u00e9jean C\u00f4t\u00e9, Michel Gagn\u00e9 et Marie-Jos\u00e9 B\u00e2cle<\/figcaption><\/figure>\n<p style=\"text-align: justify;\">\u00c0 sa r\u00e9union du 10 mars dernier, le conseil d\u2019administration a trait\u00e9 de deux sujets majeurs\u00a0: la pr\u00e9paration de la prochaine assembl\u00e9e g\u00e9n\u00e9rale annuelle et la lecture des articles du CHIP.<\/p>\n<h6 style=\"text-align: justify;\"><strong>Pr\u00e9paration de l\u2019assembl\u00e9e g\u00e9n\u00e9rale annuelle du 15 avril 2015<\/strong><\/h6>\n<p style=\"text-align: justify;\">Le conseil d\u2019administration a donn\u00e9 son aval au projet d\u2019avis de convocation de l\u2019assembl\u00e9e g\u00e9n\u00e9rale ainsi qu\u2019au projet de planification qui lui ont \u00e9t\u00e9 pr\u00e9sent\u00e9s par la secr\u00e9taire. Le projet d\u2019ordre du jour a aussi \u00e9t\u00e9 adopt\u00e9 et la contribution de chacun des responsables a \u00e9t\u00e9 \u00e9tablie pour la pr\u00e9paration du rapport annuel.<\/p>\n<p style=\"text-align: justify;\"><!--more--><\/p>\n<h6 style=\"text-align: justify;\"><strong>Lecture des articles du CHIP<\/strong><\/h6>\n<p style=\"text-align: justify;\">Le CHIP est le blogue du site Internet du club. Le CHIP publie r\u00e9guli\u00e8rement deux articles par semaine, parfois trois. Chaque article est annonc\u00e9 par l\u2019envoi d\u2019un courriel aux abonn\u00e9s du site Internet. Une fois le courriel ouvert, le lecteur est invit\u00e9 \u00e0 suivre un hyperlien qui le m\u00e8nera \u00e0 l\u2019article complet publi\u00e9 sur le site du club.<\/p>\n<p style=\"text-align: justify;\">Le CHIP comme le site Internet du club ont \u00e9t\u00e9 cr\u00e9\u00e9s avec le logiciel <em>WordPress<\/em>. Ce logiciel permet de g\u00e9rer le site, mais \u00e9galement d\u2019avoir acc\u00e8s \u00e0 des statistiques sur la consultation du site et sur la lecture des articles qu\u2019il publie.<\/p>\n<p style=\"text-align: justify;\">Richard Gervais, membre de l\u2019\u00e9quipe responsable du CHIP, a pr\u00e9sent\u00e9 aux membres du conseil d\u2019administration les r\u00e9sultats d\u2019une analyse qu\u2019il a effectu\u00e9e sur la lecture des articles du CHIP. M.\u00a0Gervais nous a ainsi appris que\u00a0:<\/p>\n<ul style=\"text-align: justify;\">\n<li>pr\u00e8s de 960 courriels sont envoy\u00e9s aux abonn\u00e9s du site alors que le club compte un peu moins de 700 membres;<\/li>\n<li>les deux tiers des courriels envoy\u00e9s sont ouverts;<\/li>\n<li>la plupart des courriels sont ouverts dans les 10 premiers jours apr\u00e8s leur \u00e9mission;<\/li>\n<li>le suivi de l\u2019hyperlien varie selon l\u2019int\u00e9r\u00eat pour le sujet\u00a0:\n<ul>\n<li>ce suivi varie de 1\/3 \u00e0 3\/4 des courriels ouverts;<\/li>\n<li>en moyenne, la moiti\u00e9 des courriels ouverts sont suivis sur le blogue;<\/li>\n<\/ul>\n<\/li>\n<li>les sujets qui ont trait \u00e0 la s\u00e9curit\u00e9 informatique sont les plus populaires, suivis par les <em>Mots du pr\u00e9sident<\/em> et les sujets li\u00e9s \u00e0 l\u2019organisation du club;<\/li>\n<li>lorsque des commentaires sont enregistr\u00e9s, ils sont surtout du type <em>\u00ab\u00a0Facebook\u00a0\u00bb<\/em> et n\u2019engagent pas une discussion.<\/li>\n<\/ul>\n<p style=\"text-align: justify;\">Force est de constater que tous les sujets ne jouissent pas de la m\u00eame popularit\u00e9. N\u00e9anmoins, le conseil d\u2019administration croit que les sujets abord\u00e9s par le CHIP doivent \u00eatre aussi vari\u00e9s que possible, traiter d\u2019informatique et pr\u00e9senter de l\u2019int\u00e9r\u00eat pour au moins une partie des membres du club.<\/p>\n<h6 style=\"text-align: justify;\"><strong>R\u00e9seau Wi-Fi au Centre communautaire de Saint-Bruno<\/strong><\/h6>\n<p style=\"text-align: justify;\">Les participants aux ateliers qui se sont tenus au Centre communautaire se sont plaints r\u00e9guli\u00e8rement de la faiblesse de son r\u00e9seau Wi-Fi. Walter Pearce, qui est intervenu aupr\u00e8s des responsables du Centre communautaire, a rapport\u00e9 que le r\u00e9seau avait maintenant \u00e9t\u00e9 adapt\u00e9 pour soutenir 100\u00a0connexions \u00e0 la fois et qu\u2019il ne devrait plus y avoir de probl\u00e8mes. Les \u00e9chos des ateliers qui se sont tenus depuis cette intervention nous laissent croire que le probl\u00e8me est r\u00e9solu.<\/p>\n<p>Sylvie Mazur<br \/>\nSecr\u00e9taire du CIMBCC<\/p>\n","protected":false},"excerpt":{"rendered":"<p>\u00c0 sa r\u00e9union du 10 mars dernier, le conseil d\u2019administration a trait\u00e9 de deux sujets majeurs\u00a0: la pr\u00e9paration de la prochaine assembl\u00e9e g\u00e9n\u00e9rale annuelle et la lecture des articles du CHIP. Pr\u00e9paration de l\u2019assembl\u00e9e g\u00e9n\u00e9rale annuelle du 15 avril 2015 Le conseil d\u2019administration a donn\u00e9 son aval au projet d\u2019avis de convocation de l\u2019assembl\u00e9e g\u00e9n\u00e9rale &hellip; <a href=\"https:\/\/cimbcc.org\/test2\/echos-du-conseil-dadministration-10-mars-2015\/\" class=\"more-link\">Continuer la lecture de <span class=\"screen-reader-text\">\u00c9chos du conseil d\u2019administration \u2013 10 mars 2015<\/span>  <span class=\"meta-nav\">&rarr;<\/span><\/a><\/p>\n","protected":false},"author":43,"featured_media":0,"comment_status":"open","ping_status":"closed","sticky":false,"template":"","format":"standard","meta":{"footnotes":""},"categories":[386],"tags":[],"class_list":["post-11368","post","type-post","status-publish","format-standard","hentry","category-echos-du-conseil-dadministration"],"_links":{"self":[{"href":"https:\/\/cimbcc.org\/test2\/wp-json\/wp\/v2\/posts\/11368","targetHints":{"allow":["GET"]}}],"collection":[{"href":"https:\/\/cimbcc.org\/test2\/wp-json\/wp\/v2\/posts"}],"about":[{"href":"https:\/\/cimbcc.org\/test2\/wp-json\/wp\/v2\/types\/post"}],"author":[{"embeddable":true,"href":"https:\/\/cimbcc.org\/test2\/wp-json\/wp\/v2\/users\/43"}],"replies":[{"embeddable":true,"href":"https:\/\/cimbcc.org\/test2\/wp-json\/wp\/v2\/comments?post=11368"}],"version-history":[{"count":7,"href":"https:\/\/cimbcc.org\/test2\/wp-json\/wp\/v2\/posts\/11368\/revisions"}],"predecessor-version":[{"id":25283,"href":"https:\/\/cimbcc.org\/test2\/wp-json\/wp\/v2\/posts\/11368\/revisions\/25283"}],"wp:attachment":[{"href":"https:\/\/cimbcc.org\/test2\/wp-json\/wp\/v2\/media?parent=11368"}],"wp:term":[{"taxonomy":"category","embeddable":true,"href":"https:\/\/cimbcc.org\/test2\/wp-json\/wp\/v2\/categories?post=11368"},{"taxonomy":"post_tag","embeddable":true,"href":"https:\/\/cimbcc.org\/test2\/wp-json\/wp\/v2\/tags?post=11368"}],"curies":[{"name":"wp","href":"https:\/\/api.w.org\/{rel}","templated":true}]}}