{"id":11475,"date":"2015-04-07T06:00:14","date_gmt":"2015-04-07T10:00:14","guid":{"rendered":"https:\/\/cimbcc.org\/test2\/?p=11475"},"modified":"2023-10-16T22:16:08","modified_gmt":"2023-10-17T02:16:08","slug":"mot-du-president-avril-2015","status":"publish","type":"post","link":"https:\/\/cimbcc.org\/test2\/mot-du-president-avril-2015\/","title":{"rendered":"Mot du pr\u00e9sident &#8211; avril 2015"},"content":{"rendered":"<figure id=\"attachment_23836\" aria-describedby=\"caption-attachment-23836\" style=\"width: 125px\" class=\"wp-caption aligncenter\"><img loading=\"lazy\" decoding=\"async\" class=\"size-full wp-image-23836\" src=\"https:\/\/cimbcc.org\/test2\/wp-content\/uploads\/photo_cote_rejean.jpg\" alt=\"\" width=\"125\" height=\"125\" \/><figcaption id=\"caption-attachment-23836\" class=\"wp-caption-text\"><span style=\"color: #ffffff;\">mmmm<\/span>R\u00e9jean C\u00f4t\u00e9<\/figcaption><\/figure>\n<h4><strong>Windows 10<\/strong> <strong>(suite)\u00a0\u00a0\u00a0\u00a0\u00a0\u00a0\u00a0\u00a0\u00a0\u00a0\u00a0\u00a0 <\/strong><\/h4>\n<p style=\"text-align: justify;\">En mars, je vous disais que la mise \u00e0 jour de Windows\u00a010 serait probablement gratuite pour les utilisateurs publics de Windows\u00a08.1. Derni\u00e8rement, Microsoft ajoutait que la mise \u00e0 jour serait offerte gratuitement pendant un an aux utilisateurs publics de Windows\u00a08.1 et de Windows\u00a07. Cela signifie que ceux qui ne profiteront pas de cette offre durant l\u2019ann\u00e9e qui suivra le lancement de Windows\u00a010 devront payer pour mettre \u00e0 jour leur syst\u00e8me d\u2019exploitation.<\/p>\n<p style=\"text-align: justify;\"><!--more--><\/p>\n<p style=\"text-align: justify;\">Au lancement de Windows\u00a010, je vous conseille d\u2019attendre deux \u00e0 trois mois avant de t\u00e9l\u00e9charger cette mise \u00e0 jour, car il y a toujours quelques bogues \u00e0 corriger dans un nouveau syst\u00e8me d\u2019exploitation. \u00c0 l\u2019automne, le club offrira probablement une pr\u00e9sentation sur Windows\u00a010.<\/p>\n<p style=\"text-align: justify;\">Merci de prendre quelques minutes pour r\u00e9pondre au sondage \u00e9clair ci-dessous :<\/p>\n<p>[poll id=\u00a0\u00bb38&Prime;]<\/p>\n<p>[poll id=\u00a0\u00bb39&Prime;]<\/p>\n<p>[poll id=\u00a0\u00bb40&Prime;]<\/p>\n<h4><strong>La d\u00e9mocratie au club<\/strong><\/h4>\n<p style=\"text-align: justify;\">La loi oblige le club \u00e0 tenir au moins une assembl\u00e9e g\u00e9n\u00e9rale par ann\u00e9e et tous les membres y sont convoqu\u00e9s. C\u2019est aussi \u00e0 cette assembl\u00e9e que les nouveaux membres du conseil d\u2019administration sont \u00e9lus.<\/p>\n<p style=\"text-align: justify;\">Le conseil d\u2019administration est compos\u00e9 d\u2019un maximum de 12\u00a0membres qui se r\u00e9unissent le premier mardi de chaque mois, sauf en juillet. Chaque administrateur exerce un mandat de deux ans. Afin d\u2019assurer la continuit\u00e9 dans la gestion du club, seulement 6\u00a0postes d\u2019administrateurs sont \u00e0 pourvoir chaque ann\u00e9e.<\/p>\n<p style=\"text-align: justify;\">Pour \u00eatre \u00e9ligible, il faut \u00eatre membre et b\u00e9n\u00e9vole du club et avoir pos\u00e9 sa candidature dans les d\u00e9lais fix\u00e9s. Ensuite, il faut \u00eatre \u00e9lu par les membres pr\u00e9sents \u00e0 l\u2019assembl\u00e9e g\u00e9n\u00e9rale annuelle.<\/p>\n<p style=\"text-align: justify;\">Le club ne peut exister sans ses administrateurs. Au moment o\u00f9 vous lirez ces lignes, vous aurez d\u00e9j\u00e0 re\u00e7u la convocation \u00e0 l\u2019assembl\u00e9e g\u00e9n\u00e9rale du mercredi 15\u00a0avril et l\u2019invitation \u00e0 poser votre candidature comme administrateur du club.<\/p>\n<p style=\"text-align: justify;\">Vos administrateurs ont besoin de sentir que les membres les appuient. Une bonne fa\u00e7on de leur manifester votre soutien, c\u2019est de participer \u00e0 l\u2019assembl\u00e9e g\u00e9n\u00e9rale.<\/p>\n<p style=\"text-align: justify;\">M\u00eame si ce n\u2019est pas un \u00e9v\u00e9nement des plus captivants, l\u2019assembl\u00e9e g\u00e9n\u00e9rale est n\u00e9cessaire et dure environ une heure. Elle sera suivie par une pr\u00e9sentation sur <em>La planification de voyages\u00a0: outils informatiques pour r\u00e9aliser un voyage sans encombre<\/em>.<\/p>\n<p style=\"text-align: justify;\">L\u2019ann\u00e9e derni\u00e8re, environ 90\u00a0membres ont assist\u00e9 \u00e0 l\u2019assembl\u00e9e g\u00e9n\u00e9rale. J\u2019esp\u00e8re que cette ann\u00e9e vous serez au moins aussi nombreux. Venez \u00e0 l\u2019assembl\u00e9e g\u00e9n\u00e9rale, vos administrateurs vous en seront reconnaissants. Vous servirez aussi la d\u00e9mocratie parce que le club, c\u2019est votre affaire et ce sera une belle fa\u00e7on pour vous de vous en occuper.<\/p>\n<p>Au plaisir de vous y retrouver nombreux,<\/p>\n<p>R\u00e9jean C\u00f4t\u00e9, pr\u00e9sident<\/p>\n","protected":false},"excerpt":{"rendered":"<p>Windows 10 (suite)\u00a0\u00a0\u00a0\u00a0\u00a0\u00a0\u00a0\u00a0\u00a0\u00a0\u00a0\u00a0 En mars, je vous disais que la mise \u00e0 jour de Windows\u00a010 serait probablement gratuite pour les utilisateurs publics de Windows\u00a08.1. Derni\u00e8rement, Microsoft ajoutait que la mise \u00e0 jour serait offerte gratuitement pendant un an aux utilisateurs publics de Windows\u00a08.1 et de Windows\u00a07. Cela signifie que ceux qui ne profiteront pas de &hellip; <a href=\"https:\/\/cimbcc.org\/test2\/mot-du-president-avril-2015\/\" class=\"more-link\">Continuer la lecture de <span class=\"screen-reader-text\">Mot du pr\u00e9sident &#8211; avril 2015<\/span>  <span class=\"meta-nav\">&rarr;<\/span><\/a><\/p>\n","protected":false},"author":43,"featured_media":0,"comment_status":"open","ping_status":"closed","sticky":false,"template":"","format":"standard","meta":{"footnotes":""},"categories":[11],"tags":[209,88,118,119],"class_list":["post-11475","post","type-post","status-publish","format-standard","hentry","category-mots-du-president","tag-sondage","tag-windows-10","tag-windows-7","tag-windows-8-1"],"_links":{"self":[{"href":"https:\/\/cimbcc.org\/test2\/wp-json\/wp\/v2\/posts\/11475","targetHints":{"allow":["GET"]}}],"collection":[{"href":"https:\/\/cimbcc.org\/test2\/wp-json\/wp\/v2\/posts"}],"about":[{"href":"https:\/\/cimbcc.org\/test2\/wp-json\/wp\/v2\/types\/post"}],"author":[{"embeddable":true,"href":"https:\/\/cimbcc.org\/test2\/wp-json\/wp\/v2\/users\/43"}],"replies":[{"embeddable":true,"href":"https:\/\/cimbcc.org\/test2\/wp-json\/wp\/v2\/comments?post=11475"}],"version-history":[{"count":9,"href":"https:\/\/cimbcc.org\/test2\/wp-json\/wp\/v2\/posts\/11475\/revisions"}],"predecessor-version":[{"id":25270,"href":"https:\/\/cimbcc.org\/test2\/wp-json\/wp\/v2\/posts\/11475\/revisions\/25270"}],"wp:attachment":[{"href":"https:\/\/cimbcc.org\/test2\/wp-json\/wp\/v2\/media?parent=11475"}],"wp:term":[{"taxonomy":"category","embeddable":true,"href":"https:\/\/cimbcc.org\/test2\/wp-json\/wp\/v2\/categories?post=11475"},{"taxonomy":"post_tag","embeddable":true,"href":"https:\/\/cimbcc.org\/test2\/wp-json\/wp\/v2\/tags?post=11475"}],"curies":[{"name":"wp","href":"https:\/\/api.w.org\/{rel}","templated":true}]}}