{"id":11569,"date":"2015-04-23T06:00:23","date_gmt":"2015-04-23T10:00:23","guid":{"rendered":"https:\/\/cimbcc.org\/test2\/?p=11569"},"modified":"2023-10-16T22:16:08","modified_gmt":"2023-10-17T02:16:08","slug":"echos-du-conseil-dadministration-7-avril-2015","status":"publish","type":"post","link":"https:\/\/cimbcc.org\/test2\/echos-du-conseil-dadministration-7-avril-2015\/","title":{"rendered":"\u00c9chos du conseil d\u2019administration \u2013 7 avril 2015"},"content":{"rendered":"<figure id=\"attachment_9425\" aria-describedby=\"caption-attachment-9425\" style=\"width: 550px\" class=\"wp-caption aligncenter\"><img loading=\"lazy\" decoding=\"async\" class=\"size-full wp-image-9425\" src=\"https:\/\/cimbcc.org\/test2\/wp-content\/uploads\/photo_ca_2014_2015.jpg\" alt=\"photo_ca_2014_2015\" width=\"550\" height=\"170\" srcset=\"https:\/\/cimbcc.org\/test2\/wp-content\/uploads\/photo_ca_2014_2015.jpg 550w, https:\/\/cimbcc.org\/test2\/wp-content\/uploads\/photo_ca_2014_2015-300x92.jpg 300w\" sizes=\"auto, (max-width: 550px) 100vw, 550px\" \/><figcaption id=\"caption-attachment-9425\" class=\"wp-caption-text\">Rang\u00e9e du haut: R\u00e9jean Daigle, Jacques Lalibert\u00e9, Charles E. Blier, Walter Pearce. Rang\u00e9e du bas: Yvon Gaudreau, Danielle Charest Bourque, Sylvie Mazur, Berthe Demers, R\u00e9jean C\u00f4t\u00e9, Michel Gagn\u00e9 et Marie-Jos\u00e9 B\u00e2cle<\/figcaption><\/figure>\n<p style=\"text-align: justify;\">Derni\u00e8re r\u00e9union avant l\u2019assembl\u00e9e g\u00e9n\u00e9rale du 15 avril. Deux administrateurs ont annonc\u00e9 qu\u2019ils ne solliciteraient pas un renouvellement de mandat\u00a0: Marie-Jos\u00e9 B\u00e2cle, qui continuera heureusement \u00e0 \u0153uvrer au <em>CHIP<\/em> et au site Internet, et Charles E. Blier qui souhaite donner la priorit\u00e9 \u00e0 d\u2019autres activit\u00e9s. Tous les membres du conseil ont grandement appr\u00e9ci\u00e9 leur contribution.<\/p>\n<p><!--more--><\/p>\n<h4 style=\"text-align: justify;\"><strong>Les communications<\/strong><\/h4>\n<p style=\"text-align: justify;\">Ayant \u00e9t\u00e9 invit\u00e9 \u00e0 faire un dernier bilan sur les activit\u00e9s de communications dont il est le parrain, Charles E. Blier a soulign\u00e9 la qualit\u00e9 du travail des b\u00e9n\u00e9voles qui m\u00e8nent ces activit\u00e9s. Il a rapport\u00e9 que Raymonde Lemay et ses coll\u00e8gues appr\u00e9cient la libert\u00e9 dont elles disposent pour envoyer le courriel hebdomadaire entre le vendredi soir et le dimanche soir, plut\u00f4t que d\u2019\u00eatre limit\u00e9es au dimanche comme auparavant.<\/p>\n<p style=\"text-align: justify;\">Comme parrain, il a cherch\u00e9 \u00e0 augmenter la visibilit\u00e9 du club en profitant de toutes les possibilit\u00e9s de publicit\u00e9 gratuite offertes par les journaux locaux et les publications de la Ville. Toutefois, il n\u2019est pas facile d\u2019obtenir pour le club l\u2019accr\u00e9ditation d\u2019organisme communautaire par les villes environnantes. Le club est encore per\u00e7u comme un organisme de Saint-Bruno plut\u00f4t qu\u2019un organisme r\u00e9gional, alors que la moiti\u00e9 des membres proviennent de l\u2019ext\u00e9rieur de Saint-Bruno.<\/p>\n<h4 style=\"text-align: justify;\"><strong>Planification de l\u2019assembl\u00e9e g\u00e9n\u00e9rale<\/strong><\/h4>\n<p style=\"text-align: justify;\">Les pr\u00e9paratifs allaient bon train. Sylvie Mazur a annonc\u00e9 qu\u2019elle ferait parvenir \u00e0 chacun le document PowerPoint qui sera utilis\u00e9 pour l\u2019assembl\u00e9e g\u00e9n\u00e9rale afin d\u2019obtenir leurs commentaires. Elle transmettra \u00e0 Andr\u00e9 Lacroix la version \u00e9lectronique de l\u2019ordre du jour pour qu\u2019il le reproduise en quantit\u00e9 suffisante pour la soir\u00e9e du 15 avril.<\/p>\n<h4 style=\"text-align: justify;\"><strong>Rapport du tr\u00e9sorier<\/strong><\/h4>\n<p style=\"text-align: justify;\">Walter Pearce a d\u2019abord pr\u00e9sent\u00e9 en d\u00e9tail le bilan financier de l\u2019ann\u00e9e\u00a02014-2015 qui a \u00e9t\u00e9 adopt\u00e9 par le conseil d\u2019administration. Cette ann\u00e9e financi\u00e8re se solde par un exc\u00e9dent de 980\u00a0$ des d\u00e9penses sur les revenus. Cet exc\u00e9dent est d\u00fb \u00e0 l\u2019achat d\u2019un projecteur utilis\u00e9 dans le cadre des s\u00e9ances de pr\u00e9sentations du mercredi et du vendredi. Les surplus des ann\u00e9es pass\u00e9es permettent d\u2019absorber cet exc\u00e9dent sans probl\u00e8mes. Ce bilan financier sera soumis \u00e0 la prochaine assembl\u00e9e g\u00e9n\u00e9rale.<\/p>\n<p style=\"text-align: justify;\">Walter Pearce a ensuite pr\u00e9sent\u00e9 le budget pr\u00e9vu pour l\u2019exercice financier de 2015-2016 qui a aussi \u00e9t\u00e9 adopt\u00e9 par le conseil d\u2019administration. Il pr\u00e9voit un surplus de 1\u00a0010\u00a0$ sans augmentation des frais d\u2019adh\u00e9sion au club. Ce budget sera \u00e9galement pr\u00e9sent\u00e9 \u00e0 l\u2019assembl\u00e9e g\u00e9n\u00e9rale.<\/p>\n<p style=\"text-align: justify;\">Enfin, le conseil a autoris\u00e9 un montant maximum qui sera consacr\u00e9 au souper annuel des b\u00e9n\u00e9voles, ainsi qu\u2019un montant qui permettra d\u2019offrir un modeste cadeau aux b\u00e9n\u00e9voles qui ont \u0153uvr\u00e9 pendant 5, 10, 15 et 20 ans au club. La distribution de ces marques de reconnaissance se fera lors de la <em>Soir\u00e9e des membres<\/em>, le 6 mai prochain.<\/p>\n<h4 style=\"text-align: justify;\"><strong>R\u00e9cup\u00e9ration<\/strong><\/h4>\n<p style=\"text-align: justify;\">En tant que parrain et membre actif de l\u2019\u00e9quipe de trois b\u00e9n\u00e9voles du service de r\u00e9cup\u00e9ration, Jacques Lalibert\u00e9 a rapport\u00e9 que la quantit\u00e9 de mat\u00e9riel r\u00e9cup\u00e9r\u00e9 en 2014 a augment\u00e9 de 4\u00a0%. Le reconditionnement et la vente d\u2019ordinateurs ont permis de donner 5\u00a0220\u00a0$ \u00e0 des organismes communautaires. De plus, 16\u00a0ordinateurs ont \u00e9t\u00e9 donn\u00e9s \u00e0 des organismes communautaires.<\/p>\n<h4 style=\"text-align: justify;\"><strong>Sites int\u00e9ressants<\/strong><\/h4>\n<p style=\"text-align: justify;\">La page d\u2019accueil du site <strong>cimbcc.org<\/strong> contient d\u00e9j\u00e0 des raccourcis vers des sites int\u00e9ressants. Le conseil a accept\u00e9 la proposition de Michel Gagn\u00e9 d\u2019y ajouter graduellement d\u2019autres liens. \u00c0 la fin de l\u2019\u00e9t\u00e9 ou au d\u00e9but de l\u2019automne, un article du <em>CHIP<\/em> pr\u00e9sentera un premier site et attirera l\u2019attention des lecteurs sur la section de la page d\u2019accueil o\u00f9 se trouvent les liens vers des sites int\u00e9ressants.<\/p>\n<p>Sylvie Mazur<br \/>\nSecr\u00e9taire du CIMBCC<\/p>\n","protected":false},"excerpt":{"rendered":"<p>Derni\u00e8re r\u00e9union avant l\u2019assembl\u00e9e g\u00e9n\u00e9rale du 15 avril. Deux administrateurs ont annonc\u00e9 qu\u2019ils ne solliciteraient pas un renouvellement de mandat\u00a0: Marie-Jos\u00e9 B\u00e2cle, qui continuera heureusement \u00e0 \u0153uvrer au CHIP et au site Internet, et Charles E. Blier qui souhaite donner la priorit\u00e9 \u00e0 d\u2019autres activit\u00e9s. Tous les membres du conseil ont grandement appr\u00e9ci\u00e9 leur contribution.<\/p>\n","protected":false},"author":43,"featured_media":0,"comment_status":"open","ping_status":"closed","sticky":false,"template":"","format":"standard","meta":{"footnotes":""},"categories":[386],"tags":[],"class_list":["post-11569","post","type-post","status-publish","format-standard","hentry","category-echos-du-conseil-dadministration"],"_links":{"self":[{"href":"https:\/\/cimbcc.org\/test2\/wp-json\/wp\/v2\/posts\/11569","targetHints":{"allow":["GET"]}}],"collection":[{"href":"https:\/\/cimbcc.org\/test2\/wp-json\/wp\/v2\/posts"}],"about":[{"href":"https:\/\/cimbcc.org\/test2\/wp-json\/wp\/v2\/types\/post"}],"author":[{"embeddable":true,"href":"https:\/\/cimbcc.org\/test2\/wp-json\/wp\/v2\/users\/43"}],"replies":[{"embeddable":true,"href":"https:\/\/cimbcc.org\/test2\/wp-json\/wp\/v2\/comments?post=11569"}],"version-history":[{"count":7,"href":"https:\/\/cimbcc.org\/test2\/wp-json\/wp\/v2\/posts\/11569\/revisions"}],"predecessor-version":[{"id":24996,"href":"https:\/\/cimbcc.org\/test2\/wp-json\/wp\/v2\/posts\/11569\/revisions\/24996"}],"wp:attachment":[{"href":"https:\/\/cimbcc.org\/test2\/wp-json\/wp\/v2\/media?parent=11569"}],"wp:term":[{"taxonomy":"category","embeddable":true,"href":"https:\/\/cimbcc.org\/test2\/wp-json\/wp\/v2\/categories?post=11569"},{"taxonomy":"post_tag","embeddable":true,"href":"https:\/\/cimbcc.org\/test2\/wp-json\/wp\/v2\/tags?post=11569"}],"curies":[{"name":"wp","href":"https:\/\/api.w.org\/{rel}","templated":true}]}}