{"id":11792,"date":"2015-06-15T10:07:11","date_gmt":"2015-06-15T14:07:11","guid":{"rendered":"https:\/\/cimbcc.org\/test2\/?p=11792"},"modified":"2023-10-16T22:16:08","modified_gmt":"2023-10-17T02:16:08","slug":"echos-du-conseil-dadministration-juin-2015","status":"publish","type":"post","link":"https:\/\/cimbcc.org\/test2\/echos-du-conseil-dadministration-juin-2015\/","title":{"rendered":"\u00c9chos du conseil d&rsquo;administration &#8211; juin 2015"},"content":{"rendered":"<figure id=\"attachment_11748\" aria-describedby=\"caption-attachment-11748\" style=\"width: 500px\" class=\"wp-caption alignright\"><img loading=\"lazy\" decoding=\"async\" class=\"size-full wp-image-11748\" src=\"https:\/\/cimbcc.org\/test2\/wp-content\/uploads\/CA_2015_2016v2.jpg\" alt=\"CA_2015-2016\" width=\"500\" height=\"269\" srcset=\"https:\/\/cimbcc.org\/test2\/wp-content\/uploads\/CA_2015_2016v2.jpg 500w, https:\/\/cimbcc.org\/test2\/wp-content\/uploads\/CA_2015_2016v2-300x161.jpg 300w\" sizes=\"auto, (max-width: 500px) 100vw, 500px\" \/><figcaption id=\"caption-attachment-11748\" class=\"wp-caption-text\">Rang\u00e9e du haut : Walter Pearce, Yvon Gaudreau, Danielle Charest Bourque, Berthe Demers, Michel Gagn\u00e9, Sylvie Mazur, Denis Charron. Rang\u00e9e du bas : Richard Gervais, R\u00e9jean C\u00f4t\u00e9, R\u00e9jean Daigle, Jacques Lalibert\u00e9.<\/figcaption><\/figure>\n<p>Apr\u00e8s avoir trait\u00e9 de quelques questions de r\u00e9gie interne, le conseil d\u2019administration a abord\u00e9 des sujets qui ont plus d\u2019int\u00e9r\u00eat pour les membres.<\/p>\n<p><!--more--><\/p>\n<h3>Soir\u00e9e des membres<\/h3>\n<p>Soixante-neuf personnes ont pu profiter des douceurs pr\u00e9par\u00e9es pour la soir\u00e9e des membres qui a eu lieu le 6 mai dernier, mais le conseil d\u2019administration aurait aim\u00e9 y voir davantage de membres. Afin de rendre cette soir\u00e9e plus attrayante, la formule sera modifi\u00e9e l\u2019an prochain. L\u2019\u00e9quipe des activit\u00e9s sociales a \u00e9t\u00e9 mandat\u00e9e pour peaufiner les id\u00e9es qui ont \u00e9t\u00e9 \u00e9mises.<\/p>\n<h3>B\u00e9n\u00e9voles<\/h3>\n<p>Deux personnes ont offert leurs services pour la prochaine saison, ce sont C\u00e9line Dufresne et Anne Malherbe-Vanheye, alors que Berthe Demers, responsable des ateliers, est encore \u00e0 la recherche d\u2019une personne pour remplacer, l\u2019automne prochain, l\u2019animatrice actuelle de l\u2019atelier sur Facebook.<\/p>\n<h3>L\u2019accueil<\/h3>\n<p>Danielle Bourque a r\u00e9uni l\u2019\u00e9quipe de l\u2019accueil pour faire le bilan de l\u2019ann\u00e9e \u00e9coul\u00e9e. Ces b\u00e9n\u00e9voles se sont relay\u00e9s aux s\u00e9ances de pr\u00e9sentations pour enregistrer les pr\u00e9sences, inscrire les nouveaux membres et r\u00e9pondre aux questions des participants.<\/p>\n<p>Aucun changement majeur a \u00e9t\u00e9 souhait\u00e9 pour l\u2019an prochain, ni par les b\u00e9n\u00e9voles, ni par le conseil d\u2019administration. Nous retrouverons avec plaisir ces personnes l\u2019automne prochain, tous les mercredis et vendredis, ainsi qu\u2019\u00e0 la Journ\u00e9e d\u2019information et d\u2019inscription du 9 septembre prochain.<\/p>\n<h3>Les ateliers<\/h3>\n<p>Apr\u00e8s un bref bilan des ateliers tenus depuis septembre (voir l\u2019article du CHIP\u00a0: <a href=\"https:\/\/cimbcc.org\/test2\/les-ateliers-une-annee-se-termine-une-autre-est-en-preparation\" target=\"_blank\" rel=\"noopener\">https:\/\/cimbcc.org\/test2\/les-ateliers-une-annee-se-termine-une-autre-est-en-preparation<\/a>), Berthe Demers a annonc\u00e9 les orientations retenues pour 2015-2016.<\/p>\n<p>Comme en 2014-2015 d\u00e9j\u00e0, l\u2019inscription aux ateliers se fera en ligne sur le site Internet du club.\u00a0Le formulaire d\u2019inscription sera accessible sur la page du site Internet o\u00f9 se trouvera la description de l\u2019atelier.<\/p>\n<p>La description d\u2019un atelier inclura des informations sur le contenu de l\u2019atelier, des indications sur les pr\u00e9alables souhait\u00e9s pour tirer le meilleur profit de l\u2019atelier ainsi que les dates pr\u00e9vues des rencontres. Les membres int\u00e9ress\u00e9s par un atelier seront invit\u00e9s \u00e0 prendre connaissance de ces informations avant de s\u2019inscrire.<\/p>\n<p>Pour all\u00e9ger et acc\u00e9l\u00e9rer le travail d\u2019enregistrement des inscriptions, le formulaire d\u2019inscription de 2015-2016 produira automatiquement les tableurs contenant les informations sur les personnes inscrites \u00e0 chaque atelier.<\/p>\n<p>La p\u00e9riode d\u2019inscription aux ateliers se tiendra du 10 au 14 septembre.<\/p>\n<p>Les premiers ateliers d\u00e9buteront dans la semaine du 27 septembre.<\/p>\n<h3>Les s\u00e9ances de pr\u00e9sentations du mercredi et du vendredi<\/h3>\n<p>Guy B\u00e9langer, responsable des s\u00e9ances de pr\u00e9sentations, \u00e9tait repr\u00e9sent\u00e9 par Michel Gagn\u00e9, parrain de cette activit\u00e9. Un bilan de la saison\u00a02014-2015 a \u00e9t\u00e9 publi\u00e9 dans le CHIP (voir\u00a0: <a href=\"https:\/\/cimbcc.org\/test2\/bilan-des-seances-de-presentations-2014-2015\" target=\"_blank\" rel=\"noopener\">https:\/\/cimbcc.org\/test2\/bilan-des-seances-de-presentations-2014-2015<\/a>), auquel on peut ajouter que toutes les s\u00e9ances pr\u00e9vues ont \u00e9t\u00e9 tenues et que le programme des s\u00e9ances a \u00e9t\u00e9 vari\u00e9 avec des reprises pour la s\u00e9rie<em> Facile<\/em> et de nouveaux sujets dans la s\u00e9rie <em>D\u00e9couverte<\/em>.<\/p>\n<p>Un projet de calendrier pour 2015-2016 \u00e9tait d\u00e9j\u00e0 pratiquement complet au moment de la r\u00e9union. Il sera publi\u00e9 sur le site du club lorsque toutes les ficelles seront attach\u00e9es. Les orientations principales retenues \u00e0 la suite des rencontres tenues avec pr\u00e9sentateurs des s\u00e9ries <em>Facile<\/em> et <em>D\u00e9couverte<\/em> sont\u00a0:<\/p>\n<ul>\n<li>\u00a0les pr\u00e9sentations et les ateliers sur un m\u00eame sujet seront mieux arrim\u00e9es quant \u00e0 leur contenu et \u00e0 leur pr\u00e9sence dans le calendrier;<\/li>\n<li>plus de sujets seront couverts alors que les pr\u00e9sentations les moins fr\u00e9quent\u00e9es seront \u00e9limin\u00e9es;<\/li>\n<li>certaines pr\u00e9sentations ne seront pas syst\u00e9matiquement r\u00e9p\u00e9t\u00e9es (par exemple, une pr\u00e9sentation de la s\u00e9rie<em> Facile<\/em> sur Outlook.com pourra \u00eatre suivie par une pr\u00e9sentation sur Outlook.com de la s\u00e9rie <em>D\u00e9couverte<\/em>);<\/li>\n<li>les univers d\u2019Apple et de Google seront mieux couverts (iPad, iTunes, Chrome);<\/li>\n<li>des pr\u00e9sentations sur les t\u00e9l\u00e9phones intelligents devraient \u00eatre pr\u00e9vues pour la saison\u00a02016-2017.<\/li>\n<\/ul>\n<p>Le conseil d\u2019administration a approuv\u00e9 les plans d\u2019action qui lui ont \u00e9t\u00e9 pr\u00e9sent\u00e9s pour l\u2019accueil, pour les ateliers et pour les s\u00e9ances de pr\u00e9sentations. Il a soulign\u00e9 la contribution exceptionnelle des nombreux b\u00e9n\u00e9voles qui ont rendu possibles ces services en 2014-2015, sans oublier l\u2019apport des \u00e9quipes responsables du site Internet et du CHIP qui ont particip\u00e9 \u00e0 faire du club un meilleur utilisateur de l\u2019informatique.<\/p>\n<h3><em>Bon \u00e9t\u00e9 \u00e0 tous et au plaisir de vous retrouver \u00e0 la rentr\u00e9e!<\/em><\/h3>\n<p>Sylvie Mazur, secr\u00e9taire du CIMBCC<\/p>\n","protected":false},"excerpt":{"rendered":"<p>Apr\u00e8s avoir trait\u00e9 de quelques questions de r\u00e9gie interne, le conseil d\u2019administration a abord\u00e9 des sujets qui ont plus d\u2019int\u00e9r\u00eat pour les membres.<\/p>\n","protected":false},"author":43,"featured_media":0,"comment_status":"open","ping_status":"closed","sticky":false,"template":"","format":"standard","meta":{"footnotes":""},"categories":[386],"tags":[371,370],"class_list":["post-11792","post","type-post","status-publish","format-standard","hentry","category-echos-du-conseil-dadministration","tag-decouverte","tag-facile"],"_links":{"self":[{"href":"https:\/\/cimbcc.org\/test2\/wp-json\/wp\/v2\/posts\/11792","targetHints":{"allow":["GET"]}}],"collection":[{"href":"https:\/\/cimbcc.org\/test2\/wp-json\/wp\/v2\/posts"}],"about":[{"href":"https:\/\/cimbcc.org\/test2\/wp-json\/wp\/v2\/types\/post"}],"author":[{"embeddable":true,"href":"https:\/\/cimbcc.org\/test2\/wp-json\/wp\/v2\/users\/43"}],"replies":[{"embeddable":true,"href":"https:\/\/cimbcc.org\/test2\/wp-json\/wp\/v2\/comments?post=11792"}],"version-history":[{"count":9,"href":"https:\/\/cimbcc.org\/test2\/wp-json\/wp\/v2\/posts\/11792\/revisions"}],"predecessor-version":[{"id":46783,"href":"https:\/\/cimbcc.org\/test2\/wp-json\/wp\/v2\/posts\/11792\/revisions\/46783"}],"wp:attachment":[{"href":"https:\/\/cimbcc.org\/test2\/wp-json\/wp\/v2\/media?parent=11792"}],"wp:term":[{"taxonomy":"category","embeddable":true,"href":"https:\/\/cimbcc.org\/test2\/wp-json\/wp\/v2\/categories?post=11792"},{"taxonomy":"post_tag","embeddable":true,"href":"https:\/\/cimbcc.org\/test2\/wp-json\/wp\/v2\/tags?post=11792"}],"curies":[{"name":"wp","href":"https:\/\/api.w.org\/{rel}","templated":true}]}}