{"id":12439,"date":"2015-08-18T06:00:27","date_gmt":"2015-08-18T10:00:27","guid":{"rendered":"https:\/\/cimbcc.org\/test2\/?p=12439"},"modified":"2023-10-16T22:15:51","modified_gmt":"2023-10-17T02:15:51","slug":"mot-du-president-aout-2015","status":"publish","type":"post","link":"https:\/\/cimbcc.org\/test2\/mot-du-president-aout-2015\/","title":{"rendered":"Mot du pr\u00e9sident &#8211; ao\u00fbt 2015"},"content":{"rendered":"<figure id=\"attachment_23836\" aria-describedby=\"caption-attachment-23836\" style=\"width: 125px\" class=\"wp-caption aligncenter\"><img loading=\"lazy\" decoding=\"async\" class=\"size-full wp-image-23836\" src=\"https:\/\/cimbcc.org\/test2\/wp-content\/uploads\/photo_cote_rejean.jpg\" alt=\"\" width=\"125\" height=\"125\" \/><figcaption id=\"caption-attachment-23836\" class=\"wp-caption-text\"><span style=\"color: #ffffff;\">mmmm<\/span>R\u00e9jean C\u00f4t\u00e9<\/figcaption><\/figure>\n<p style=\"text-align: justify;\">On est d\u00e9j\u00e0 au mois d&rsquo;ao\u00fbt et, dans quelques semaines seulement, ce sera la rentr\u00e9e de la nouvelle saison du Club informatique Mont Bruno.<\/p>\n<p style=\"text-align: justify;\">Cet \u00e9t\u00e9, certains b\u00e9n\u00e9voles ont travaill\u00e9 pour pr\u00e9parer les activit\u00e9s de la prochaine saison du Club et, au d\u00e9but du mois, le conseil d&rsquo;administration s\u2019est r\u00e9uni pour mettre la derni\u00e8re main \u00e0 cette nouvelle saison.<\/p>\n<p style=\"text-align: justify;\">La <strong><em>Journ\u00e9e d\u2019information et d\u2019inscription<\/em><\/strong> aura lieu cette ann\u00e9e le mercredi <strong>9 septembre<\/strong> au Centre communautaire de Saint-Bruno.<\/p>\n<p style=\"text-align: justify;\"><!--more--><\/p>\n<p style=\"text-align: justify;\">Vingt-trois b\u00e9n\u00e9voles seront sur place pour accueillir ceux et celles qui viendront renouveler leur adh\u00e9sion ou s\u2019inscrire comme nouveaux membres. Ce sera aussi l\u2019occasion de vous informer sur le programme de la nouvelle saison. Ce programme sera pr\u00e9sent\u00e9 \u00e0 trois reprises au cours de la journ\u00e9e.<\/p>\n<p style=\"text-align: justify;\">Pour ceux et celles d&rsquo;entre vous qui pensent s&rsquo;inscrire \u00e0 diff\u00e9rents ateliers, la p\u00e9riode d&rsquo;inscription\u00a0aura lieu du 10 au 14 septembre prochain. Sur le site du club,\u00a0 les ateliers offerts \u00e0 l&rsquo;automne\u00a0sont maintenant identifi\u00e9s et il\u00a0est possible de prendre connaissance de leur contenu. \u00a0Les membres recevront\u00a0par courriel l&rsquo;information\u00a0d\u00e9taill\u00e9e deux semaines avant le d\u00e9but de la p\u00e9riode d&rsquo;inscription.<\/p>\n<p style=\"text-align: justify;\">Encore cette ann\u00e9e, nous aurons plusieurs nouveaut\u00e9s \u00e0 vous offrir, nouveaut\u00e9s qui sauront s\u00fbrement vous plaire. Entre autres, il y a Windows\u00a010 qui fera l\u2019objet de deux pr\u00e9sentations et d\u2019un atelier d\u00e8s cet automne. (M\u00eame si Windows 10 est pr\u00e9sentement offert par Microsoft, il serait pr\u00e9f\u00e9rable d&rsquo;attendre avant de le t\u00e9l\u00e9charger.)<\/p>\n<p style=\"text-align: justify;\">Vous recevrez bient\u00f4t un premier courriel de fin de semaine pour vous inviter \u00e0 renouveler votre adh\u00e9sion par la poste ou \u00e0 venir le faire en personne le 9\u00a0septembre. Profitez-en pour venir nous rencontrer, il nous fera plaisir de vous saluer. Profitez-en aussi pour assister \u00e0 l\u2019une des pr\u00e9sentations sur la nouvelle saison. Je vous encourage \u00e0 inviter un ou des amis \u00e0 vous accompagner afin qu&rsquo;ils puissent prendre connaissance de toutes les activit\u00e9s du Club informatique Mont Bruno.<\/p>\n<p style=\"text-align: justify;\">Votre pr\u00e9sident qui, encore une fois, a bien h\u00e2te \u00e0 la prochaine rentr\u00e9e et a aussi tr\u00e8s h\u00e2te de vous rencontrer de nouveau.<\/p>\n<p>R\u00e9jean C\u00f4t\u00e9<\/p>\n<p>&nbsp;<\/p>\n<p>&nbsp;<\/p>\n","protected":false},"excerpt":{"rendered":"<p>On est d\u00e9j\u00e0 au mois d&rsquo;ao\u00fbt et, dans quelques semaines seulement, ce sera la rentr\u00e9e de la nouvelle saison du Club informatique Mont Bruno. Cet \u00e9t\u00e9, certains b\u00e9n\u00e9voles ont travaill\u00e9 pour pr\u00e9parer les activit\u00e9s de la prochaine saison du Club et, au d\u00e9but du mois, le conseil d&rsquo;administration s\u2019est r\u00e9uni pour mettre la derni\u00e8re main &hellip; <a href=\"https:\/\/cimbcc.org\/test2\/mot-du-president-aout-2015\/\" class=\"more-link\">Continuer la lecture de <span class=\"screen-reader-text\">Mot du pr\u00e9sident &#8211; ao\u00fbt 2015<\/span>  <span class=\"meta-nav\">&rarr;<\/span><\/a><\/p>\n","protected":false},"author":43,"featured_media":0,"comment_status":"open","ping_status":"closed","sticky":false,"template":"","format":"standard","meta":{"footnotes":""},"categories":[11],"tags":[269,143,366,293,88],"class_list":["post-12439","post","type-post","status-publish","format-standard","hentry","category-mots-du-president","tag-ateliers","tag-journee-dinformation-et-dinscription","tag-programme","tag-renouvellement","tag-windows-10"],"_links":{"self":[{"href":"https:\/\/cimbcc.org\/test2\/wp-json\/wp\/v2\/posts\/12439","targetHints":{"allow":["GET"]}}],"collection":[{"href":"https:\/\/cimbcc.org\/test2\/wp-json\/wp\/v2\/posts"}],"about":[{"href":"https:\/\/cimbcc.org\/test2\/wp-json\/wp\/v2\/types\/post"}],"author":[{"embeddable":true,"href":"https:\/\/cimbcc.org\/test2\/wp-json\/wp\/v2\/users\/43"}],"replies":[{"embeddable":true,"href":"https:\/\/cimbcc.org\/test2\/wp-json\/wp\/v2\/comments?post=12439"}],"version-history":[{"count":27,"href":"https:\/\/cimbcc.org\/test2\/wp-json\/wp\/v2\/posts\/12439\/revisions"}],"predecessor-version":[{"id":24977,"href":"https:\/\/cimbcc.org\/test2\/wp-json\/wp\/v2\/posts\/12439\/revisions\/24977"}],"wp:attachment":[{"href":"https:\/\/cimbcc.org\/test2\/wp-json\/wp\/v2\/media?parent=12439"}],"wp:term":[{"taxonomy":"category","embeddable":true,"href":"https:\/\/cimbcc.org\/test2\/wp-json\/wp\/v2\/categories?post=12439"},{"taxonomy":"post_tag","embeddable":true,"href":"https:\/\/cimbcc.org\/test2\/wp-json\/wp\/v2\/tags?post=12439"}],"curies":[{"name":"wp","href":"https:\/\/api.w.org\/{rel}","templated":true}]}}