{"id":12444,"date":"2015-08-20T06:00:46","date_gmt":"2015-08-20T10:00:46","guid":{"rendered":"https:\/\/cimbcc.org\/test2\/?p=12444"},"modified":"2023-10-16T22:15:51","modified_gmt":"2023-10-17T02:15:51","slug":"la-randonnee-pedestre","status":"publish","type":"post","link":"https:\/\/cimbcc.org\/test2\/la-randonnee-pedestre\/","title":{"rendered":"La randonn\u00e9e p\u00e9destre"},"content":{"rendered":"<figure id=\"attachment_24118\" aria-describedby=\"caption-attachment-24118\" style=\"width: 125px\" class=\"wp-caption aligncenter\"><img loading=\"lazy\" decoding=\"async\" class=\"size-full wp-image-24118\" src=\"https:\/\/cimbcc.org\/test2\/wp-content\/uploads\/photo_laliberte_jacques.jpg\" alt=\"\" width=\"125\" height=\"125\" \/><figcaption id=\"caption-attachment-24118\" class=\"wp-caption-text\"><span style=\"color: #ffffff;\">imm<\/span>Jacques Lalibert\u00e9<\/figcaption><\/figure>\n<p style=\"text-align: justify;\">Vous me connaissez pour la plupart comme un passionn\u00e9 d&rsquo;informatique et d&rsquo;ordinateurs, mais j&rsquo;ai \u00e9galement une autre passion qui peut en surprendre quelques uns, la randonn\u00e9e p\u00e9destre.<\/p>\n<p style=\"text-align: justify;\">Anticipant une retraite prochaine, dans le but de me remettre en forme et de recr\u00e9er un r\u00e9seau social autre que celui du travail, j&rsquo;ai d\u00e9couvert le site de la F\u00e9d\u00e9ration Qu\u00e9b\u00e9coise de la marche.<\/p>\n<p style=\"text-align: justify;\"><!--more--><\/p>\n<p style=\"text-align: justify;\">\u00c0 partir des informations glan\u00e9es sur ce site, j&rsquo;ai d\u00e9velopp\u00e9 un go\u00fbt pour les randonn\u00e9es p\u00e9destres. Ensuite pour garder une certaine condition \u00a0physique, \u00a0je \u00a0me \u00a0suis \u00a0joint \u00a0\u00e0 un club de marche du r\u00e9seau<br \/>\nA-vie-forme.<\/p>\n<p style=\"text-align: justify;\">La F\u00e9d\u00e9ration Qu\u00e9b\u00e9coise de la marche chapeaute l&rsquo;ensemble des clubs de marche au Qu\u00e9bec. Leur site fournit beaucoup d&rsquo;informa-tions utiles pour le randonneur d\u00e9butant ou exp\u00e9riment\u00e9.<\/p>\n<p style=\"text-align: justify;\">Ils pr\u00e9sentent des lieux de marche, les diff\u00e9rents parcours et leurs niveaux de difficult\u00e9. Ils racontent des exp\u00e9riences v\u00e9cues, et nous fournissent la liste des clubs de marche du Qu\u00e9bec ainsi que leurs activit\u00e9s (sorties, voyages etc.). Ils publient la revue Marche Randonn\u00e9e qu&rsquo;ils distribuent gratuitement aux membres trois fois par ann\u00e9e.<\/p>\n<p style=\"text-align: justify;\">En plus chaque ann\u00e9e la F\u00e9d\u00e9ration organise le Festival de la marche dans un endroit diff\u00e9rent au Qu\u00e9bec. Cette ann\u00e9e le Festival \u00e0 lieu les 5 et 6 septembre dans Lanaudi\u00e8re. En hiver ils organisent \u00e9galement le festival de la raquette.<\/p>\n<p>Pour de belles id\u00e9es de randonn\u00e9es, pour des conseils, pour de l&rsquo;information utile, <a href=\"http:\/\/www.fqmarche.qc.ca\/\" target=\"_blank\" rel=\"noopener\">cliquez ici<\/a>.<\/p>\n<p>Peut-\u00eatre nous reverrons-nous en montagne ou dans un sentier quelque part&#8230; sinon au club informatique.<\/p>\n<p>Jacques Lalibert\u00e9<\/p>\n","protected":false},"excerpt":{"rendered":"<p>Vous me connaissez pour la plupart comme un passionn\u00e9 d&rsquo;informatique et d&rsquo;ordinateurs, mais j&rsquo;ai \u00e9galement une autre passion qui peut en surprendre quelques uns, la randonn\u00e9e p\u00e9destre. Anticipant une retraite prochaine, dans le but de me remettre en forme et de recr\u00e9er un r\u00e9seau social autre que celui du travail, j&rsquo;ai d\u00e9couvert le site de &hellip; <a href=\"https:\/\/cimbcc.org\/test2\/la-randonnee-pedestre\/\" class=\"more-link\">Continuer la lecture de <span class=\"screen-reader-text\">La randonn\u00e9e p\u00e9destre<\/span>  <span class=\"meta-nav\">&rarr;<\/span><\/a><\/p>\n","protected":false},"author":43,"featured_media":0,"comment_status":"open","ping_status":"closed","sticky":false,"template":"","format":"standard","meta":{"footnotes":""},"categories":[12],"tags":[368,367,369,206],"class_list":["post-12444","post","type-post","status-publish","format-standard","hentry","category-sites-coup-de-coeur","tag-a-vie-forme","tag-federation-quebecoise-de-la-marche","tag-festival-de-la-marche","tag-marche"],"_links":{"self":[{"href":"https:\/\/cimbcc.org\/test2\/wp-json\/wp\/v2\/posts\/12444","targetHints":{"allow":["GET"]}}],"collection":[{"href":"https:\/\/cimbcc.org\/test2\/wp-json\/wp\/v2\/posts"}],"about":[{"href":"https:\/\/cimbcc.org\/test2\/wp-json\/wp\/v2\/types\/post"}],"author":[{"embeddable":true,"href":"https:\/\/cimbcc.org\/test2\/wp-json\/wp\/v2\/users\/43"}],"replies":[{"embeddable":true,"href":"https:\/\/cimbcc.org\/test2\/wp-json\/wp\/v2\/comments?post=12444"}],"version-history":[{"count":16,"href":"https:\/\/cimbcc.org\/test2\/wp-json\/wp\/v2\/posts\/12444\/revisions"}],"predecessor-version":[{"id":26134,"href":"https:\/\/cimbcc.org\/test2\/wp-json\/wp\/v2\/posts\/12444\/revisions\/26134"}],"wp:attachment":[{"href":"https:\/\/cimbcc.org\/test2\/wp-json\/wp\/v2\/media?parent=12444"}],"wp:term":[{"taxonomy":"category","embeddable":true,"href":"https:\/\/cimbcc.org\/test2\/wp-json\/wp\/v2\/categories?post=12444"},{"taxonomy":"post_tag","embeddable":true,"href":"https:\/\/cimbcc.org\/test2\/wp-json\/wp\/v2\/tags?post=12444"}],"curies":[{"name":"wp","href":"https:\/\/api.w.org\/{rel}","templated":true}]}}