{"id":12629,"date":"2015-08-27T06:00:05","date_gmt":"2015-08-27T10:00:05","guid":{"rendered":"https:\/\/cimbcc.org\/test2\/?p=12629"},"modified":"2023-10-16T22:15:51","modified_gmt":"2023-10-17T02:15:51","slug":"echos-du-conseil-dadministration-4-aout-2015","status":"publish","type":"post","link":"https:\/\/cimbcc.org\/test2\/echos-du-conseil-dadministration-4-aout-2015\/","title":{"rendered":"\u00c9chos du conseil d\u2019administration \u2013 4 ao\u00fbt 2015"},"content":{"rendered":"<figure id=\"attachment_11748\" aria-describedby=\"caption-attachment-11748\" style=\"width: 500px\" class=\"wp-caption aligncenter\"><a href=\"https:\/\/cimbcc.org\/test2\/wp-content\/uploads\/CA_2015_2016v2.jpg\"><img loading=\"lazy\" decoding=\"async\" class=\"wp-image-11748 size-full\" src=\"https:\/\/cimbcc.org\/test2\/wp-content\/uploads\/CA_2015_2016v2.jpg\" alt=\"CA_2015-2016\" width=\"500\" height=\"269\" srcset=\"https:\/\/cimbcc.org\/test2\/wp-content\/uploads\/CA_2015_2016v2.jpg 500w, https:\/\/cimbcc.org\/test2\/wp-content\/uploads\/CA_2015_2016v2-300x161.jpg 300w\" sizes=\"auto, (max-width: 500px) 100vw, 500px\" \/><\/a><figcaption id=\"caption-attachment-11748\" class=\"wp-caption-text\">Rang\u00e9e du haut : Walter Pearce, Yvon Gaudreau, Danielle Charest Bourque, Berthe Demers, Michel Gagn\u00e9, Sylvie Mazur, Denis Charron. Rang\u00e9e du bas : Richard Gervais, R\u00e9jean C\u00f4t\u00e9, R\u00e9jean Daigle, Jacques Lalibert\u00e9.<\/figcaption><\/figure>\n<p style=\"text-align: justify;\">Apr\u00e8s une pause estivale de deux mois, le conseil d\u2019administration a repris ses activit\u00e9s pour pr\u00e9parer l\u2019automne du club.<\/p>\n<p style=\"text-align: justify;\"><strong><em>Journ\u00e9e d\u2019information et d\u2019inscription<\/em><\/strong><\/p>\n<p style=\"text-align: justify;\">Elle aura lieu le <strong>9 septembre<\/strong>. Les personnes qui d\u00e9sireront s\u2019informer sur les activit\u00e9s du club et adh\u00e9rer ou renouveler leur adh\u00e9sion au club seront accueillies au Centre communautaire de Saint-Bruno.<\/p>\n<p style=\"text-align: justify;\"><!--more--><\/p>\n<p style=\"text-align: justify;\">Danielle Bourque est responsable de l\u2019organisation de cette journ\u00e9e. Elle a fait part de sa planification qui inclut la r\u00e9servation des locaux, le recrutement des b\u00e9n\u00e9voles pour accueillir les participants, les courriels aux membres, l\u2019horaire de la journ\u00e9e\u2026<\/p>\n<p style=\"text-align: justify;\">Marie-Jos\u00e9 B\u00e2cle a pr\u00e9sent\u00e9 l\u2019affiche annon\u00e7ant cet \u00e9v\u00e9nement ainsi que le d\u00e9pliant qui sera remis aux nouveaux membres. Le conseil d\u2019administration en a approuv\u00e9 les contenus et en a salu\u00e9 la qualit\u00e9 graphique. Les affiches seront plac\u00e9es \u00e0 des endroits strat\u00e9giques, principalement \u00e0 Saint-Bruno, Saint-Basile et Sainte-Julie.<\/p>\n<p style=\"text-align: justify;\"><strong>Les ateliers<\/strong><\/p>\n<p style=\"text-align: justify;\">Le calendrier automnal des ateliers est pr\u00eat. Berthe Demers confirme que onze ateliers seront propos\u00e9s aux membres du club gr\u00e2ce \u00e0 neuf animateurs b\u00e9n\u00e9voles. <strong>L\u2019inscription se fera exclusivement en ligne sur le site Internet du club entre le 10 et le 14 septembre<\/strong>. Les membres seront pr\u00e9venus par courriel.<\/p>\n<p style=\"text-align: justify;\">Un formulaire d\u2019inscription sera accessible sur la page descriptive de chaque atelier. Les membres du conseil esp\u00e8rent que les membres int\u00e9ress\u00e9s tiendront compte des renseignements fournis par cette page descriptive\u00a0(objectifs, pr\u00e9requis, dates des rencontres, etc.) avant de s\u2019inscrire \u00e0 un atelier.<\/p>\n<p style=\"text-align: justify;\">Cette ann\u00e9e, un effort particulier a \u00e9t\u00e9 consenti pour coordonner le calendrier des ateliers et celui des s\u00e9ances de pr\u00e9sentations. Les membres int\u00e9ress\u00e9s par un atelier pourront ainsi assister \u00e0 une pr\u00e9sentation sur le m\u00eame sujet qui aura lieu avant l\u2019atelier. Cette pr\u00e9sentation offrira des informations de base ou compl\u00e9mentaires sur le contenu de l\u2019atelier. L\u2019animateur de l\u2019atelier pourra, s\u2019il le juge \u00e0 propos, d\u00e9signer cette pr\u00e9sentation comme un pr\u00e9requis \u00e0 l\u2019atelier.<\/p>\n<p style=\"text-align: justify;\"><strong>B\u00e9n\u00e9voles<\/strong><\/p>\n<p style=\"text-align: justify;\">D\u00e9j\u00e0 actif au club, Richard Gervais s\u2019est joint \u00e0 l\u2019\u00e9quipe des webmestres.<\/p>\n<p style=\"text-align: justify;\">Trois nouveaux b\u00e9n\u00e9voles se sont joints \u00e0 l\u2019\u00e9quipe\u00a0:<\/p>\n<ul style=\"text-align: justify;\">\n<li>Liz Mailloux animera l\u2019atelier sur Facebook cet automne;<\/li>\n<li>Rosaire Bourbeau assistera Liz Mailloux pour l\u2019atelier sur Facebook;<\/li>\n<li>Danielle Barab\u00e9 agira comme b\u00e9n\u00e9vole \u00e0 l\u2019accueil des s\u00e9ances de pr\u00e9sentations et comme assistante pour un atelier.<\/li>\n<\/ul>\n<p style=\"text-align: justify;\"><strong>Appel \u00e0 tous<\/strong> pour trouver une personne responsable du <em>CHIP<\/em>. Marie-Jos\u00e9 B\u00e2cle, l\u2019actuelle responsable, s\u2019est engag\u00e9e \u00e0 initier et \u00e0 accompagner cette personne pendant quelque temps dans ses t\u00e2ches de coordination de l\u2019\u00e9quipe du <em>CHIP<\/em> et de gestion du calendrier de publication.<\/p>\n<p style=\"text-align: justify;\"><strong>R\u00e9vision des pratiques du club<\/strong><\/p>\n<p style=\"text-align: justify;\">Le conseil d\u2019administration a pass\u00e9 en revue ses pratiques \u00e0 la lumi\u00e8re de certaines de ses orientations. Il a jug\u00e9 que ces derni\u00e8res ont \u00e9t\u00e9 respect\u00e9es dans chacun des domaines suivants.<\/p>\n<ul style=\"text-align: justify;\">\n<li><em>L\u2019information fournie aux membres\u00a0<\/em><\/li>\n<\/ul>\n<p style=\"text-align: justify; padding-left: 30px;\">L\u2019information diffus\u00e9e a \u00e9t\u00e9 vari\u00e9e et de qualit\u00e9. Des notions de s\u00e9curit\u00e9 ont fr\u00e9quemment \u00e9t\u00e9 pr\u00e9sent\u00e9es. La politique de neutralit\u00e9 du club et la propri\u00e9t\u00e9 intellectuelle ont \u00e9t\u00e9 respect\u00e9es. L\u2019absence de garantie a \u00e9t\u00e9 mentionn\u00e9e.<\/p>\n<ul style=\"text-align: justify;\">\n<li><em>Le respect des lois<\/em><\/li>\n<\/ul>\n<p style=\"padding-left: 30px;\">Cet aspect a fait l\u2019objet d\u2019une pr\u00e9occupation constante.<\/p>\n<ul>\n<li style=\"text-align: justify;\"><em>La gestion des membres honoraires et des membres associ\u00e9s<\/em>\n<ul style=\"list-style-type: circle;\">\n<li>Le statut de <em>membre honoraire<\/em> est accord\u00e9 \u00e0 des b\u00e9n\u00e9voles qui ont <em>contribu\u00e9 de fa\u00e7on tr\u00e8s significative<\/em> et <em>durant une longue p\u00e9riode<\/em> \u00e0 la gestion ou aux activit\u00e9s du club. Le club compte actuellement cinq membres honoraires.<\/li>\n<li>Le statut de <em>membre associ\u00e9<\/em> est accord\u00e9 \u00e0 une personne pour une des raisons suivantes\u00a0:\n<ol>\n<li>le club d\u00e9sire donner acc\u00e8s \u00e0 ses activit\u00e9s \u00e0 une personne sans exiger de frais d\u2019adh\u00e9sion parce que cette personne a rendu ou peut rendre \u00e0 court terme des services importants au club;<\/li>\n<li>le club d\u00e9sire donner acc\u00e8s \u00e0 ses activit\u00e9s \u00e0 une personne sans exiger de frais d\u2019adh\u00e9sion pour des raisons charitables.<\/li>\n<\/ol>\n<\/li>\n<\/ul>\n<\/li>\n<\/ul>\n<p style=\"text-align: justify; padding-left: 30px;\">Le statut de membre honoraire (permanent) ou de membre associ\u00e9 (annuel) est accord\u00e9 par le conseil d\u2019administration selon des crit\u00e8res et des processus qui ont \u00e9t\u00e9 d\u00e9finis.<\/p>\n<ul style=\"text-align: justify;\">\n<li><em>Les r\u00e9unions du conseil d\u2019administration<\/em><\/li>\n<\/ul>\n<p style=\"padding-left: 30px;\">Le conseil d\u2019administration a l\u2019intention de fonctionner encore cette ann\u00e9e comme par le pass\u00e9 pour la tenue de ses r\u00e9unions mensuelles. Il en a profit\u00e9 pour programmer les diff\u00e9rents sujets r\u00e9currents qu\u2019il doit aborder au cours de l\u2019ann\u00e9e.<\/p>\n<p><strong>Appui au Centre d\u2019action b\u00e9n\u00e9vole (CAB) de Saint-Bruno<\/strong><\/p>\n<p style=\"text-align: justify;\">Le conseil d\u2019administration a d\u00e9cid\u00e9 de soutenir le CAB pour son projet <em>La ressourcerie<\/em>. Sa demande de subvention au CLD de l\u2019agglom\u00e9ration de Longueuil a fait l\u2019objet d\u2019une lettre d\u2019appui du club.<\/p>\n<p style=\"text-align: justify;\">Sylvie Mazur, secr\u00e9taire du CIMBCC<\/p>\n<p>&nbsp;<\/p>\n","protected":false},"excerpt":{"rendered":"<p>Apr\u00e8s une pause estivale de deux mois, le conseil d\u2019administration a repris ses activit\u00e9s pour pr\u00e9parer l\u2019automne du club. Journ\u00e9e d\u2019information et d\u2019inscription Elle aura lieu le 9 septembre. Les personnes qui d\u00e9sireront s\u2019informer sur les activit\u00e9s du club et adh\u00e9rer ou renouveler leur adh\u00e9sion au club seront accueillies au Centre communautaire de Saint-Bruno.<\/p>\n","protected":false},"author":43,"featured_media":0,"comment_status":"open","ping_status":"closed","sticky":false,"template":"","format":"standard","meta":{"footnotes":""},"categories":[386],"tags":[],"class_list":["post-12629","post","type-post","status-publish","format-standard","hentry","category-echos-du-conseil-dadministration"],"_links":{"self":[{"href":"https:\/\/cimbcc.org\/test2\/wp-json\/wp\/v2\/posts\/12629","targetHints":{"allow":["GET"]}}],"collection":[{"href":"https:\/\/cimbcc.org\/test2\/wp-json\/wp\/v2\/posts"}],"about":[{"href":"https:\/\/cimbcc.org\/test2\/wp-json\/wp\/v2\/types\/post"}],"author":[{"embeddable":true,"href":"https:\/\/cimbcc.org\/test2\/wp-json\/wp\/v2\/users\/43"}],"replies":[{"embeddable":true,"href":"https:\/\/cimbcc.org\/test2\/wp-json\/wp\/v2\/comments?post=12629"}],"version-history":[{"count":19,"href":"https:\/\/cimbcc.org\/test2\/wp-json\/wp\/v2\/posts\/12629\/revisions"}],"predecessor-version":[{"id":12656,"href":"https:\/\/cimbcc.org\/test2\/wp-json\/wp\/v2\/posts\/12629\/revisions\/12656"}],"wp:attachment":[{"href":"https:\/\/cimbcc.org\/test2\/wp-json\/wp\/v2\/media?parent=12629"}],"wp:term":[{"taxonomy":"category","embeddable":true,"href":"https:\/\/cimbcc.org\/test2\/wp-json\/wp\/v2\/categories?post=12629"},{"taxonomy":"post_tag","embeddable":true,"href":"https:\/\/cimbcc.org\/test2\/wp-json\/wp\/v2\/tags?post=12629"}],"curies":[{"name":"wp","href":"https:\/\/api.w.org\/{rel}","templated":true}]}}