{"id":1265,"date":"2012-01-20T21:02:42","date_gmt":"2012-01-21T02:02:42","guid":{"rendered":"https:\/\/cimbcc.org\/test2\/?p=1265"},"modified":"2023-10-16T22:17:14","modified_gmt":"2023-10-17T02:17:14","slug":"echos-du-comite-de-direction-janvier-2012","status":"publish","type":"post","link":"https:\/\/cimbcc.org\/test2\/echos-du-comite-de-direction-janvier-2012\/","title":{"rendered":"\u00c9chos du comit\u00e9 de direction &#8211; janvier 2012"},"content":{"rendered":"<h4 style=\"text-align: left;\"><\/h4>\n<figure id=\"attachment_5745\" aria-describedby=\"caption-attachment-5745\" style=\"width: 320px\" class=\"wp-caption aligncenter\"><img loading=\"lazy\" decoding=\"async\" class=\"size-full wp-image-5745\" src=\"https:\/\/cimbcc.org\/test2\/wp-content\/uploads\/Photo-Du-CA-2011-2012.jpg\" alt=\"\" width=\"320\" height=\"85\" srcset=\"https:\/\/cimbcc.org\/test2\/wp-content\/uploads\/Photo-Du-CA-2011-2012.jpg 320w, https:\/\/cimbcc.org\/test2\/wp-content\/uploads\/Photo-Du-CA-2011-2012-300x79.jpg 300w\" sizes=\"auto, (max-width: 320px) 100vw, 320px\" \/><figcaption id=\"caption-attachment-5745\" class=\"wp-caption-text\">De gauche \u00e0 droite : Yvon Gaudreau, Roch Lafrance, Francine Desrosiers, R\u00e9jean C\u00f4t\u00e9, Annick Ledur, R\u00e9jean Daigle, Denis Dulude, Carmen Gamache, Andr\u00e9 Charest, Danielle Bourque et Michel Gagn\u00e9. Absent au moment de la prise de la photo, Walter Pearce.<\/figcaption><\/figure>\n<p style=\"text-align: justify;\">\u00c0 leur r\u00e9union du 6 d\u00e9cembre dernier, les membres de votre Comit\u00e9 de direction (CD) ont encore une fois touch\u00e9 \u00e0 un grand nombre de sujets.<\/p>\n<p style=\"text-align: justify;\"><!--more--><\/p>\n<p style=\"text-align: justify;\">Une nouvelle habitude s\u2019est install\u00e9e lors de la r\u00e9union pr\u00e9c\u00e9dente et devrait se perp\u00e9tuer \u00e0 chaque r\u00e9union mensuelle. Pour des raisons l\u00e9gales, chaque mois, le comit\u00e9 acceptera par r\u00e9solution la liste des membres en cours. Depuis la r\u00e9union pr\u00e9c\u00e9dente, seize (16) membres, dont trois (3) \u00e9taient des renouvellements, ont joint nos rangs; il n\u2019y a eu aucun d\u00e9part.<\/p>\n<p style=\"text-align: justify;\">Le comit\u00e9 a d\u00e9cern\u00e9 le titre de membres honoraires \u00e0 vie \u00e0 Messieurs Robert Paradis et Andr\u00e9 Bergeron. Robert Paradis a \u00e9t\u00e9 un membre tr\u00e8s actif pendant 21 ans. En plus d\u2019avoir \u00e9t\u00e9 pr\u00e9sentateur et d\u2019avoir fait beaucoup de choses, il a \u00e9dit\u00e9 le <em>CHIP<\/em> de 1999 \u00e0 2011. Andr\u00e9 Bergeron a \u00e9t\u00e9 membre pendant 14 ans, dont presque 12 comme webmestre. Ils rejoignent un petit cercle dont font aussi partie Messieurs Henri Charette et Michel Paul.<\/p>\n<p style=\"text-align: justify;\">Michel Gagn\u00e9 a fait rapport du travail du sous-comit\u00e9 qui \u0153uvre sur les suites \u00e0 donner aux formations qu\u2019ont suivies plusieurs membres du CD en octobre (r\u00f4les et responsabilit\u00e9s du conseil d\u2019administration dans un organisme \u00e0 but non lucratif). \u00c0 sa premi\u00e8re r\u00e9union, le sous-comit\u00e9 a produit une liste exhaustive d\u2019\u00e9l\u00e9ments \u00e0 discuter.<\/p>\n<p style=\"text-align: justify;\">Deux documents produits par le sous-comit\u00e9 ont \u00e9t\u00e9 \u00e9tudi\u00e9s en r\u00e9union. Un premier document a \u00e9t\u00e9 adopt\u00e9.<\/p>\n<p style=\"text-align: justify;\">Le CD a vot\u00e9 une r\u00e9solution pour proposer \u00e0 une assembl\u00e9e g\u00e9n\u00e9rale extraordinaire qui pourrait se tenir en mars prochain d\u2019avancer la fin de l\u2019ann\u00e9e financi\u00e8re du club du 30 juin au 31 mars.<\/p>\n<p style=\"text-align: justify;\">Il a \u00e9t\u00e9 aussi question de la page d\u2019accueil de notre site maintenant transform\u00e9e en blogue et du nouveau CHIP qui para\u00eetra sous forme \u00e9lectronique seulement, \u00e0 partir de 1<sup>er<\/sup> janvier. Il en sera question aux s\u00e9ances de pr\u00e9sentations.<\/p>\n<p style=\"text-align: justify;\">Walter Pearce, parrain au CD de la r\u00e9cup\u00e9ration du mat\u00e9riel informatique, a pr\u00e9sent\u00e9 les chiffres que lui a fournis Pierre St-Aubin, responsable de cette activit\u00e9. En un peu plus de 6 ans, ce service a r\u00e9cup\u00e9r\u00e9 241 tonnes de mat\u00e9riel \u00e9lectronique et \u00e9lectrique. La vente de mat\u00e9riel a g\u00e9n\u00e9r\u00e9 pr\u00e8s de 6000\u00a0$ qui ont \u00e9t\u00e9 distribu\u00e9s au Centre d\u2019action b\u00e9n\u00e9vole et \u00e0 la Maison des jeunes. Quarante-quatre (44) PC ont \u00e9t\u00e9 donn\u00e9s \u00e0 des organismes et des gens dans le besoin.<\/p>\n<p style=\"text-align: justify;\">R\u00e9jean Daigle, parrain lui au CD de l\u2019assistance par courriel, a fait part des statistiques de demandes d\u2019assistance que lui a fournies Jacques Lalibert\u00e9 responsable de cette activit\u00e9. En 2010, l\u2019\u00e9quipe a re\u00e7u 227 demandes. En dix mois seulement en 2011, on en \u00e9tait rendu \u00e0 279.<\/p>\n<p style=\"text-align: justify;\">La prochaine r\u00e9union du CD aura lieu le 10 janvier 2012.<\/p>\n<p style=\"text-align: justify;\">Andr\u00e9 Charest<\/p>\n","protected":false},"excerpt":{"rendered":"<p>\u00c0 leur r\u00e9union du 6 d\u00e9cembre dernier, les membres de votre Comit\u00e9 de direction (CD) ont encore une fois touch\u00e9 \u00e0 un grand nombre de sujets.<\/p>\n","protected":false},"author":43,"featured_media":0,"comment_status":"closed","ping_status":"closed","sticky":false,"template":"","format":"standard","meta":{"footnotes":""},"categories":[386],"tags":[232,41,472,246,594,552,110],"class_list":["post-1265","post","type-post","status-publish","format-standard","hentry","category-echos-du-conseil-dadministration","tag-assistance-par-courriel","tag-blogue","tag-budget","tag-chip","tag-membres","tag-membres-honoraires","tag-recuperation"],"_links":{"self":[{"href":"https:\/\/cimbcc.org\/test2\/wp-json\/wp\/v2\/posts\/1265","targetHints":{"allow":["GET"]}}],"collection":[{"href":"https:\/\/cimbcc.org\/test2\/wp-json\/wp\/v2\/posts"}],"about":[{"href":"https:\/\/cimbcc.org\/test2\/wp-json\/wp\/v2\/types\/post"}],"author":[{"embeddable":true,"href":"https:\/\/cimbcc.org\/test2\/wp-json\/wp\/v2\/users\/43"}],"replies":[{"embeddable":true,"href":"https:\/\/cimbcc.org\/test2\/wp-json\/wp\/v2\/comments?post=1265"}],"version-history":[{"count":27,"href":"https:\/\/cimbcc.org\/test2\/wp-json\/wp\/v2\/posts\/1265\/revisions"}],"predecessor-version":[{"id":25914,"href":"https:\/\/cimbcc.org\/test2\/wp-json\/wp\/v2\/posts\/1265\/revisions\/25914"}],"wp:attachment":[{"href":"https:\/\/cimbcc.org\/test2\/wp-json\/wp\/v2\/media?parent=1265"}],"wp:term":[{"taxonomy":"category","embeddable":true,"href":"https:\/\/cimbcc.org\/test2\/wp-json\/wp\/v2\/categories?post=1265"},{"taxonomy":"post_tag","embeddable":true,"href":"https:\/\/cimbcc.org\/test2\/wp-json\/wp\/v2\/tags?post=1265"}],"curies":[{"name":"wp","href":"https:\/\/api.w.org\/{rel}","templated":true}]}}