{"id":12865,"date":"2015-09-11T09:32:22","date_gmt":"2015-09-11T13:32:22","guid":{"rendered":"https:\/\/cimbcc.org\/test2\/?p=12865"},"modified":"2023-10-16T22:15:51","modified_gmt":"2023-10-17T02:15:51","slug":"septembre-2015-le-mot-du-president-2","status":"publish","type":"post","link":"https:\/\/cimbcc.org\/test2\/septembre-2015-le-mot-du-president-2\/","title":{"rendered":"Mot du pr\u00e9sident &#8211; septembre 2015"},"content":{"rendered":"<figure id=\"attachment_23836\" aria-describedby=\"caption-attachment-23836\" style=\"width: 125px\" class=\"wp-caption aligncenter\"><img loading=\"lazy\" decoding=\"async\" class=\"size-full wp-image-23836\" src=\"https:\/\/cimbcc.org\/test2\/wp-content\/uploads\/photo_cote_rejean.jpg\" alt=\"\" width=\"125\" height=\"125\" \/><figcaption id=\"caption-attachment-23836\" class=\"wp-caption-text\"><span style=\"color: #ffffff;\">mmmm<\/span>R\u00e9jean C\u00f4t\u00e9<\/figcaption><\/figure>\n<p style=\"text-align: justify;\">En tout premier lieu, je voudrais souhaiter la bienvenue aux nouveaux membres qui se sont inscrits derni\u00e8rement au club. J\u2019aimerais aussi remercier les membres qui nous font confiance pour une autre ann\u00e9e en renouvelant leur adh\u00e9sion. De vous savoir l\u00e0, nous motive \u00e0 pers\u00e9v\u00e9rer dans l\u2019am\u00e9lioration des services qui vous sont offerts par le club.<\/p>\n<p style=\"text-align: justify;\"><!--more--><\/p>\n<p style=\"text-align: justify;\">La <em>Journ\u00e9e d\u2019information et d\u2019inscription<\/em> du 9\u00a0septembre a \u00e9t\u00e9 tr\u00e8s appr\u00e9ci\u00e9e par les membres. Danielle Bourque en \u00e9tait la responsable et plus de vingt b\u00e9n\u00e9voles ont accueilli les membres et les visiteurs au Centre communautaire. 282\u00a0personnes s\u2019y sont pr\u00e9sent\u00e9es pour s\u2019inscrire, pour renouveler leur adh\u00e9sion et pour s\u2019informer sur\u00a0les services offerts par le club.<\/p>\n<p style=\"text-align: justify;\">Cette ann\u00e9e, le club pr\u00e9voit 53\u00a0s\u00e9ances de pr\u00e9sentations sous la coordination de Guy B\u00e9langer. Comme par le pass\u00e9, il y aura des pr\u00e9sentations de la s\u00e9rie <em>Facile<\/em> et des pr\u00e9sentations de la s\u00e9rie <em>D\u00e9couverte<\/em>. Les pr\u00e9sentations populaires sur les tablettes \u00e9lectroniques iPad et Android seront de retour. Il y aura\u00a0aussi quelques nouveaut\u00e9s comme des pr\u00e9sentations sur Windows\u00a010 et son navigateur Edge, et sur Kijiji. Pour en savoir plus, je vous invite \u00e0 consulter le calendrier\u00a02015-2016\u00a0: <a href=\"https:\/\/cimbcc.org\/test2\/wp-content\/uploads\/Calendriers-et-notes-de-pr%C3%A9sentations.pdf\" target=\"_blank\" rel=\"noopener noreferrer\">https:\/\/cimbcc.org\/test2\/wp-content\/uploads\/Calendriers-et-notes-de-pr%C3%A9sentations.pdf<\/a>.<\/p>\n<p style=\"text-align: justify;\">Denis Charron, administrateur du club, a travaill\u00e9 de concert avec la Ville de Saint-Bruno pour ajouter le syst\u00e8me d\u2019\u00e9coute personnalis\u00e9 DECADE au nouveau syst\u00e8me d\u2019amplification install\u00e9 au chalet Marie-Victorin, en mai dernier. Bien que ce syst\u00e8me vise d\u2019abord \u00e0 faciliter l\u2019\u00e9coute pour les personnes malentendantes, il est accessible \u00e0 tous les participants des pr\u00e9sentations du mercredi et du vendredi. Pour en profiter, il vous suffit d\u2019apporter une petite radio FM munie d\u2019\u00e9couteurs, de syntoniser\u00a089,7 et d\u2019ajuster le volume \u00e0 votre besoin pour mieux entendre le pr\u00e9sentateur, sans \u00eatre d\u00e9rang\u00e9 par les bruits autour de vous.<\/p>\n<p style=\"text-align: justify;\">Les responsables des ateliers, Berthe Demers et Genevi\u00e8ve Renaud, ont annonc\u00e9 que 11\u00a0ateliers seront offerts cet automne. L\u2019animation d\u2019un atelier est tr\u00e8s valorisante et c\u2019est aussi une belle fa\u00e7on d\u2019approfondir un sujet qui vous tient \u00e0 c\u0153ur. Alors, si vous avez envie d\u2019animer un atelier sur un sujet qui vous passionne, c\u2019est avec plaisir que nous vous apporterons toute l\u2019aide n\u00e9cessaire \u00e0 la r\u00e9ussite de votre projet.<\/p>\n<p style=\"text-align: justify;\">Des cours d\u2019initiation \u00e0 Internet seront encore donn\u00e9s dans les biblioth\u00e8ques de Saint-Bruno, Saint-Basile et Sainte-Julie. Michel Gagn\u00e9 en est le responsable depuis maintenant dix\u00a0ans. Il y a trois\u00a0niveaux de cours d\u2019initiation\u00a0: un cours pr\u00e9paratoire, un cours de niveau\u00a01 et un cours de niveau\u00a02. Si vous connaissez des membres de votre famille ou de votre entourage qui aimeraient profiter de ces cours d\u2019initiation \u00e0 Internet, dites-leur de communiquer avec nous. Ces cours d\u2019initiation \u00e0 l\u2019informatique sont gratuits et il n\u2019est pas n\u00e9cessaire d\u2019\u00eatre membre du club pour y assister.<\/p>\n<p style=\"text-align: justify;\">Le club compte actuellement 68\u00a0b\u00e9n\u00e9voles qui travaillent pour vous. Comme d\u2019habitude, nous sommes \u00e0 la recherche de nouveaux b\u00e9n\u00e9voles pour continuer \u00e0 offrir \u00e0 nos membres tous nos services actuels. Des b\u00e9n\u00e9voles plus nombreux permettront aussi d\u2019all\u00e9ger la t\u00e2che de nos \u00ab\u00a0super b\u00e9n\u00e9voles\u00a0\u00bb qu\u2019il faut \u00e9viter d\u2019\u00e9puiser. Nous souhaitons la bienvenue \u00e0 ceux et celles qui veulent se joindre \u00e0 notre \u00e9quipe dynamique. Votre participation est pr\u00e9cieuse et, m\u00eame, n\u00e9cessaire au bon fonctionnement du club.<\/p>\n<p style=\"text-align: justify;\">R\u00e9jean C\u00f4t\u00e9, pr\u00e9sident<\/p>\n","protected":false},"excerpt":{"rendered":"<p>En tout premier lieu, je voudrais souhaiter la bienvenue aux nouveaux membres qui se sont inscrits derni\u00e8rement au club. J\u2019aimerais aussi remercier les membres qui nous font confiance pour une autre ann\u00e9e en renouvelant leur adh\u00e9sion. De vous savoir l\u00e0, nous motive \u00e0 pers\u00e9v\u00e9rer dans l\u2019am\u00e9lioration des services qui vous sont offerts par le club.<\/p>\n","protected":false},"author":43,"featured_media":0,"comment_status":"open","ping_status":"closed","sticky":false,"template":"","format":"standard","meta":{"footnotes":""},"categories":[11],"tags":[906,401,371,370,143,271],"class_list":["post-12865","post","type-post","status-publish","format-standard","hentry","category-mots-du-president","tag-cours-dans-les-bibliotheques","tag-decade","tag-decouverte","tag-facile","tag-journee-dinformation-et-dinscription","tag-presentations"],"_links":{"self":[{"href":"https:\/\/cimbcc.org\/test2\/wp-json\/wp\/v2\/posts\/12865","targetHints":{"allow":["GET"]}}],"collection":[{"href":"https:\/\/cimbcc.org\/test2\/wp-json\/wp\/v2\/posts"}],"about":[{"href":"https:\/\/cimbcc.org\/test2\/wp-json\/wp\/v2\/types\/post"}],"author":[{"embeddable":true,"href":"https:\/\/cimbcc.org\/test2\/wp-json\/wp\/v2\/users\/43"}],"replies":[{"embeddable":true,"href":"https:\/\/cimbcc.org\/test2\/wp-json\/wp\/v2\/comments?post=12865"}],"version-history":[{"count":12,"href":"https:\/\/cimbcc.org\/test2\/wp-json\/wp\/v2\/posts\/12865\/revisions"}],"predecessor-version":[{"id":27853,"href":"https:\/\/cimbcc.org\/test2\/wp-json\/wp\/v2\/posts\/12865\/revisions\/27853"}],"wp:attachment":[{"href":"https:\/\/cimbcc.org\/test2\/wp-json\/wp\/v2\/media?parent=12865"}],"wp:term":[{"taxonomy":"category","embeddable":true,"href":"https:\/\/cimbcc.org\/test2\/wp-json\/wp\/v2\/categories?post=12865"},{"taxonomy":"post_tag","embeddable":true,"href":"https:\/\/cimbcc.org\/test2\/wp-json\/wp\/v2\/tags?post=12865"}],"curies":[{"name":"wp","href":"https:\/\/api.w.org\/{rel}","templated":true}]}}