{"id":12935,"date":"2015-09-24T06:00:49","date_gmt":"2015-09-24T10:00:49","guid":{"rendered":"https:\/\/cimbcc.org\/test2\/?p=12935"},"modified":"2023-10-16T22:15:51","modified_gmt":"2023-10-17T02:15:51","slug":"septembre-2015-echos-du-conseil-dadministration","status":"publish","type":"post","link":"https:\/\/cimbcc.org\/test2\/septembre-2015-echos-du-conseil-dadministration\/","title":{"rendered":"Echos du conseil d&rsquo;administration &#8211; septembre 2015"},"content":{"rendered":"<figure id=\"attachment_11748\" aria-describedby=\"caption-attachment-11748\" style=\"width: 500px\" class=\"wp-caption aligncenter\"><a href=\"https:\/\/cimbcc.org\/test2\/wp-content\/uploads\/CA_2015_2016v2.jpg\"><img loading=\"lazy\" decoding=\"async\" class=\"size-full wp-image-11748\" src=\"https:\/\/cimbcc.org\/test2\/wp-content\/uploads\/CA_2015_2016v2.jpg\" alt=\"CA_2015-2016\" width=\"500\" height=\"269\" srcset=\"https:\/\/cimbcc.org\/test2\/wp-content\/uploads\/CA_2015_2016v2.jpg 500w, https:\/\/cimbcc.org\/test2\/wp-content\/uploads\/CA_2015_2016v2-300x161.jpg 300w\" sizes=\"auto, (max-width: 500px) 100vw, 500px\" \/><\/a><figcaption id=\"caption-attachment-11748\" class=\"wp-caption-text\">Rang\u00e9e du haut : Walter Pearce, Yvon Gaudreau, Danielle Charest Bourque, Berthe Demers, Michel Gagn\u00e9, Sylvie Mazur, Denis Charron. Rang\u00e9e du bas : Richard Gervais, R\u00e9jean C\u00f4t\u00e9, R\u00e9jean Daigle, Jacques Lalibert\u00e9.<\/figcaption><\/figure>\n<p style=\"text-align: justify;\">La r\u00e9union du 1<sup>er<\/sup> septembre fut l\u2019occasion de r\u00e9affirmer la <strong>mission<\/strong> et la <strong>politique g\u00e9n\u00e9rale<\/strong> du club qu\u2019on trouvera sur le site du club sous l\u2019onglet <em>\u00c0 propos<\/em>.<\/p>\n<p style=\"text-align: justify;\"><!--more--><\/p>\n<h4 style=\"text-align: justify;\"><strong>\u00a0<\/strong><strong>B\u00e9n\u00e9voles recherch\u00e9s<\/strong><\/h4>\n<p style=\"text-align: justify;\">Le club est toujours \u00e0 la recherche de b\u00e9n\u00e9voles sans qui aucune activit\u00e9 n\u2019est possible. Le conseil d\u2019administration a donc fait le point sur les besoins actuels. La liste de ces besoins peut \u00eatre consult\u00e9e sur la page des <em>B\u00c9N\u00c9VOLES DEMAND\u00c9S<\/em> du site Internet (<a href=\"https:\/\/cimbcc.org\/test2\/le-club-2\/benevoles-demandes\" target=\"_blank\" rel=\"noopener\">https:\/\/cimbcc.org\/test2\/le-club-2\/benevoles-demandes<\/a>).<\/p>\n<p style=\"text-align: justify;\">Pour all\u00e9ger la t\u00e2che de certains b\u00e9n\u00e9voles, il a fortement \u00e9t\u00e9 recommand\u00e9 de partager entre plusieurs personnes les responsabilit\u00e9s qui ont parfois \u00e9t\u00e9 assum\u00e9es par une seule jusqu\u2019\u00e0 maintenant. Par exemple, l\u2019accueil aux s\u00e9ances de pr\u00e9sentations et le registre des membres ont \u00e9t\u00e9 confi\u00e9s \u00e0 deux personnes diff\u00e9rentes. D\u2019autres am\u00e9nagements de la sorte sont possibles.<\/p>\n<p style=\"text-align: justify;\">Par ailleurs, tous les nouveaux b\u00e9n\u00e9voles seront int\u00e9gr\u00e9s \u00e0 une \u00e9quipe dont ils recevront tout le soutien dont ils peuvent avoir besoin pour s\u2019approprier les objectifs et les t\u00e2ches \u00e0 r\u00e9aliser. Le responsable actuel se retirera apr\u00e8s s\u2019\u00eatre assur\u00e9 que son successeur sera \u00e0 l\u2019aise avec ses nouvelles responsabilit\u00e9s. Par exemple, les responsables de l\u2019accueil, des ateliers et du <em>CHIP<\/em> seront disponibles toute l\u2019ann\u00e9e ou une grande partie de l\u2019ann\u00e9e pour assurer la formation de la personne qui prendra leur rel\u00e8ve.<\/p>\n<h4><strong>Invitation des <em>Vieux branch\u00e9s<\/em> de Longueuil\u00a0 <\/strong><\/h4>\n<p style=\"text-align: justify;\">Le club informatique des <em>Vieux branch\u00e9s<\/em> de Longueuil veut cr\u00e9er une page communautaire sur Facebook avec la collaboration des autres clubs informatiques de la Rive-Sud. Le CIMBCC a re\u00e7u une invitation \u00e0 y participer. Le conseil d\u2019administration a d\u00e9cid\u00e9 de soutenir cette initiative en proposant aux \u00e9diteurs de cette page Facebook d\u2019y int\u00e9grer tout article publi\u00e9 sur notre blogue qui leur semblera int\u00e9ressant.<\/p>\n<h4 style=\"text-align: justify;\"><strong>R\u00e9cup\u00e9ration \u2013 Recyclage d\u2019ordinateurs<\/strong><\/h4>\n<p style=\"text-align: justify;\">Depuis le d\u00e9but de l\u2019ann\u00e9e\u00a02015, le service de r\u00e9cup\u00e9ration du mat\u00e9riel informatique a d\u00e9j\u00e0 permis d\u2019amasser 2\u00a0800\u00a0$ qui ont \u00e9t\u00e9 distribu\u00e9s \u00e0 des organismes communautaires. La restauration d\u2019ordinateurs a par ailleurs permis de fournir 16 ordinateurs recycl\u00e9s \u00e0 l\u2019organisme <em>Union vision communautaire<\/em> qui les a exp\u00e9di\u00e9s \u00e0 une \u00e9cole ha\u00eftienne. Des repr\u00e9sentants de cet organisme sont d\u2019ailleurs venus remercier en personne les b\u00e9n\u00e9voles du service de r\u00e9cup\u00e9ration.<\/p>\n<h4 style=\"text-align: justify;\"><strong>Ordinateurs du club et Windows\u00a010<\/strong><\/h4>\n<p style=\"text-align: justify;\">Il a \u00e9t\u00e9 d\u00e9cid\u00e9 d\u2019installer Windows\u00a010 sur deux des ordinateurs du club. Les b\u00e9n\u00e9voles qui ont \u00e0 r\u00e9pondre aux questions des membres dans le cadre de leurs activit\u00e9s au club (animateurs d\u2019atelier, instructeurs, pr\u00e9sentateurs, membres des \u00e9quipes de d\u00e9pannage) pourront emprunter un ordinateur muni de Windows\u00a010 dans le but de se familiariser avec ce nouveau syst\u00e8me. Enfin, le conseil d\u2019administration a approuv\u00e9 l\u2019achat d\u2019un nouvel ordinateur muni de Windows\u00a010.<\/p>\n<h4 style=\"text-align: justify;\"><strong>Gestion des ordinateurs et des \u00e9quipements du club<\/strong><\/h4>\n<p style=\"text-align: justify;\">Les ordinateurs et \u00e9quipements dont le club est propri\u00e9taire servent exclusivement dans le cadre des activit\u00e9s du club. La description de leur utilisation, de leur entretien et de leur entreposage ainsi que leur inventaire sont inclus dans un document de r\u00e9f\u00e9rence du conseil d\u2019administration. Les responsabilit\u00e9s de chaque utilisateur y sont \u00e9galement pr\u00e9sent\u00e9es. Le conseil d\u2019administration a constat\u00e9 que ces lignes directrices sont bien respect\u00e9es et il a confirm\u00e9 leur maintien.<\/p>\n<p style=\"text-align: justify;\">Sylvie Mazur<br \/>\nSecr\u00e9taire du CIMBCC<\/p>\n<p>&nbsp;<\/p>\n","protected":false},"excerpt":{"rendered":"<p>La r\u00e9union du 1er septembre fut l\u2019occasion de r\u00e9affirmer la mission et la politique g\u00e9n\u00e9rale du club qu\u2019on trouvera sur le site du club sous l\u2019onglet \u00c0 propos.<\/p>\n","protected":false},"author":43,"featured_media":0,"comment_status":"open","ping_status":"closed","sticky":false,"template":"","format":"standard","meta":{"footnotes":""},"categories":[386],"tags":[],"class_list":["post-12935","post","type-post","status-publish","format-standard","hentry","category-echos-du-conseil-dadministration"],"_links":{"self":[{"href":"https:\/\/cimbcc.org\/test2\/wp-json\/wp\/v2\/posts\/12935","targetHints":{"allow":["GET"]}}],"collection":[{"href":"https:\/\/cimbcc.org\/test2\/wp-json\/wp\/v2\/posts"}],"about":[{"href":"https:\/\/cimbcc.org\/test2\/wp-json\/wp\/v2\/types\/post"}],"author":[{"embeddable":true,"href":"https:\/\/cimbcc.org\/test2\/wp-json\/wp\/v2\/users\/43"}],"replies":[{"embeddable":true,"href":"https:\/\/cimbcc.org\/test2\/wp-json\/wp\/v2\/comments?post=12935"}],"version-history":[{"count":12,"href":"https:\/\/cimbcc.org\/test2\/wp-json\/wp\/v2\/posts\/12935\/revisions"}],"predecessor-version":[{"id":24963,"href":"https:\/\/cimbcc.org\/test2\/wp-json\/wp\/v2\/posts\/12935\/revisions\/24963"}],"wp:attachment":[{"href":"https:\/\/cimbcc.org\/test2\/wp-json\/wp\/v2\/media?parent=12935"}],"wp:term":[{"taxonomy":"category","embeddable":true,"href":"https:\/\/cimbcc.org\/test2\/wp-json\/wp\/v2\/categories?post=12935"},{"taxonomy":"post_tag","embeddable":true,"href":"https:\/\/cimbcc.org\/test2\/wp-json\/wp\/v2\/tags?post=12935"}],"curies":[{"name":"wp","href":"https:\/\/api.w.org\/{rel}","templated":true}]}}