{"id":13080,"date":"2015-10-09T06:00:09","date_gmt":"2015-10-09T10:00:09","guid":{"rendered":"https:\/\/cimbcc.org\/test2\/?p=13080"},"modified":"2023-10-16T22:15:51","modified_gmt":"2023-10-17T02:15:51","slug":"mot-du-president-octobre-2015","status":"publish","type":"post","link":"https:\/\/cimbcc.org\/test2\/mot-du-president-octobre-2015\/","title":{"rendered":"Mot du pr\u00e9sident &#8211; octobre 2015"},"content":{"rendered":"<figure id=\"attachment_23836\" aria-describedby=\"caption-attachment-23836\" style=\"width: 125px\" class=\"wp-caption aligncenter\"><img loading=\"lazy\" decoding=\"async\" class=\"size-full wp-image-23836\" src=\"https:\/\/cimbcc.org\/test2\/wp-content\/uploads\/photo_cote_rejean.jpg\" alt=\"\" width=\"125\" height=\"125\" \/><figcaption id=\"caption-attachment-23836\" class=\"wp-caption-text\"><span style=\"color: #ffffff;\">mmmm<\/span>R\u00e9jean C\u00f4t\u00e9<\/figcaption><\/figure>\n<h4 style=\"text-align: left;\">LE MOT DU PR\u00c9SIDENT<\/h4>\n<p style=\"text-align: justify;\">Il y a eu une tr\u00e8s bonne participation des membres aux cinq s\u00e9ances de septembre 2015 avec une moyenne de 95 membres par s\u00e9ance. C\u2019est toujours encourageant pour les pr\u00e9sentateurs de constater que les membres s\u2019int\u00e9ressent en si grand nombre aux sujets qu\u2019ils pr\u00e9sentent. Au cours des derni\u00e8res ann\u00e9es, l\u2019int\u00e9r\u00eat de la part des membres d\u00e9clinait \u00e0 mesure que la session avan\u00e7ait. Nous esp\u00e9rons que ce sera diff\u00e9rent cette ann\u00e9e, car \u00e0 voir toutes les inscriptions aux ateliers de cet automne, on constate que les membres souhaitent parfaire leurs connaissances en informatique.<\/p>\n<p style=\"text-align: justify;\"><!--more--><\/p>\n<p style=\"text-align: justify;\">Il semble y avoir un grand engouement de la part des membres pour le nouveau syst\u00e8me d\u2019exploitation Windows 10. Nous avions recommand\u00e9 aux membres d\u2019attendre quelques mois avant d\u2019installer la mise \u00e0 jour parce que le concepteur doit habituellement corriger toutes sortes de bogues qui apparaissent dans un nouveau syst\u00e8me d\u2019exploitation. Avant de proc\u00e9der \u00e0 cette mise \u00e0 jour, nous vous recommandons aussi d\u2019assister \u00e0 l\u2019une des deux pr\u00e9sentations sur Windows 10 qui se tiendront le 28 octobre et le 13 novembre. Quelques membres ont tout de m\u00eame t\u00e9l\u00e9charg\u00e9 et install\u00e9 cette mise \u00e0 jour. Pour certains, ce fut une r\u00e9ussite et pour d\u2019autres, un cauchemar.<\/p>\n<p style=\"text-align: justify;\">Lors de la pr\u00e9sentation sur Windows 10, vous apprendrez ce qu\u2019il faut conna\u00eetre et faire avant de t\u00e9l\u00e9charger cette mise \u00e0 jour importante et d\u2019en r\u00e9ussir l\u2019installation. Cette pr\u00e9sentation vous aidera aussi \u00e0 mieux comprendre l\u2019environnement de ce nouveau syst\u00e8me d\u2019exploitation.<\/p>\n<p style=\"text-align: justify;\">Si vous envisagez d\u2019acheter un nouvel ordinateur, sachez que les d\u00e9taillants essaieront de vous vendre d\u2019abord un ordinateur avec Windows 8.1 pr\u00e9install\u00e9 par le manufacturier, auquel ils auront ajout\u00e9 la mise \u00e0 jour de Windows 10. C\u2019est le cas de plusieurs ordinateurs en vente actuellement. Les d\u00e9taillants essaient de passer les ordinateurs qu\u2019ils ont en magasin avant de vendre les nouveaux ordinateurs pr\u00e9install\u00e9s avec Windows 10.<\/p>\n<p style=\"text-align: justify;\">Vous n\u2019avez aucun avantage \u00e0 acheter un ordinateur avec Windows 8.1 auquel le d\u00e9taillant aura ajout\u00e9 la mise \u00e0 jour de Windows 10, sinon d\u2019avoir pay\u00e9 un peu moins cher. Si un jour, \u00e0 la suite d\u2019une d\u00e9fectuosit\u00e9, vous avez \u00e0 r\u00e9installer Windows 10 sur cet ordinateur, il se peut que vous deviez contacter l\u2019assistance technique de Microsoft pour obtenir de l\u2019aide concernant l\u2019activation. De plus, si vous n\u2019avez pas fait d\u2019image syst\u00e8me, vous risquez d\u2019avoir \u00e0 payer pour la licence de Windows 10. Alors, pour \u00e9viter tous ces probl\u00e8mes, achetez seulement un ordinateur avec Windows 10 pr\u00e9install\u00e9 par le manufacturier. Vous pourrez ainsi cr\u00e9er votre propre support d\u2019installation, sur une cl\u00e9 USB ou sur des DVD, et l\u2019utiliser pour proc\u00e9der \u00e0 la r\u00e9installation de votre ordinateur.<\/p>\n<p style=\"text-align: justify;\">Comme je vous l\u2019annon\u00e7ais derni\u00e8rement, la Ville de Saint-Bruno a ajout\u00e9 le syst\u00e8me d\u2019\u00e9coute personnalis\u00e9 DECADE au nouveau syst\u00e8me d\u2019amplification install\u00e9 au chalet Marie-Victorin. Bien que ce syst\u00e8me vise d\u2019abord \u00e0 faciliter l\u2019\u00e9coute pour les personnes malentendantes, il est accessible \u00e0 tous les participants des pr\u00e9sentations du mercredi et du vendredi. Pour en profiter, il vous suffit d\u2019apporter une radio FM ou votre t\u00e9l\u00e9phone cellulaire munis d\u2019\u00e9couteurs, de syntoniser 89,7 et d\u2019ajuster le volume \u00e0 votre besoin pour mieux entendre le pr\u00e9sentateur, sans \u00eatre d\u00e9rang\u00e9 par les bruits autour de vous.<\/p>\n<p>R\u00e9jean C\u00f4t\u00e9<\/p>\n","protected":false},"excerpt":{"rendered":"<p>LE MOT DU PR\u00c9SIDENT Il y a eu une tr\u00e8s bonne participation des membres aux cinq s\u00e9ances de septembre 2015 avec une moyenne de 95 membres par s\u00e9ance. C\u2019est toujours encourageant pour les pr\u00e9sentateurs de constater que les membres s\u2019int\u00e9ressent en si grand nombre aux sujets qu\u2019ils pr\u00e9sentent. Au cours des derni\u00e8res ann\u00e9es, l\u2019int\u00e9r\u00eat de &hellip; <a href=\"https:\/\/cimbcc.org\/test2\/mot-du-president-octobre-2015\/\" class=\"more-link\">Continuer la lecture de <span class=\"screen-reader-text\">Mot du pr\u00e9sident &#8211; octobre 2015<\/span>  <span class=\"meta-nav\">&rarr;<\/span><\/a><\/p>\n","protected":false},"author":43,"featured_media":0,"comment_status":"open","ping_status":"closed","sticky":false,"template":"","format":"standard","meta":{"footnotes":""},"categories":[11],"tags":[112,401,88,119],"class_list":["post-13080","post","type-post","status-publish","format-standard","hentry","category-mots-du-president","tag-achat","tag-decade","tag-windows-10","tag-windows-8-1"],"_links":{"self":[{"href":"https:\/\/cimbcc.org\/test2\/wp-json\/wp\/v2\/posts\/13080","targetHints":{"allow":["GET"]}}],"collection":[{"href":"https:\/\/cimbcc.org\/test2\/wp-json\/wp\/v2\/posts"}],"about":[{"href":"https:\/\/cimbcc.org\/test2\/wp-json\/wp\/v2\/types\/post"}],"author":[{"embeddable":true,"href":"https:\/\/cimbcc.org\/test2\/wp-json\/wp\/v2\/users\/43"}],"replies":[{"embeddable":true,"href":"https:\/\/cimbcc.org\/test2\/wp-json\/wp\/v2\/comments?post=13080"}],"version-history":[{"count":17,"href":"https:\/\/cimbcc.org\/test2\/wp-json\/wp\/v2\/posts\/13080\/revisions"}],"predecessor-version":[{"id":24954,"href":"https:\/\/cimbcc.org\/test2\/wp-json\/wp\/v2\/posts\/13080\/revisions\/24954"}],"wp:attachment":[{"href":"https:\/\/cimbcc.org\/test2\/wp-json\/wp\/v2\/media?parent=13080"}],"wp:term":[{"taxonomy":"category","embeddable":true,"href":"https:\/\/cimbcc.org\/test2\/wp-json\/wp\/v2\/categories?post=13080"},{"taxonomy":"post_tag","embeddable":true,"href":"https:\/\/cimbcc.org\/test2\/wp-json\/wp\/v2\/tags?post=13080"}],"curies":[{"name":"wp","href":"https:\/\/api.w.org\/{rel}","templated":true}]}}