{"id":13181,"date":"2015-10-24T06:00:40","date_gmt":"2015-10-24T10:00:40","guid":{"rendered":"https:\/\/cimbcc.org\/test2\/?p=13181"},"modified":"2023-10-16T22:15:50","modified_gmt":"2023-10-17T02:15:50","slug":"13181-2","status":"publish","type":"post","link":"https:\/\/cimbcc.org\/test2\/13181-2\/","title":{"rendered":"Mise en garde Windows 10"},"content":{"rendered":"<figure id=\"attachment_23836\" aria-describedby=\"caption-attachment-23836\" style=\"width: 125px\" class=\"wp-caption aligncenter\"><img loading=\"lazy\" decoding=\"async\" class=\"size-full wp-image-23836\" src=\"https:\/\/cimbcc.org\/test2\/wp-content\/uploads\/photo_cote_rejean.jpg\" alt=\"\" width=\"125\" height=\"125\" \/><figcaption id=\"caption-attachment-23836\" class=\"wp-caption-text\"><span style=\"color: #ffffff;\">mmmm<\/span>R\u00e9jean C\u00f4t\u00e9<\/figcaption><\/figure>\n<h4 style=\"text-align: left;\">Mise \u00e0 jour de Windows 10<\/h4>\n<p style=\"text-align: justify;\">Deux pr\u00e9sentations sur Windows\u00a010 vous seront propos\u00e9es les 28 octobre et 13 novembre prochain, et plusieurs membres attendent avec impatience d\u2019y assister.<!--more--><\/p>\n<p style=\"text-align: justify;\">Depuis pr\u00e8s d\u2019un mois, j\u2019utilise Windows\u00a010 et je dois dire que j\u2019en suis tr\u00e8s satisfait. Mais avant de se lancer dans l\u2019aventure de l\u2019installation de la mise \u00e0 jour de Windows\u00a010, il faut en conna\u00eetre les avantages et les inconv\u00e9nients.<\/p>\n<p style=\"text-align: justify;\">Je vous propose de cliquer sur le lien ci-dessous pour prendre connaissance de quelques mises en garde, car plus on en conna\u00eetra sur cette mise \u00e0 jour, plus on aura de chances d\u2019en r\u00e9ussir l\u2019installation.<\/p>\n<p style=\"text-align: justify;\"><a href=\"http:\/\/www.commentcamarche.net\/faq\/44454-mise-a-jour-windows-10-pourquoi-ne-faut-il-pas-se-presser\" target=\"_blank\" rel=\"noopener\">http:\/\/www.commentcamarche.net\/faq\/44454-mise-a-jour-windows-10-pourquoi-ne-faut-il-pas-se-presser<\/a><\/p>\n<p style=\"text-align: justify;\">Le but de cet article n\u2019est pas de vous faire peur, mais bien de vous inviter \u00e0 agir avec prudence avant de t\u00e9l\u00e9charger la mise \u00e0 jour de Windows\u00a010.<\/p>\n<p style=\"text-align: justify;\">R\u00e9jean C\u00f4t\u00e9<\/p>\n<p>&nbsp;<\/p>\n","protected":false},"excerpt":{"rendered":"<p>Mise \u00e0 jour de Windows 10 Deux pr\u00e9sentations sur Windows\u00a010 vous seront propos\u00e9es les 28 octobre et 13 novembre prochain, et plusieurs membres attendent avec impatience d\u2019y assister.<\/p>\n","protected":false},"author":43,"featured_media":0,"comment_status":"open","ping_status":"closed","sticky":false,"template":"","format":"standard","meta":{"footnotes":""},"categories":[53],"tags":[88],"class_list":["post-13181","post","type-post","status-publish","format-standard","hentry","category-chronique-logiciel","tag-windows-10"],"_links":{"self":[{"href":"https:\/\/cimbcc.org\/test2\/wp-json\/wp\/v2\/posts\/13181","targetHints":{"allow":["GET"]}}],"collection":[{"href":"https:\/\/cimbcc.org\/test2\/wp-json\/wp\/v2\/posts"}],"about":[{"href":"https:\/\/cimbcc.org\/test2\/wp-json\/wp\/v2\/types\/post"}],"author":[{"embeddable":true,"href":"https:\/\/cimbcc.org\/test2\/wp-json\/wp\/v2\/users\/43"}],"replies":[{"embeddable":true,"href":"https:\/\/cimbcc.org\/test2\/wp-json\/wp\/v2\/comments?post=13181"}],"version-history":[{"count":5,"href":"https:\/\/cimbcc.org\/test2\/wp-json\/wp\/v2\/posts\/13181\/revisions"}],"predecessor-version":[{"id":24946,"href":"https:\/\/cimbcc.org\/test2\/wp-json\/wp\/v2\/posts\/13181\/revisions\/24946"}],"wp:attachment":[{"href":"https:\/\/cimbcc.org\/test2\/wp-json\/wp\/v2\/media?parent=13181"}],"wp:term":[{"taxonomy":"category","embeddable":true,"href":"https:\/\/cimbcc.org\/test2\/wp-json\/wp\/v2\/categories?post=13181"},{"taxonomy":"post_tag","embeddable":true,"href":"https:\/\/cimbcc.org\/test2\/wp-json\/wp\/v2\/tags?post=13181"}],"curies":[{"name":"wp","href":"https:\/\/api.w.org\/{rel}","templated":true}]}}