{"id":13299,"date":"2015-11-18T06:00:27","date_gmt":"2015-11-18T11:00:27","guid":{"rendered":"https:\/\/cimbcc.org\/test2\/?p=13299"},"modified":"2023-10-16T22:15:50","modified_gmt":"2023-10-17T02:15:50","slug":"mise-a-jour-de-windows-788-1-vers-windows-10","status":"publish","type":"post","link":"https:\/\/cimbcc.org\/test2\/mise-a-jour-de-windows-788-1-vers-windows-10\/","title":{"rendered":"Mise \u00e0 jour de Windows 7\/8\/8.1 vers Windows 10"},"content":{"rendered":"<figure id=\"attachment_24079\" aria-describedby=\"caption-attachment-24079\" style=\"width: 125px\" class=\"wp-caption aligncenter\"><img loading=\"lazy\" decoding=\"async\" class=\"size-full wp-image-24079\" src=\"https:\/\/cimbcc.org\/test2\/wp-content\/uploads\/photo_bujold_robert.jpg\" alt=\"\" width=\"125\" height=\"125\" \/><figcaption id=\"caption-attachment-24079\" class=\"wp-caption-text\"><span style=\"color: #ffffff;\">mmm<\/span>Robert Bujold<\/figcaption><\/figure>\n<p style=\"text-align: justify;\">Les utilisateurs qui font la mise \u00e0 jour ont <strong>29 jours \u00e0 compter de la date de cette mise \u00e0 jour pour revenir \u00e0 Windows 7 ou Windows 8\/8.1<\/strong> s\u2019ils n\u2019aiment pas Windows 10.<\/p>\n<p style=\"text-align: justify;\"><!--more--><\/p>\n<p style=\"text-align: justify;\">Cela est pass\u00e9 un peu inaper\u00e7u, mais les utilisateurs qui ont effectu\u00e9 une mise \u00e0 jour de Windows 7\/8\/8.1 vers Windows 10 avaient la possibilit\u00e9 de changer d&rsquo;avis et de revenir \u00e0 l&rsquo;ancienne version de leur OS.<\/p>\n<p style=\"text-align: justify;\">L\u2019<a href=\"http:\/\/www.01net.com\/actualites\/mise-a-jour-windows-10-le-retour-en-arriere-n-est-plus-possible-917296.html\" target=\"_blank\" rel=\"noopener\">article suivant<\/a> vous en apprendra plus sur le sujet.<\/p>\n<p>http:\/\/www.01net.com\/actualites\/mise-a-jour-windows-10-le-retour-en-arriere-n-est-plus-possible-917296.html<\/p>\n","protected":false},"excerpt":{"rendered":"<p>Les utilisateurs qui font la mise \u00e0 jour ont 29 jours \u00e0 compter de la date de cette mise \u00e0 jour pour revenir \u00e0 Windows 7 ou Windows 8\/8.1 s\u2019ils n\u2019aiment pas Windows 10.<\/p>\n","protected":false},"author":43,"featured_media":0,"comment_status":"open","ping_status":"closed","sticky":false,"template":"","format":"standard","meta":{"footnotes":""},"categories":[24],"tags":[88,118,133,119],"class_list":["post-13299","post","type-post","status-publish","format-standard","hentry","category-conseils-pratiques","tag-windows-10","tag-windows-7","tag-windows-8","tag-windows-8-1"],"_links":{"self":[{"href":"https:\/\/cimbcc.org\/test2\/wp-json\/wp\/v2\/posts\/13299","targetHints":{"allow":["GET"]}}],"collection":[{"href":"https:\/\/cimbcc.org\/test2\/wp-json\/wp\/v2\/posts"}],"about":[{"href":"https:\/\/cimbcc.org\/test2\/wp-json\/wp\/v2\/types\/post"}],"author":[{"embeddable":true,"href":"https:\/\/cimbcc.org\/test2\/wp-json\/wp\/v2\/users\/43"}],"replies":[{"embeddable":true,"href":"https:\/\/cimbcc.org\/test2\/wp-json\/wp\/v2\/comments?post=13299"}],"version-history":[{"count":4,"href":"https:\/\/cimbcc.org\/test2\/wp-json\/wp\/v2\/posts\/13299\/revisions"}],"predecessor-version":[{"id":24935,"href":"https:\/\/cimbcc.org\/test2\/wp-json\/wp\/v2\/posts\/13299\/revisions\/24935"}],"wp:attachment":[{"href":"https:\/\/cimbcc.org\/test2\/wp-json\/wp\/v2\/media?parent=13299"}],"wp:term":[{"taxonomy":"category","embeddable":true,"href":"https:\/\/cimbcc.org\/test2\/wp-json\/wp\/v2\/categories?post=13299"},{"taxonomy":"post_tag","embeddable":true,"href":"https:\/\/cimbcc.org\/test2\/wp-json\/wp\/v2\/tags?post=13299"}],"curies":[{"name":"wp","href":"https:\/\/api.w.org\/{rel}","templated":true}]}}