{"id":13360,"date":"2015-11-30T06:00:59","date_gmt":"2015-11-30T11:00:59","guid":{"rendered":"https:\/\/cimbcc.org\/test2\/?p=13360"},"modified":"2023-10-16T22:15:50","modified_gmt":"2023-10-17T02:15:50","slug":"communication-via-facebook","status":"publish","type":"post","link":"https:\/\/cimbcc.org\/test2\/communication-via-facebook\/","title":{"rendered":"Communication via Facebook"},"content":{"rendered":"<figure id=\"attachment_24120\" aria-describedby=\"caption-attachment-24120\" style=\"width: 125px\" class=\"wp-caption aligncenter\"><img loading=\"lazy\" decoding=\"async\" class=\"size-full wp-image-24120\" src=\"https:\/\/cimbcc.org\/test2\/wp-content\/uploads\/photo_dion_celine.jpg\" alt=\"\" width=\"125\" height=\"126\" \/><figcaption id=\"caption-attachment-24120\" class=\"wp-caption-text\"><span style=\"color: #ffffff;\">mmmm<\/span>C\u00e9line Dion<\/figcaption><\/figure>\n<p style=\"text-align: justify;\">Lors de la pr\u00e9sentation sur Facebook offerte par <em>Guy B\u00e9langer<\/em>, vendredi le 6 novembre dernier, un membre a pos\u00e9 une question au sujet du degr\u00e9 de confidentialit\u00e9 d\u2019une publication sur notre mur Facebook ciblant un nombre restreint de nos contacts Facebook.<\/p>\n<p style=\"text-align: justify;\"><!--more--><\/p>\n<p style=\"text-align: justify;\">La question \u00e9tait:<\/p>\n<p style=\"text-align: justify;\"><em>\u00ab\u00a0Lorsque nous publions sur notre mur Facebook en utilisant les param\u00e8tres de publication du menu <\/em>PERSONNALISER<em>, afin de choisir de partager avec <u>certains<\/u> de nos contacts Facebook seulement (diffusion limit\u00e9e): est-ce que cette publication est visible aux contacts (amis) de ces contacts?\u00a0\u00bb<\/em><\/p>\n<p style=\"text-align: justify;\">Sur le moment, je ne me souvenais plus, mais sur la route de mon retour \u00e0 la maison, \u00e7a m&rsquo;est revenue \u00e0 la m\u00e9moire. \u00a0La r\u00e9ponse est: NON. Les publications que nous affichons DIRECTEMENT sur le mur de nos contacts \u2013 comme par exemple les v\u0153ux d&rsquo;anniversaire &#8211; SONT visibles par tout le r\u00e9seau Facebook de ces personnes. \u00a0MAIS lorsque vous publiez sur votre propre mur pour un nombre restreint de vos contacts en utilisant le menu PERSONNALISER, seuls les contacts que vous avez choisis pourront voir votre publication sur leur mur.<\/p>\n<p style=\"text-align: justify;\">Personnellement, je me suis cr\u00e9\u00e9 des listes avec la fonction LISTE, dans laquelle je classe mes contacts selon certains crit\u00e8res:<\/p>\n<ol>\n<li style=\"text-align: justify;\">parent\u00e9 paternelle\u00a0;<\/li>\n<li style=\"text-align: justify;\">parent\u00e9 maternelle\u00a0;<\/li>\n<li style=\"text-align: justify;\">mes \u00ab\u00a0potes\u00a0\u00bb du secondaire\u00a0;<\/li>\n<li style=\"text-align: justify;\">etc.<\/li>\n<\/ol>\n<p style=\"text-align: justify;\">Par exemple: lorsque mon p\u00e8re a \u00e9t\u00e9 hospitalis\u00e9, j&rsquo;ai donn\u00e9 des nouvelles seulement \u00e0 mes listes 1 et 2. De cette fa\u00e7on, je n&#8217;emmerde pas mes autres contacts qui n&rsquo;en n&rsquo;ont que faire de mes \u00e9v\u00e9nements familiaux.<\/p>\n<p style=\"text-align: justify;\">Ne pas confondre GROUPE et LISTE.<\/p>\n<p style=\"text-align: justify;\">Bonne exp\u00e9rience Facebook!<\/p>\n<p style=\"text-align: justify;\">C\u00e9line D. Darveau<\/p>\n","protected":false},"excerpt":{"rendered":"<p>Lors de la pr\u00e9sentation sur Facebook offerte par Guy B\u00e9langer, vendredi le 6 novembre dernier, un membre a pos\u00e9 une question au sujet du degr\u00e9 de confidentialit\u00e9 d\u2019une publication sur notre mur Facebook ciblant un nombre restreint de nos contacts Facebook.<\/p>\n","protected":false},"author":43,"featured_media":0,"comment_status":"open","ping_status":"closed","sticky":false,"template":"","format":"standard","meta":{"footnotes":""},"categories":[403],"tags":[20],"class_list":["post-13360","post","type-post","status-publish","format-standard","hentry","category-applications","tag-facebook"],"_links":{"self":[{"href":"https:\/\/cimbcc.org\/test2\/wp-json\/wp\/v2\/posts\/13360","targetHints":{"allow":["GET"]}}],"collection":[{"href":"https:\/\/cimbcc.org\/test2\/wp-json\/wp\/v2\/posts"}],"about":[{"href":"https:\/\/cimbcc.org\/test2\/wp-json\/wp\/v2\/types\/post"}],"author":[{"embeddable":true,"href":"https:\/\/cimbcc.org\/test2\/wp-json\/wp\/v2\/users\/43"}],"replies":[{"embeddable":true,"href":"https:\/\/cimbcc.org\/test2\/wp-json\/wp\/v2\/comments?post=13360"}],"version-history":[{"count":10,"href":"https:\/\/cimbcc.org\/test2\/wp-json\/wp\/v2\/posts\/13360\/revisions"}],"predecessor-version":[{"id":25251,"href":"https:\/\/cimbcc.org\/test2\/wp-json\/wp\/v2\/posts\/13360\/revisions\/25251"}],"wp:attachment":[{"href":"https:\/\/cimbcc.org\/test2\/wp-json\/wp\/v2\/media?parent=13360"}],"wp:term":[{"taxonomy":"category","embeddable":true,"href":"https:\/\/cimbcc.org\/test2\/wp-json\/wp\/v2\/categories?post=13360"},{"taxonomy":"post_tag","embeddable":true,"href":"https:\/\/cimbcc.org\/test2\/wp-json\/wp\/v2\/tags?post=13360"}],"curies":[{"name":"wp","href":"https:\/\/api.w.org\/{rel}","templated":true}]}}