{"id":13381,"date":"2015-11-20T06:00:16","date_gmt":"2015-11-20T11:00:16","guid":{"rendered":"https:\/\/cimbcc.org\/test2\/?p=13381"},"modified":"2023-10-16T22:15:50","modified_gmt":"2023-10-17T02:15:50","slug":"echos-du-conseil-dadministration-novembre-2015","status":"publish","type":"post","link":"https:\/\/cimbcc.org\/test2\/echos-du-conseil-dadministration-novembre-2015\/","title":{"rendered":"\u00c9chos du conseil d&rsquo;administration &#8211; novembre 2015"},"content":{"rendered":"<figure id=\"attachment_11748\" aria-describedby=\"caption-attachment-11748\" style=\"width: 500px\" class=\"wp-caption alignnone\"><a href=\"https:\/\/cimbcc.org\/test2\/wp-content\/uploads\/CA_2015_2016v2.jpg\"><img loading=\"lazy\" decoding=\"async\" class=\"size-full wp-image-11748\" src=\"https:\/\/cimbcc.org\/test2\/wp-content\/uploads\/CA_2015_2016v2.jpg\" alt=\"CA_2015-2016\" width=\"500\" height=\"269\" srcset=\"https:\/\/cimbcc.org\/test2\/wp-content\/uploads\/CA_2015_2016v2.jpg 500w, https:\/\/cimbcc.org\/test2\/wp-content\/uploads\/CA_2015_2016v2-300x161.jpg 300w\" sizes=\"auto, (max-width: 500px) 100vw, 500px\" \/><\/a><figcaption id=\"caption-attachment-11748\" class=\"wp-caption-text\">Rang\u00e9e du haut : Walter Pearce, Yvon Gaudreau, Danielle Charest Bourque, Berthe Demers, Michel Gagn\u00e9, Sylvie Mazur, Denis Charron. Rang\u00e9e du bas : Richard Gervais, R\u00e9jean C\u00f4t\u00e9, R\u00e9jean Daigle, Jacques Lalibert\u00e9.<\/figcaption><\/figure>\n<h2 style=\"text-align: justify;\"><strong>Membres<\/strong><\/h2>\n<p style=\"text-align: justify;\">Au moment de la r\u00e9union, le club comptait 701 membres, ce qui est remarquable quand on sait qu\u2019\u00e0 la fin de l\u2019ann\u00e9e derni\u00e8re les membres \u00e9taient au nombre de 720 et qu\u2019il s\u2019en ajoute toujours en cours d\u2019ann\u00e9e. Le conseil d\u2019administration pense que cette affluence s\u2019explique par l\u2019arriv\u00e9e de Windows\u00a010 et par la popularit\u00e9 des tablettes \u00e9lectroniques.<br \/>\n<!--more--><\/p>\n<p style=\"text-align: justify;\">Danielle Bourque nous a pr\u00e9sent\u00e9 le registre des membres qui se compose d\u2019une base de donn\u00e9es Access. Le d\u00e9veloppement et l\u2019utilisation de cette base de donn\u00e9es sont possibles gr\u00e2ce \u00e0 l\u2019apport essentiel d\u2019Albert Richard qui est encore notre seul expert connu du logiciel Access. Les pr\u00e9sences aux s\u00e9ances de pr\u00e9sentations sont enregistr\u00e9es dans un fichier Excel. C\u00e9line Dion est responsable du registre des membres et du fichier des pr\u00e9sences. Elle est supervis\u00e9e par Danielle Bourque et elle s\u2019initie \u00e0 Access avec Albert Richard.<\/p>\n<hr \/>\n<h2 style=\"text-align: justify;\"><strong>B\u00e9n\u00e9voles<\/strong><\/h2>\n<p style=\"text-align: justify;\">L\u2019\u00e9quipe de l\u2019accueil des mercredis et vendredis s\u2019est enrichie de France Massicotte et de Claudette Guy.<\/p>\n<hr \/>\n<h2 style=\"text-align: justify;\"><strong>Priorit\u00e9 n<sup>o<\/sup>\u00a01 pour 2015-2016\u00a0<\/strong><\/h2>\n<p style=\"text-align: justify;\"><strong><em>Trouver des assistants pour les b\u00e9n\u00e9voles responsables d\u2019activit\u00e9s vitales pour le club, mais qui n\u2019ont pas de substitut.<\/em><\/strong><\/p>\n<p style=\"text-align: justify;\"><strong><em>Une fonction vitale est une fonction essentielle au bon fonctionnement du club.<\/em><em>\u00a0\u2014\u00a0<\/em><\/strong>Si le responsable actuel ne pouvait plus remplir sa fonction, l\u2019activit\u00e9 serait en p\u00e9ril et le club serait en danger dans une de ses activit\u00e9s principales.<\/p>\n<p style=\"text-align: justify;\"><em><strong>Un substitut est une personne qui peut assumer une fonction vitale du club durant un an dans l\u2019\u00e9ventualit\u00e9 du d\u00e9part inattendu de la personne qui occupe cette fonction.\u00a0\u2014\u00a0<\/strong><\/em>Le substitut est un assistant au responsable. Cette personne est initi\u00e9e par le responsable au fonctionnement de l\u2019activit\u00e9 et participe \u00e0 sa mise en \u0153uvre. Au besoin, le substitut peut assumer temporairement la responsabilit\u00e9 de l\u2019activit\u00e9.<\/p>\n<p style=\"text-align: justify;\">Apr\u00e8s analyse des activit\u00e9s du club, le conseil a identifi\u00e9 les activit\u00e9s qu\u2019il consid\u00e8re comme vitales. Il a constat\u00e9 que certaines de ces activit\u00e9s peuvent compter et sur un responsable et sur un ou des substituts. Ce n\u2019est toutefois pas le cas des activit\u00e9s suivantes\u00a0:<\/p>\n<ul>\n<li style=\"text-align: justify;\">la pr\u00e9sidence du conseil d\u2019administration;<\/li>\n<li style=\"text-align: justify;\">la tr\u00e9sorerie du club;<\/li>\n<li style=\"text-align: justify;\">la coordination des s\u00e9ances de pr\u00e9sentations du mercredi et du vendredi;<\/li>\n<li style=\"text-align: justify;\">l\u2019accueil aux s\u00e9ances de pr\u00e9sentations;<\/li>\n<li style=\"text-align: justify;\">le soutien au d\u00e9veloppement et \u00e0 l\u2019utilisation d\u2019Access pour le registre des membres;<\/li>\n<li style=\"text-align: justify;\">la coordination de la <em>Journ\u00e9e d\u2019information et d\u2019inscription<\/em>;<\/li>\n<li style=\"text-align: justify;\">la coordination des ateliers;<\/li>\n<li style=\"text-align: justify;\">la pr\u00e9paration des fichiers Excel des participants aux ateliers.<\/li>\n<\/ul>\n<p style=\"text-align: justify;\">Cette ann\u00e9e, les membres du conseil d\u2019administration auront comme priorit\u00e9 de recruter un assistant pour chacune de ces activit\u00e9s. Les b\u00e9n\u00e9voles seront donc sollicit\u00e9s, et <strong><em>ceux qui offriront leurs services seront accueillis avec gratitude<\/em><\/strong>.<\/p>\n<hr \/>\n<h2 style=\"text-align: justify;\"><strong>Le\u00a0site Web<\/strong><\/h2>\n<p style=\"text-align: justify;\">Comme chaque ann\u00e9e, le conseil d\u2019administration a fait le point sur le site Web du club. En 2014-2015, l\u2019\u00e9quipe des webmestres-administrateurs s\u2019est enrichie de Richard Gervais. En accord avec les orientations retenues l\u2019an dernier, plusieurs innovations ont \u00e9t\u00e9 implant\u00e9es, dont un th\u00e8me adaptatif et l\u2019ajout d\u2019une page publicisant les sites d\u00e9velopp\u00e9s par des membres du club. Pour la premi\u00e8re fois \u00e9galement, l\u2019inscription aux ateliers s\u2019est faite \u00e0 partir d\u2019un formulaire affich\u00e9 sur le site du club. Enfin, de nouvelles personnes ont \u00e9t\u00e9 mises \u00e0 contribution pour la mise \u00e0 jour des pages du site et du Wiki dans le but d\u2019initier le plus grand nombre possible de personnes \u00e0 la construction de sites et de Wikis.<\/p>\n<p style=\"text-align: justify;\">Apr\u00e8s avoir constat\u00e9 l\u2019essor qu\u2019a connu notre site, le conseil d\u2019administration a approuv\u00e9 les orientations privil\u00e9gi\u00e9es pour 2015-2016\u00a0:<\/p>\n<ul>\n<li style=\"text-align: justify;\">poursuivre l\u2019implantation des innovations de 2014-2015;<\/li>\n<li style=\"text-align: justify;\">am\u00e9liorer le processus d\u2019inscription aux ateliers et les outils qui y sont associ\u00e9s;<\/li>\n<li style=\"text-align: justify;\">d\u00e9l\u00e9guer des fonctions matures \u00e0 des personnes moins exp\u00e9riment\u00e9es pour lib\u00e9rer les webmestres afin de leur permettre d\u2019explorer de nouvelles possibilit\u00e9s pour le site;<\/li>\n<li style=\"text-align: justify;\">remplacer les logiciels payants actuellement utilis\u00e9s dans la gestion du site par des logiciels gratuits;<\/li>\n<li style=\"text-align: justify;\">ajouter une page publicisant des tutoriels d\u00e9velopp\u00e9s par des membres du club ou disponibles sur Internet.<\/li>\n<\/ul>\n<hr \/>\n<p><strong>Le budget\u00a02015-2016<\/strong><\/p>\n<p style=\"text-align: justify;\">Walter Pearce \u00e9tait heureux de nous annoncer que le budget ne cause pas de souci. L\u2019affluence des nouveaux membres a g\u00e9n\u00e9r\u00e9 des revenus sup\u00e9rieurs de 2\u00a0530\u00a0$ \u00e0 ce qui avait \u00e9t\u00e9 pr\u00e9vu.<\/p>\n<hr \/>\n<p style=\"text-align: justify;\">Sylvie Mazur, secr\u00e9taire du CIMBCC<\/p>\n","protected":false},"excerpt":{"rendered":"<p>Membres Au moment de la r\u00e9union, le club comptait 701 membres, ce qui est remarquable quand on sait qu\u2019\u00e0 la fin de l\u2019ann\u00e9e derni\u00e8re les membres \u00e9taient au nombre de 720 et qu\u2019il s\u2019en ajoute toujours en cours d\u2019ann\u00e9e. Le conseil d\u2019administration pense que cette affluence s\u2019explique par l\u2019arriv\u00e9e de Windows\u00a010 et par la popularit\u00e9 &hellip; <a href=\"https:\/\/cimbcc.org\/test2\/echos-du-conseil-dadministration-novembre-2015\/\" class=\"more-link\">Continuer la lecture de <span class=\"screen-reader-text\">\u00c9chos du conseil d&rsquo;administration &#8211; novembre 2015<\/span>  <span class=\"meta-nav\">&rarr;<\/span><\/a><\/p>\n","protected":false},"author":43,"featured_media":0,"comment_status":"open","ping_status":"closed","sticky":false,"template":"","format":"standard","meta":{"footnotes":""},"categories":[386],"tags":[425],"class_list":["post-13381","post","type-post","status-publish","format-standard","hentry","category-echos-du-conseil-dadministration","tag-priorites"],"_links":{"self":[{"href":"https:\/\/cimbcc.org\/test2\/wp-json\/wp\/v2\/posts\/13381","targetHints":{"allow":["GET"]}}],"collection":[{"href":"https:\/\/cimbcc.org\/test2\/wp-json\/wp\/v2\/posts"}],"about":[{"href":"https:\/\/cimbcc.org\/test2\/wp-json\/wp\/v2\/types\/post"}],"author":[{"embeddable":true,"href":"https:\/\/cimbcc.org\/test2\/wp-json\/wp\/v2\/users\/43"}],"replies":[{"embeddable":true,"href":"https:\/\/cimbcc.org\/test2\/wp-json\/wp\/v2\/comments?post=13381"}],"version-history":[{"count":17,"href":"https:\/\/cimbcc.org\/test2\/wp-json\/wp\/v2\/posts\/13381\/revisions"}],"predecessor-version":[{"id":14073,"href":"https:\/\/cimbcc.org\/test2\/wp-json\/wp\/v2\/posts\/13381\/revisions\/14073"}],"wp:attachment":[{"href":"https:\/\/cimbcc.org\/test2\/wp-json\/wp\/v2\/media?parent=13381"}],"wp:term":[{"taxonomy":"category","embeddable":true,"href":"https:\/\/cimbcc.org\/test2\/wp-json\/wp\/v2\/categories?post=13381"},{"taxonomy":"post_tag","embeddable":true,"href":"https:\/\/cimbcc.org\/test2\/wp-json\/wp\/v2\/tags?post=13381"}],"curies":[{"name":"wp","href":"https:\/\/api.w.org\/{rel}","templated":true}]}}