{"id":13444,"date":"2015-12-08T06:00:03","date_gmt":"2015-12-08T11:00:03","guid":{"rendered":"https:\/\/cimbcc.org\/test2\/?p=13444"},"modified":"2023-10-16T22:15:50","modified_gmt":"2023-10-17T02:15:50","slug":"transporter-son-portable","status":"publish","type":"post","link":"https:\/\/cimbcc.org\/test2\/transporter-son-portable\/","title":{"rendered":"Transporter son portable"},"content":{"rendered":"<figure id=\"attachment_24120\" aria-describedby=\"caption-attachment-24120\" style=\"width: 125px\" class=\"wp-caption aligncenter\"><img loading=\"lazy\" decoding=\"async\" class=\"size-full wp-image-24120\" src=\"https:\/\/cimbcc.org\/test2\/wp-content\/uploads\/photo_dion_celine.jpg\" alt=\"\" width=\"125\" height=\"126\" \/><figcaption id=\"caption-attachment-24120\" class=\"wp-caption-text\"><span style=\"color: #ffffff;\">mmmm<\/span>C\u00e9line Dion<\/figcaption><\/figure>\n<p style=\"text-align: justify;\">L\u2019autre jour, ma coll\u00e8gue du Club est venue me rejoindre dans le bureau du chalet Marie-Victorin en transportant son portable sans avoir pr\u00e9alablement ferm\u00e9 son couvercle. Notre pr\u00e9sident, R\u00e9jean C\u00f4t\u00e9, t\u00e9moin de \u00ab\u00a0la sc\u00e8ne\u00a0\u00bb, l\u2019a mise en garde du danger de d\u00e9placer un portable de cette fa\u00e7on. Le saviez-vous? Eh bien pas moi! C\u2019est pour \u00e7a que j\u2019ai choisi d\u2019en faire le sujet de cette chronique S\u00e9curit\u00e9.<\/p>\n<p style=\"text-align: justify;\"><!--more--><\/p>\n<p style=\"text-align: justify;\">R\u00e9jean nous explique alors que de ne pas abaisser le couvercle d\u2019un portable avant de le d\u00e9placer peut endommager son disque dur. Il n\u2019est pas n\u00e9cessaire de mettre le disque dur hors tension, seulement de baisser le couvercle du portable. Ainsi, ce dernier se met automatiquement en veille et, lorsque vous ouvrez \u00e0 nouveau le couvercle, vous retrouvez l\u2019espace de travail tel que vous l\u2019avez laiss\u00e9 avant de transporter votre portable.<\/p>\n<p style=\"text-align: justify;\"><em>Les contributions de tous les b\u00e9n\u00e9voles \u00e0 la chronique \u00ab\u00a0S\u00e9curit\u00e9\u00a0\u00bb sont bienvenues. Si vous voulez soumettre un article sur la s\u00e9curit\u00e9, envoyez-le \u00e0 l\u2019adresse <\/em><a href=\"mailto:celine.diondarveau@outlook.com\"><em>celine.diondarveau@outlook.com<\/em><\/a><em> \u00e0 l\u2019attention de C\u00e9line Dion.<\/em><\/p>\n<p style=\"text-align: justify;\">C\u00e9line Dion<\/p>\n","protected":false},"excerpt":{"rendered":"<p>L\u2019autre jour, ma coll\u00e8gue du Club est venue me rejoindre dans le bureau du chalet Marie-Victorin en transportant son portable sans avoir pr\u00e9alablement ferm\u00e9 son couvercle. Notre pr\u00e9sident, R\u00e9jean C\u00f4t\u00e9, t\u00e9moin de \u00ab\u00a0la sc\u00e8ne\u00a0\u00bb, l\u2019a mise en garde du danger de d\u00e9placer un portable de cette fa\u00e7on. Le saviez-vous? Eh bien pas moi! C\u2019est pour &hellip; <a href=\"https:\/\/cimbcc.org\/test2\/transporter-son-portable\/\" class=\"more-link\">Continuer la lecture de <span class=\"screen-reader-text\">Transporter son portable<\/span>  <span class=\"meta-nav\">&rarr;<\/span><\/a><\/p>\n","protected":false},"author":43,"featured_media":0,"comment_status":"open","ping_status":"closed","sticky":false,"template":"","format":"standard","meta":{"footnotes":""},"categories":[1],"tags":[389],"class_list":["post-13444","post","type-post","status-publish","format-standard","hentry","category-sans-categories","tag-ordinateur-portable"],"_links":{"self":[{"href":"https:\/\/cimbcc.org\/test2\/wp-json\/wp\/v2\/posts\/13444","targetHints":{"allow":["GET"]}}],"collection":[{"href":"https:\/\/cimbcc.org\/test2\/wp-json\/wp\/v2\/posts"}],"about":[{"href":"https:\/\/cimbcc.org\/test2\/wp-json\/wp\/v2\/types\/post"}],"author":[{"embeddable":true,"href":"https:\/\/cimbcc.org\/test2\/wp-json\/wp\/v2\/users\/43"}],"replies":[{"embeddable":true,"href":"https:\/\/cimbcc.org\/test2\/wp-json\/wp\/v2\/comments?post=13444"}],"version-history":[{"count":6,"href":"https:\/\/cimbcc.org\/test2\/wp-json\/wp\/v2\/posts\/13444\/revisions"}],"predecessor-version":[{"id":25250,"href":"https:\/\/cimbcc.org\/test2\/wp-json\/wp\/v2\/posts\/13444\/revisions\/25250"}],"wp:attachment":[{"href":"https:\/\/cimbcc.org\/test2\/wp-json\/wp\/v2\/media?parent=13444"}],"wp:term":[{"taxonomy":"category","embeddable":true,"href":"https:\/\/cimbcc.org\/test2\/wp-json\/wp\/v2\/categories?post=13444"},{"taxonomy":"post_tag","embeddable":true,"href":"https:\/\/cimbcc.org\/test2\/wp-json\/wp\/v2\/tags?post=13444"}],"curies":[{"name":"wp","href":"https:\/\/api.w.org\/{rel}","templated":true}]}}