{"id":13751,"date":"2015-12-18T06:00:50","date_gmt":"2015-12-18T11:00:50","guid":{"rendered":"https:\/\/cimbcc.org\/test2\/?p=13751"},"modified":"2023-10-16T22:15:50","modified_gmt":"2023-10-17T02:15:50","slug":"echos-du-conseil-dadministration-decembre2016","status":"publish","type":"post","link":"https:\/\/cimbcc.org\/test2\/echos-du-conseil-dadministration-decembre2016\/","title":{"rendered":"\u00c9chos du conseil d&rsquo;administration &#8211; d\u00e9cembre 2015"},"content":{"rendered":"<figure id=\"attachment_11748\" aria-describedby=\"caption-attachment-11748\" style=\"width: 500px\" class=\"wp-caption aligncenter\"><img loading=\"lazy\" decoding=\"async\" class=\"size-full wp-image-11748\" src=\"https:\/\/cimbcc.org\/test2\/wp-content\/uploads\/CA_2015_2016v2.jpg\" alt=\"CA_2015-2016\" width=\"500\" height=\"269\" srcset=\"https:\/\/cimbcc.org\/test2\/wp-content\/uploads\/CA_2015_2016v2.jpg 500w, https:\/\/cimbcc.org\/test2\/wp-content\/uploads\/CA_2015_2016v2-300x161.jpg 300w\" sizes=\"auto, (max-width: 500px) 100vw, 500px\" \/><figcaption id=\"caption-attachment-11748\" class=\"wp-caption-text\">Rang\u00e9e du haut : Walter Pearce, Yvon Gaudreau, Danielle Charest Bourque, Berthe Demers, Michel Gagn\u00e9, Sylvie Mazur, Denis Charron. Rang\u00e9e du bas : Richard Gervais, R\u00e9jean C\u00f4t\u00e9, R\u00e9jean Daigle, Jacques Lalibert\u00e9.<\/figcaption><\/figure>\n<p>Voici, comme \u00e0 chaque mois, le r\u00e9sum\u00e9 des \u00e9l\u00e9ments discut\u00e9s \u00e0 la rencontre du conseil d&rsquo;administration du club le 1er d\u00e9cembre dernier.<\/p>\n<p><!--more--><\/p>\n<h3>Ateliers de l\u2019hiver 2016<\/h3>\n<p>Quatorze ateliers seront propos\u00e9s aux membres au cours de l\u2019hiver qui vient. Ces ateliers se tiendront au Centre communautaire de Saint-Bruno et dans les biblioth\u00e8ques de Saint-Basile et de Sainte-Julie, mais les locaux restent \u00e0 confirmer. Deux nouveaux ateliers font leur apparition\u00a0: <strong>Excel<\/strong> et <strong>Introduction aux microcontr\u00f4leurs avec Arduino<\/strong>. Autre nouveaut\u00e9\u00a0: deux ateliers <strong>Facebook<\/strong> seront offerts par deux animateurs diff\u00e9rents.<\/p>\n<p>Les membres recevront un courriel leur annon\u00e7ant les ateliers deux semaines avant la p\u00e9riode d\u2019inscription et un courriel de rappel le 5 janvier. Ils seront invit\u00e9s \u00e0 consulter la description de l\u2019atelier qui les int\u00e9resse sur le site du club. Avant de s\u2019inscrire, ils seront aussi instamment pri\u00e9s de v\u00e9rifier s\u2019ils poss\u00e8dent les pr\u00e9requis et s\u2019ils sont disponibles pour chacune des rencontres pr\u00e9vues.<\/p>\n<p>Les membres pourront s\u2019inscrire exclusivement sur le site Internet du club les 5, 6 et 7\u00a0janvier 2016.<\/p>\n<h3>Les s\u00e9ances de pr\u00e9sentations<\/h3>\n<p>Cet automne, les s\u00e9ances de pr\u00e9sentations sur <strong>Windows\u00a010<\/strong> ont connu une affluence peu ordinaire, beaucoup plus importante que la moyenne habituelle. Soucieux de la s\u00e9curit\u00e9 de ses membres, le conseil d\u2019administration prendra des mesures pour faire conna\u00eetre aux participants les issues de secours du Chalet Marie-Victorin. Des mesures seront aussi prises pour s\u2019assurer que la capacit\u00e9 r\u00e9glementaire de la salle (130 personnes) soit respect\u00e9e lorsqu\u2019il y a une affluence exceptionnelle, ce qui somme toute arrive rarement.<\/p>\n<p>Les s\u00e9ances de pr\u00e9sentation reprendront d\u00e8s le 6 janvier 2016. Le programme de ces s\u00e9ances est d\u00e9j\u00e0 disponible sur le site du club et il promet des rencontres int\u00e9ressantes autant dans la s\u00e9rie <em>Facile<\/em> que dans la s\u00e9rie <em>D\u00e9couverte<\/em>.<\/p>\n<h3>Les cours dans les biblioth\u00e8ques<\/h3>\n<p>Les cours d\u2019initiation \u00e0 l\u2019utilisation d\u2019un ordinateur portent sur des concepts de base de Windows, d\u2019Internet et du courrier \u00e9lectronique. Le nombre de personnes qui s\u2019inscrivent \u00e0 ces cours est pass\u00e9 d\u2019une moyenne de 70 \u00e0 30 ou 40 par ann\u00e9e. La client\u00e8le vis\u00e9e semble donc diminuer. Ces cours sont donn\u00e9s dans les biblioth\u00e8ques de Saint-Bruno, Saint-Basile et Sainte-Julie.<\/p>\n<p>Le responsable de ces cours, Michel Gagn\u00e9, a pr\u00e9sent\u00e9 les orientations pr\u00e9vues pour l\u2019ann\u00e9e prochaine. L\u2019\u00e9quipe des formateurs \u00e9tant stable, il n\u2019est pas n\u00e9cessaire d\u2019en recruter de nouveaux. Les cours continueront d\u2019\u00eatre donn\u00e9s dans les trois biblioth\u00e8ques actuelles. L\u2019\u00e9quipe des formateurs devra se familiariser avec <strong>Windows\u00a010<\/strong> et choisir un navigateur Internet pour les cours (<strong>Internet Explorer<\/strong> ou <strong>Edge<\/strong>). Il faudra aussi d\u00e9cider si des cours d\u2019initiation seront donn\u00e9s sur les tablettes et sur les t\u00e9l\u00e9phones, ce qui semble peu probable pour l\u2019instant. Le conseil d\u2019administration a approuv\u00e9 ces orientations.<\/p>\n<h3>Priorit\u00e9s du club pour 2015-2016<\/h3>\n<p>En novembre dernier, le conseil d\u2019administration a trait\u00e9 de sa 1<sup>i\u00e8re<\/sup> priorit\u00e9, soit le recrutement de substituts pour les fonctions vitales du club (<em>voir les \u00c9chos du conseil d\u2019administration de novembre 2015<\/em>). Aucun des substituts recherch\u00e9s n\u2019a encore \u00e9t\u00e9 identifi\u00e9. Par contre, C\u00e9line Dufresne a accept\u00e9 d\u2019agir comme substitut de C\u00e9line Dion, responsable du registre des membres. Danielle Charest continuera \u00e0 leur apporter son soutien.<\/p>\n<p>La 2<sup>e<\/sup> priorit\u00e9 s\u2019\u00e9nonce comme suit\u00a0: mieux couvrir les univers d\u2019<strong>Apple<\/strong> et de <strong>Google<\/strong>. L\u2019an prochain, le club pr\u00e9voit r\u00e9p\u00e9ter les activit\u00e9s au programme de cette ann\u00e9e\u00a0: des ateliers et des pr\u00e9sentations sur l\u2019<strong>iPad<\/strong>, des pr\u00e9sentations sur <strong>iTunes<\/strong>, une pr\u00e9sentation sur <strong>Chrome<\/strong> et sur les outils de recherche de <strong>Google<\/strong>. Bien que le club privil\u00e9gie la messagerie \u00e9lectronique <strong>Outlook.com<\/strong>, on ajoutera une pr\u00e9sentation sur <strong>Gmail<\/strong> et <strong>Google Docs<\/strong>.<\/p>\n<h3>Neutralit\u00e9 commerciale du club<\/h3>\n<p>Le conseil d\u2019administration a r\u00e9affirm\u00e9 ses principes directeurs relativement \u00e0 la neutralit\u00e9 commerciale du club dans les domaines de l\u2019informatique et des communications. Ainsi, le club n\u2019acceptera aucun financement, aucune annonce publicitaire ou autre aide financi\u00e8re de fournisseurs de produits informatiques ou de communications.<\/p>\n<p>La neutralit\u00e9 commerciale du club vise \u00e0 lui assurer une ind\u00e9pendance et une apparence d\u2019ind\u00e9pendance par rapport aux fournisseurs de produits informatiques et de communication. Toutefois, le club pourra se prononcer sur la qualit\u00e9 de certains produits informatiques et de communication et il pourra collaborer avec des entreprises lorsque cela entra\u00eenera des b\u00e9n\u00e9fices pour ses membres.<\/p>\n<h3><span style=\"color: #339966;\"><em>Que cette p\u00e9riode festive remplisse de joie la vie\u00a0de tous les membres du club et de leur famille!<\/em><\/span><\/h3>\n<p>Sylvie Mazur, secr\u00e9taire du CIMBCC<\/p>\n","protected":false},"excerpt":{"rendered":"<p>Voici, comme \u00e0 chaque mois, le r\u00e9sum\u00e9 des \u00e9l\u00e9ments discut\u00e9s \u00e0 la rencontre du conseil d&rsquo;administration du club le 1er d\u00e9cembre dernier.<\/p>\n","protected":false},"author":43,"featured_media":0,"comment_status":"open","ping_status":"closed","sticky":false,"template":"","format":"standard","meta":{"footnotes":""},"categories":[386],"tags":[427,269,906,35,426,271,425],"class_list":["post-13751","post","type-post","status-publish","format-standard","hentry","category-echos-du-conseil-dadministration","tag-apple","tag-ateliers","tag-cours-dans-les-bibliotheques","tag-google","tag-neutralite","tag-presentations","tag-priorites"],"_links":{"self":[{"href":"https:\/\/cimbcc.org\/test2\/wp-json\/wp\/v2\/posts\/13751","targetHints":{"allow":["GET"]}}],"collection":[{"href":"https:\/\/cimbcc.org\/test2\/wp-json\/wp\/v2\/posts"}],"about":[{"href":"https:\/\/cimbcc.org\/test2\/wp-json\/wp\/v2\/types\/post"}],"author":[{"embeddable":true,"href":"https:\/\/cimbcc.org\/test2\/wp-json\/wp\/v2\/users\/43"}],"replies":[{"embeddable":true,"href":"https:\/\/cimbcc.org\/test2\/wp-json\/wp\/v2\/comments?post=13751"}],"version-history":[{"count":7,"href":"https:\/\/cimbcc.org\/test2\/wp-json\/wp\/v2\/posts\/13751\/revisions"}],"predecessor-version":[{"id":14072,"href":"https:\/\/cimbcc.org\/test2\/wp-json\/wp\/v2\/posts\/13751\/revisions\/14072"}],"wp:attachment":[{"href":"https:\/\/cimbcc.org\/test2\/wp-json\/wp\/v2\/media?parent=13751"}],"wp:term":[{"taxonomy":"category","embeddable":true,"href":"https:\/\/cimbcc.org\/test2\/wp-json\/wp\/v2\/categories?post=13751"},{"taxonomy":"post_tag","embeddable":true,"href":"https:\/\/cimbcc.org\/test2\/wp-json\/wp\/v2\/tags?post=13751"}],"curies":[{"name":"wp","href":"https:\/\/api.w.org\/{rel}","templated":true}]}}