{"id":13961,"date":"2016-01-25T06:00:11","date_gmt":"2016-01-25T11:00:11","guid":{"rendered":"https:\/\/cimbcc.org\/test2\/?p=13961"},"modified":"2023-10-16T22:15:50","modified_gmt":"2023-10-17T02:15:50","slug":"chronique-horticole-du-mois-de-janvier","status":"publish","type":"post","link":"https:\/\/cimbcc.org\/test2\/chronique-horticole-du-mois-de-janvier\/","title":{"rendered":"Chronique horticole du mois de janvier"},"content":{"rendered":"<figure id=\"attachment_24082\" aria-describedby=\"caption-attachment-24082\" style=\"width: 125px\" class=\"wp-caption aligncenter\"><img loading=\"lazy\" decoding=\"async\" class=\"size-full wp-image-24082\" src=\"https:\/\/cimbcc.org\/test2\/wp-content\/uploads\/photo_couture_francine.jpg\" alt=\"\" width=\"125\" height=\"125\" \/><figcaption id=\"caption-attachment-24082\" class=\"wp-caption-text\"><span style=\"color: #ffffff;\">imm<\/span>Francine Couture<\/figcaption><\/figure>\n<p style=\"text-align: justify;\">Vous trouvez peut-\u00eatre farfelu de voir une chronique horticole au mois de janvier. Cependant, la saison hivernale est id\u00e9ale pour planifier les modifications que vous voulez faire \u00e0 votre terrain.<\/p>\n<p><!--more--><\/p>\n<p style=\"text-align: justify;\">J\u2019aimerais partager avec vous mes r\u00e9centes d\u00e9couvertes faites dans le domaine de l\u2019horticulture. Voici trois de ces d\u00e9couvertes\u00a0:<\/p>\n<ol>\n<li style=\"text-align: justify;\">Le <strong><a href=\"http:\/\/espacepourlavie.ca\/carnet-horticole-et-botanique\">Carnet horticole et botanique du Jardin botanique de Montr\u00e9al<\/a><\/strong><\/li>\n<li style=\"text-align: justify;\">La <strong><a href=\"http:\/\/www.auclairetfreres.ca\/produits\">P\u00e9pini\u00e8re Auclair et fr\u00e8res<\/a><\/strong><\/li>\n<li style=\"text-align: justify;\">Les plants\u00a0\u00e0 racines nues.<\/li>\n<\/ol>\n<hr \/>\n<h3>Le Carnet horticole et botanique du Jardin botanique de Montr\u00e9al<\/h3>\n<p><img loading=\"lazy\" decoding=\"async\" class=\"alignnone wp-image-13966 size-medium\" src=\"https:\/\/cimbcc.org\/test2\/wp-content\/uploads\/CHIP_2016_01_horticulture_1-300x113.jpg\" alt=\"CHIP_2016_01_horticulture_1\" width=\"300\" height=\"113\" srcset=\"https:\/\/cimbcc.org\/test2\/wp-content\/uploads\/CHIP_2016_01_horticulture_1-300x113.jpg 300w, https:\/\/cimbcc.org\/test2\/wp-content\/uploads\/CHIP_2016_01_horticulture_1.jpg 537w\" sizes=\"auto, (max-width: 300px) 100vw, 300px\" \/><\/p>\n<p>Le carnet horticole et botanique est situ\u00e9 sur le site <em>espacepourlavie.ca<\/em>. Que vous soyez un horticulteur d\u00e9butant ou avis\u00e9, vous y trouverez des conseils utiles.<\/p>\n<p>Voici le plan de cette section du site\u00a0:<\/p>\n<p><img loading=\"lazy\" decoding=\"async\" class=\"alignnone wp-image-13967 size-full\" src=\"https:\/\/cimbcc.org\/test2\/wp-content\/uploads\/CHIP_2016_01_horticulture_2.jpg\" alt=\"CHIP_2016_01_horticulture_2\" width=\"422\" height=\"649\" srcset=\"https:\/\/cimbcc.org\/test2\/wp-content\/uploads\/CHIP_2016_01_horticulture_2.jpg 422w, https:\/\/cimbcc.org\/test2\/wp-content\/uploads\/CHIP_2016_01_horticulture_2-195x300.jpg 195w\" sizes=\"auto, (max-width: 422px) 100vw, 422px\" \/><\/p>\n<p style=\"text-align: justify;\">La rubrique <em>Am\u00e9nagement paysager<\/em> nous donne des conseils pour divers types d\u2019am\u00e9nagement\u00a0:<\/p>\n<ul>\n<li><a href=\"http:\/\/espacepourlavie.ca\/jardin-papillons\">Jardin \u00e0 papillons<\/a><\/li>\n<li><a href=\"http:\/\/espacepourlavie.ca\/dans-mon-jardin-dhiver\">Dans mon jardin d&rsquo;hiver<\/a><\/li>\n<li><a href=\"http:\/\/espacepourlavie.ca\/un-jardin-colore-lautomne\">Un jardin color\u00e9 \u00e0 l&rsquo;automne<\/a><\/li>\n<li><a href=\"http:\/\/espacepourlavie.ca\/un-jardin-pour-les-bouquets\">Un jardin pour les bouquets<\/a><\/li>\n<li><a href=\"http:\/\/espacepourlavie.ca\/plantes-pour-jardins-ombrages\">Plantes pour jardins ombrag\u00e9s<\/a><\/li>\n<\/ul>\n<p style=\"text-align: justify;\">La partie <em>Plantes pour jardins ombrag\u00e9s<\/em> est tr\u00e8s utile car c\u2019est un r\u00e9el probl\u00e8me de trouver des plantes adapt\u00e9es \u00e0 cette condition.<\/p>\n<hr \/>\n<h3>P\u00e9pini\u00e8re Auclair et fr\u00e8res<\/h3>\n<p style=\"text-align: justify;\">Le site de cette p\u00e9pini\u00e8re est une source importante d\u2019informations. \u00c0 la page <em>http:\/\/www.auclairetfreres.ca\/produits<\/em>, vous trouverez des fiches techniques sur les diff\u00e9rentes sortes de v\u00e9g\u00e9taux\u00a0: arbres, arbustes, conif\u00e8res, arbres fruitiers, grimpants, gros calibres, haies, persistants, rosiers, sur tige.<\/p>\n<p style=\"text-align: justify;\">La fiche technique est vraiment tr\u00e8s compl\u00e8te pour chaque v\u00e9g\u00e9tal. Voici par exemple la fiche de la spir\u00e9e japonaise Shirobana\u00a0:<\/p>\n<p><img loading=\"lazy\" decoding=\"async\" class=\"aligncenter wp-image-13968 size-full\" src=\"https:\/\/cimbcc.org\/test2\/wp-content\/uploads\/CHIP_2016_01_horticulture_3.jpg\" alt=\"CHIP_2016_01_horticulture_3\" width=\"832\" height=\"718\" srcset=\"https:\/\/cimbcc.org\/test2\/wp-content\/uploads\/CHIP_2016_01_horticulture_3.jpg 832w, https:\/\/cimbcc.org\/test2\/wp-content\/uploads\/CHIP_2016_01_horticulture_3-300x259.jpg 300w, https:\/\/cimbcc.org\/test2\/wp-content\/uploads\/CHIP_2016_01_horticulture_3-768x663.jpg 768w\" sizes=\"auto, (max-width: 832px) 100vw, 832px\" \/><\/p>\n<p style=\"text-align: justify;\">Bien s\u00fbr, il y a plusieurs p\u00e9pini\u00e8res qui offrent un site internet. Cependant, quand vous faites des recherches sur internet sur les plants qui vous int\u00e9ressent, il faut faire attention de se limiter aux sites canadiens car les zones de rusticit\u00e9 peuvent \u00eatre class\u00e9es de fa\u00e7on diff\u00e9rente selon les pays. La p\u00e9pini\u00e8re Auclair est une des p\u00e9pini\u00e8res r\u00e9gionales et son site donne le plus d\u2019informations sur les v\u00e9g\u00e9taux qui peuvent \u00eatre plant\u00e9s dans notre r\u00e9gion. \u00c0 noter que la Mont\u00e9r\u00e9gie se situe maintenant dans la <em>zone de rusticit\u00e9 5<\/em>.<\/p>\n<hr \/>\n<h3>Plants\u00a0\u00e0 racines nues<\/h3>\n<p style=\"text-align: justify;\">Comme son nom l\u2019indique, un plant \u00e0 racines nues est un plant qu\u2019on a d\u00e9terr\u00e9 et dont les racines sont expos\u00e9es (contrairement \u00e0 un plant d\u00e9terr\u00e9 qu\u2019on a mis en pot). \u00c0 la p\u00e9pini\u00e8re, ils sont conserv\u00e9s dans une pi\u00e8ce dont la temp\u00e9rature est basse. Mis en terre selon les r\u00e8gles habituelles de plantation, leur survie est excellente.<\/p>\n<p style=\"text-align: justify;\">Dans notre r\u00e9gion, la p\u00e9pini\u00e8re Auclair et fr\u00e8res de St-Hilaire offre au mois d\u2019avril quelques arbres et arbustes \u00e0 racines nues. Ces arbres doivent \u00eatre plant\u00e9s d\u00e8s leur achat, ce qui est un inconv\u00e9nient, mais leur prix est environ la moiti\u00e9 du prix des arbres et arbustes en pot. En 2015, 120 esp\u00e8ces de plants \u00e0 racines nues y ont \u00e9t\u00e9 mises en vente le 18 avril. Sur le site de cette p\u00e9pini\u00e8re, surveillez l\u2019annonce et la liste des plants \u00e0 racines nues au mois d\u2019avril; c\u2019est une belle occasion d\u2019\u00e9conomie.<\/p>\n<p style=\"text-align: justify;\">Je vous souhaite beaucoup de plaisir dans votre planification et dans vos r\u00e9alisations horticoles.<\/p>\n<p>Francine Couture<\/p>\n<p>&nbsp;<\/p>\n","protected":false},"excerpt":{"rendered":"<p>Vous trouvez peut-\u00eatre farfelu de voir une chronique horticole au mois de janvier. Cependant, la saison hivernale est id\u00e9ale pour planifier les modifications que vous voulez faire \u00e0 votre terrain.<\/p>\n","protected":false},"author":43,"featured_media":0,"comment_status":"open","ping_status":"closed","sticky":false,"template":"","format":"standard","meta":{"footnotes":""},"categories":[12],"tags":[429,215],"class_list":["post-13961","post","type-post","status-publish","format-standard","hentry","category-sites-coup-de-coeur","tag-horticulture","tag-jardins"],"_links":{"self":[{"href":"https:\/\/cimbcc.org\/test2\/wp-json\/wp\/v2\/posts\/13961","targetHints":{"allow":["GET"]}}],"collection":[{"href":"https:\/\/cimbcc.org\/test2\/wp-json\/wp\/v2\/posts"}],"about":[{"href":"https:\/\/cimbcc.org\/test2\/wp-json\/wp\/v2\/types\/post"}],"author":[{"embeddable":true,"href":"https:\/\/cimbcc.org\/test2\/wp-json\/wp\/v2\/users\/43"}],"replies":[{"embeddable":true,"href":"https:\/\/cimbcc.org\/test2\/wp-json\/wp\/v2\/comments?post=13961"}],"version-history":[{"count":19,"href":"https:\/\/cimbcc.org\/test2\/wp-json\/wp\/v2\/posts\/13961\/revisions"}],"predecessor-version":[{"id":24916,"href":"https:\/\/cimbcc.org\/test2\/wp-json\/wp\/v2\/posts\/13961\/revisions\/24916"}],"wp:attachment":[{"href":"https:\/\/cimbcc.org\/test2\/wp-json\/wp\/v2\/media?parent=13961"}],"wp:term":[{"taxonomy":"category","embeddable":true,"href":"https:\/\/cimbcc.org\/test2\/wp-json\/wp\/v2\/categories?post=13961"},{"taxonomy":"post_tag","embeddable":true,"href":"https:\/\/cimbcc.org\/test2\/wp-json\/wp\/v2\/tags?post=13961"}],"curies":[{"name":"wp","href":"https:\/\/api.w.org\/{rel}","templated":true}]}}