{"id":14054,"date":"2016-01-21T06:00:05","date_gmt":"2016-01-21T11:00:05","guid":{"rendered":"https:\/\/cimbcc.org\/test2\/?p=14054"},"modified":"2023-10-16T22:15:50","modified_gmt":"2023-10-17T02:15:50","slug":"echos-du-conseil-dadministration-5-janvier-2016","status":"publish","type":"post","link":"https:\/\/cimbcc.org\/test2\/echos-du-conseil-dadministration-5-janvier-2016\/","title":{"rendered":"\u00c9chos du conseil d&rsquo;administration &#8211; janvier 2016"},"content":{"rendered":"<figure id=\"attachment_11748\" aria-describedby=\"caption-attachment-11748\" style=\"width: 500px\" class=\"wp-caption aligncenter\"><img loading=\"lazy\" decoding=\"async\" class=\"size-full wp-image-11748\" src=\"https:\/\/cimbcc.org\/test2\/wp-content\/uploads\/CA_2015_2016v2.jpg\" alt=\"CA_2015-2016\" width=\"500\" height=\"269\" srcset=\"https:\/\/cimbcc.org\/test2\/wp-content\/uploads\/CA_2015_2016v2.jpg 500w, https:\/\/cimbcc.org\/test2\/wp-content\/uploads\/CA_2015_2016v2-300x161.jpg 300w\" sizes=\"auto, (max-width: 500px) 100vw, 500px\" \/><figcaption id=\"caption-attachment-11748\" class=\"wp-caption-text\">Rang\u00e9e du haut : Walter Pearce, Yvon Gaudreau, Danielle Charest Bourque, Berthe Demers, Michel Gagn\u00e9, Sylvie Mazur, Denis Charron. Rang\u00e9e du bas : Richard Gervais, R\u00e9jean C\u00f4t\u00e9, R\u00e9jean Daigle, Jacques Lalibert\u00e9.<\/figcaption><\/figure>\n<p style=\"text-align: justify;\">Avant de traiter de questions relatives aux b\u00e9n\u00e9voles, aux ateliers et \u00e0 la s\u00e9curit\u00e9 physique des membres, le conseil d\u2019administration a appris quelques bonnes nouvelles\u00a0:<\/p>\n<ul>\n<li style=\"text-align: justify;\">d\u00e9but janvier, le club comptait 726 membres, soit presque 100\u00a0membres de plus qu\u2019\u00e0 pareille date l\u2019an dernier;<\/li>\n<li style=\"text-align: justify;\">l\u2019arriv\u00e9e de membres suppl\u00e9mentaires a engendr\u00e9 un surplus budg\u00e9taire confortable, mais pas excessif;<\/li>\n<li style=\"text-align: justify;\">le souper de No\u00ebl a r\u00e9uni 142 personnes qui ont appr\u00e9ci\u00e9 leur soir\u00e9e.<\/li>\n<\/ul>\n<p><!--more--><\/p>\n<hr \/>\n<p><strong>B\u00e9n\u00e9voles<\/strong><\/p>\n<p style=\"text-align: justify;\">Rita Olsthoorn s\u2019est port\u00e9e volontaire pour \u00e9diter le <em>CHIP<\/em> avec Richard Gervais et Michel C\u00f4t\u00e9. Sa contribution permettra de soulager Marie-Jos\u00e9 B\u00e2cle de certaines t\u00e2ches relatives \u00e0 la gestion du blogue.<\/p>\n<hr \/>\n<p style=\"text-align: justify;\"><strong>Priorit\u00e9s du club pour 2015-2016\u00a0: recherche de substituts et d\u2019assistants<\/strong><\/p>\n<p style=\"text-align: justify;\">En novembre (<a href=\"https:\/\/cimbcc.org\/test2\/echos-du-conseil-dadministration-novembre-2015#\" target=\"_blank\" rel=\"noopener\">voir les <em>\u00c9chos du conseil d\u2019administration<\/em> du 3 novembre \u2013 Priorit\u00e9 n<sup>o<\/sup>\u00a01<\/a>), le conseil a identifi\u00e9 des fonctions essentielles au club pour lesquelles on cherche un <strong>substitut<\/strong> au responsable. La p\u00e9riode des F\u00eates y \u00e9tant peu propice, aucun substitut n\u2019a \u00e9t\u00e9 identifi\u00e9. Toutefois, \u00e0 sa r\u00e9union de janvier, le conseil a accueilli avec gratitude la proposition de R\u00e9jean Daigle d\u2019agir comme substitut de Walter Pearce, tr\u00e9sorier du club. La recherche des autres substituts devra donc se poursuivre.<\/p>\n<p style=\"text-align: justify;\">Le conseil a trait\u00e9 de l\u2019autre priorit\u00e9 concernant les b\u00e9n\u00e9voles\u00a0: <strong><em>R\u00e9duire la charge de travail des b\u00e9n\u00e9voles qui assument une lourde t\u00e2che<\/em><\/strong>. Le conseil a identifi\u00e9 trois b\u00e9n\u00e9voles pour lesquelles il cherche de l\u2019aide\u00a0:<\/p>\n<ul>\n<li style=\"text-align: justify;\">Berthe Demers et Genevi\u00e8ve Renaud, responsables de la planification et de l\u2019organisation des <strong>ateliers<\/strong>;<\/li>\n<\/ul>\n<ul style=\"text-align: justify;\">\n<li>Danielle Bourque, responsable de <strong>l\u2019accueil<\/strong> aux s\u00e9ances de pr\u00e9sentations et responsable de la <strong><em>Journ\u00e9e d\u2019information et d\u2019inscription<\/em><\/strong> de septembre.<\/li>\n<\/ul>\n<p style=\"text-align: justify;\">Si on cherche des substituts pour les responsables de ces activit\u00e9s, on cherche aussi des personnes qui pourraient <strong>partager leurs responsabilit\u00e9s<\/strong> en prenant en charge certaines des t\u00e2ches qu\u2019elles doivent r\u00e9aliser. Les comp\u00e9tences de ces personnes sont de l\u2019ordre du sens de l\u2019organisation, de l\u2019entregent, d\u2019une certaine aisance en fran\u00e7ais \u00e9crit, comp\u00e9tences que de nombreuses personnes poss\u00e8dent au club. Le temps qu\u2019elles consacreront \u00e0 ces t\u00e2ches leur permettra de mettre \u00e0 profit leurs connaissances et de les d\u00e9velopper, d\u2019entrer en contact avec les membres et les autres b\u00e9n\u00e9voles du club, tous des gens int\u00e9ressants qui partagent des besoins et int\u00e9r\u00eats communs. Le conseil esp\u00e8re vraiment que des membres se proposeront pour assister les responsables identifi\u00e9es ci-dessus et ainsi rejoindre la merveilleuse \u00e9quipe des b\u00e9n\u00e9voles du club.<\/p>\n<hr \/>\n<p style=\"text-align: justify;\"><strong>Bilan des ateliers de l\u2019automne\u00a02015<\/strong><\/p>\n<p style=\"text-align: justify;\">Entre septembre et d\u00e9cembre\u00a02015, douze ateliers ont donn\u00e9 lieu \u00e0 39\u00a0rencontres. On a observ\u00e9 une am\u00e9lioration de la participation \u00e0 ces rencontres avec une moyenne de 19,1\u00a0participants. Cette moyenne est de 17,2\u00a0participants si on ne tient pas compte des 61\u00a0membres qui ont particip\u00e9 \u00e0 l\u2019atelier sur Windows\u00a010. Cette moyenne est sensiblement sup\u00e9rieure \u00e0 celle de l\u2019automne\u00a02014 qui \u00e9tait de 15,6\u00a0participants.<\/p>\n<p style=\"text-align: justify;\">La description que font les animateurs de leur atelier sur le site du club, le processus d\u2019inscription lui-m\u00eame et la communication de l\u2019information ont contribu\u00e9 \u00e0 ces bons r\u00e9sultats. L\u2019excellent travail que font les animateurs dans leur atelier respectif est ind\u00e9niablement un facteur de succ\u00e8s.<\/p>\n<p style=\"text-align: justify;\">L\u2019augmentation du nombre des ateliers et des rencontres augmente la t\u00e2che des responsables et accentue la difficult\u00e9 de trouver des salles disponibles pour satisfaire tous les besoins. Berthe Demers a rappel\u00e9 que le conseil d\u2019administration s\u2019\u00e9tait prononc\u00e9 en faveur d\u2019une consolidation des activit\u00e9s du club et d\u2019une stabilisation du nombre des ateliers \u00e0 10 ou 11 par saison. Ce nombre devrait \u00eatre le maximum d\u2019ateliers offerts \u00e0 l\u2019avenir. Certains ateliers pourraient ainsi \u00eatre offerts aux deux ans.<\/p>\n<hr \/>\n<p style=\"text-align: justify;\"><strong>V\u00e9rification de la s\u00e9curit\u00e9 physique des membres lors des activit\u00e9s du club<\/strong><\/p>\n<p style=\"text-align: justify;\">La s\u00e9curit\u00e9 physique des membres lors des activit\u00e9s du club est sous la responsabilit\u00e9 du responsable de la logistique, Yvon\u00a0Gaudreau. Celui-ci a rappel\u00e9 que les fils d\u2019alimentation \u00e9lectrique et ceux reliant les ordinateurs et le projecteur sont couverts lors des s\u00e9ances de pr\u00e9sentations, que les sorties d\u2019urgence sont v\u00e9rifi\u00e9es \u00e0 chaque s\u00e9ance et que des lumi\u00e8res d\u2019urgence s\u2019allumeraient en cas de panne d\u2019\u00e9lectricit\u00e9.<\/p>\n<p style=\"text-align: justify;\">En plus de ces mesures habituelles, le conseil a d\u00e9cid\u00e9 de projeter, au d\u00e9but de chaque s\u00e9ance de pr\u00e9sentations, une diapositive qui indiquera l\u2019emplacement des sorties d\u2019urgence. Par ailleurs, R\u00e9jean\u00a0C\u00f4t\u00e9 demandera aux responsables de la Ville d\u2019identifier physiquement les sorties d\u2019urgence et de pr\u00e9parer une affiche qui informera les participants de la capacit\u00e9 r\u00e9glementaire de la salle.<\/p>\n<hr \/>\n<p style=\"text-align: justify;\">\u00a0Sylvie Mazur, secr\u00e9taire du CIMBCC<\/p>\n","protected":false},"excerpt":{"rendered":"<p>Avant de traiter de questions relatives aux b\u00e9n\u00e9voles, aux ateliers et \u00e0 la s\u00e9curit\u00e9 physique des membres, le conseil d\u2019administration a appris quelques bonnes nouvelles\u00a0: d\u00e9but janvier, le club comptait 726 membres, soit presque 100\u00a0membres de plus qu\u2019\u00e0 pareille date l\u2019an dernier; l\u2019arriv\u00e9e de membres suppl\u00e9mentaires a engendr\u00e9 un surplus budg\u00e9taire confortable, mais pas excessif; &hellip; <a href=\"https:\/\/cimbcc.org\/test2\/echos-du-conseil-dadministration-5-janvier-2016\/\" class=\"more-link\">Continuer la lecture de <span class=\"screen-reader-text\">\u00c9chos du conseil d&rsquo;administration &#8211; janvier 2016<\/span>  <span class=\"meta-nav\">&rarr;<\/span><\/a><\/p>\n","protected":false},"author":43,"featured_media":0,"comment_status":"open","ping_status":"closed","sticky":false,"template":"","format":"standard","meta":{"footnotes":""},"categories":[386],"tags":[],"class_list":["post-14054","post","type-post","status-publish","format-standard","hentry","category-echos-du-conseil-dadministration"],"_links":{"self":[{"href":"https:\/\/cimbcc.org\/test2\/wp-json\/wp\/v2\/posts\/14054","targetHints":{"allow":["GET"]}}],"collection":[{"href":"https:\/\/cimbcc.org\/test2\/wp-json\/wp\/v2\/posts"}],"about":[{"href":"https:\/\/cimbcc.org\/test2\/wp-json\/wp\/v2\/types\/post"}],"author":[{"embeddable":true,"href":"https:\/\/cimbcc.org\/test2\/wp-json\/wp\/v2\/users\/43"}],"replies":[{"embeddable":true,"href":"https:\/\/cimbcc.org\/test2\/wp-json\/wp\/v2\/comments?post=14054"}],"version-history":[{"count":11,"href":"https:\/\/cimbcc.org\/test2\/wp-json\/wp\/v2\/posts\/14054\/revisions"}],"predecessor-version":[{"id":46782,"href":"https:\/\/cimbcc.org\/test2\/wp-json\/wp\/v2\/posts\/14054\/revisions\/46782"}],"wp:attachment":[{"href":"https:\/\/cimbcc.org\/test2\/wp-json\/wp\/v2\/media?parent=14054"}],"wp:term":[{"taxonomy":"category","embeddable":true,"href":"https:\/\/cimbcc.org\/test2\/wp-json\/wp\/v2\/categories?post=14054"},{"taxonomy":"post_tag","embeddable":true,"href":"https:\/\/cimbcc.org\/test2\/wp-json\/wp\/v2\/tags?post=14054"}],"curies":[{"name":"wp","href":"https:\/\/api.w.org\/{rel}","templated":true}]}}