{"id":14434,"date":"2016-03-22T06:00:45","date_gmt":"2016-03-22T10:00:45","guid":{"rendered":"https:\/\/cimbcc.org\/test2\/?p=14434"},"modified":"2023-10-16T22:15:50","modified_gmt":"2023-10-17T02:15:50","slug":"echos-du-conseil-dadministration-8-mars-2016","status":"publish","type":"post","link":"https:\/\/cimbcc.org\/test2\/echos-du-conseil-dadministration-8-mars-2016\/","title":{"rendered":"\u00c9chos du conseil d\u2019administration \u2013 8 mars 2016"},"content":{"rendered":"<figure id=\"attachment_11748\" aria-describedby=\"caption-attachment-11748\" style=\"width: 500px\" class=\"wp-caption aligncenter\"><img loading=\"lazy\" decoding=\"async\" class=\"size-full wp-image-11748\" src=\"https:\/\/cimbcc.org\/test2\/wp-content\/uploads\/CA_2015_2016v2.jpg\" alt=\"CA_2015-2016\" width=\"500\" height=\"269\" srcset=\"https:\/\/cimbcc.org\/test2\/wp-content\/uploads\/CA_2015_2016v2.jpg 500w, https:\/\/cimbcc.org\/test2\/wp-content\/uploads\/CA_2015_2016v2-300x161.jpg 300w\" sizes=\"auto, (max-width: 500px) 100vw, 500px\" \/><figcaption id=\"caption-attachment-11748\" class=\"wp-caption-text\">Rang\u00e9e du haut : Walter Pearce, Yvon Gaudreau, Danielle Charest Bourque, Berthe Demers, Michel Gagn\u00e9, Sylvie Mazur, Denis Charron. Rang\u00e9e du bas : Richard Gervais, R\u00e9jean C\u00f4t\u00e9, R\u00e9jean Daigle, Jacques Lalibert\u00e9.<\/figcaption><\/figure>\n<p style=\"text-align: justify;\">La r\u00e9union du conseil d\u2019administration du 8\u00a0mars a \u00e9t\u00e9 consacr\u00e9e \u00e0 revoir les r\u00e8gles de conduite des membres du conseil, \u00e0 r\u00e9viser la gestion des logiciels dont le club est propri\u00e9taire et \u00e0 poursuivre la pr\u00e9paration de l\u2019assembl\u00e9e g\u00e9n\u00e9rale du 13\u00a0avril. Par ailleurs, le conseil a pris connaissance d\u2019informations sur l\u2019\u00e9volution des adh\u00e9sions au club et il a pris des d\u00e9cisions quant \u00e0 la d\u00e9signation de membres honoraires et quant \u00e0 certains ateliers \u00e0 offrir l\u2019an prochain.<\/p>\n<p><!--more--><\/p>\n<hr \/>\n<h4><strong>Membres et b\u00e9n\u00e9voles<\/strong><\/h4>\n<p style=\"text-align: justify;\">Avec les 26\u00a0nouveaux membres qui se sont inscrits en f\u00e9vrier, Danielle\u00a0Bourque nous a annonc\u00e9 que le club comptait 776\u00a0membres actifs au d\u00e9but du mois de mars. Elle nous a aussi transmis un tableau r\u00e9alis\u00e9 par Albert\u00a0Richard o\u00f9 il a recens\u00e9 le nombre annuel d\u2019adh\u00e9rents au club depuis sa cr\u00e9ation en 1983. Ce tableau met en \u00e9vidence la progression importante des membres au cours des derni\u00e8res ann\u00e9es\u00a0:<\/p>\n<ul>\n<li>De 1983 \u00e0 1993\u00a0: 32 membres en 1983 et moins de 100\u00a0membres par ann\u00e9e ensuite.<\/li>\n<li>De 1994 \u00e0 2005\u00a0: plus de 100\u00a0membres, mais moins de 200.<\/li>\n<li>De 2006 \u00e0 2009\u00a0: plus de 200\u00a0membres, mais moins de 500.<\/li>\n<li>De 2010\u00a0\u00e0 2013 : plus de 500\u00a0membres.<\/li>\n<li>Depuis 2014\u00a0: plus de 600\u00a0membres.<\/li>\n<\/ul>\n<p style=\"text-align: justify;\">La qualit\u00e9 des activit\u00e9s du club ainsi que leur adaptation \u00e0 l\u2019actualit\u00e9 informatique et aux besoins des membres expliquent sans doute la croissance du nombre des membres. Ces qualit\u00e9s sont dues \u00e0 l\u2019apport indispensable des b\u00e9n\u00e9voles du club.<\/p>\n<p style=\"text-align: justify;\">Plusieurs de ces b\u00e9n\u00e9voles se portent volontaires pour ajouter \u00e0 leurs responsabilit\u00e9s actuelles. C\u2019est le cas de Richard\u00a0Gervais qui assurera dor\u00e9navant la coordination du CHIP. C\u2019est aussi le cas de Rosaire\u00a0Bourbeau qui proposera des articles du CHIP pour diffusion sur la page Facebook intitul\u00e9e <em>Informatique de la Rive-Sud.<\/em> (Cette page, cr\u00e9\u00e9e et g\u00e9r\u00e9e par un membre des Vieux Branch\u00e9s de Longueuil, r\u00e9unit des articles des clubs informatiques de Longueuil et de Brossard en plus des Vieux Branch\u00e9s de Longueuil et du CIMBCC. On peut consulter cette page en <a href=\"https:\/\/www.facebook.com\/pages\/Informatique-de-la-Rive-Sud\/1596833500582673?sk=timeline&amp;ref=page_internal\" target=\"_blank\" rel=\"noopener\">cliquant ici<\/a>.)<\/p>\n<hr \/>\n<h4><strong>Membres honoraires<\/strong><\/h4>\n<p style=\"text-align: justify;\">Le conseil d\u2019administration a confirm\u00e9 qu\u2019il accorderait le statut de membre honoraire\u00a0:<\/p>\n<ul>\n<li style=\"text-align: justify;\">\u00e0 une personne que le club veut remercier pour sa contribution exceptionnelle \u00e0 sa gestion ou \u00e0 ses activit\u00e9s en tant que b\u00e9n\u00e9vole,<\/li>\n<li style=\"text-align: justify;\">ou \u00e0 une personne que le club reconna\u00eet comme membre s\u2019\u00e9tant distingu\u00e9 par des r\u00e9alisations remarquables\u00a0: par son exemple, ce membre est un ambassadeur pour le club et un mod\u00e8le pour ses membres.<\/li>\n<\/ul>\n<p style=\"text-align: justify;\">Le conseil attribuera ce statut, en moyenne, \u00e0 moins d\u2019une personne par ann\u00e9e. Mais cette ann\u00e9e, la candidature de deux membres a \u00e9t\u00e9 propos\u00e9e et toutes deux ont \u00e9t\u00e9 retenues. L\u2019identit\u00e9 de ces deux personnes sera d\u00e9voil\u00e9e dans le cadre de la <em>Soir\u00e9e des membres<\/em> \u00e0 laquelle tous seront convi\u00e9s le 4\u00a0mai prochain. Le conseil y annoncera aussi quelle mesure il se propose d\u2019adopter pour faire conna\u00eetre ses membres honoraires.<\/p>\n<hr \/>\n<h4><strong>Ateliers \u00e0 la biblioth\u00e8que de Sainte-Julie<\/strong><\/h4>\n<p style=\"text-align: justify;\">Cet hiver, des ateliers sur Android et sur Facebook se sont tenus \u00e0 la biblioth\u00e8que de Sainte-Julie, en plus du cours d\u2019initiation \u00e0 l\u2019ordinateur. Les responsables de la biblioth\u00e8que, tout comme les animateurs et les participants \u00e0 ces ateliers, ont manifest\u00e9 leur satisfaction face \u00e0 cette premi\u00e8re exp\u00e9rience. Le conseil d\u2019administration a donc d\u00e9cid\u00e9 de poursuivre cette heureuse collaboration en offrant les m\u00eames ateliers \u00e0 Sainte-Julie en 2016-2017.<\/p>\n<hr \/>\n<p>Sylvie\u00a0Mazur<br \/>\nSecr\u00e9taire du CIMBCC<\/p>\n<p>&nbsp;<\/p>\n","protected":false},"excerpt":{"rendered":"<p>La r\u00e9union du conseil d\u2019administration du 8\u00a0mars a \u00e9t\u00e9 consacr\u00e9e \u00e0 revoir les r\u00e8gles de conduite des membres du conseil, \u00e0 r\u00e9viser la gestion des logiciels dont le club est propri\u00e9taire et \u00e0 poursuivre la pr\u00e9paration de l\u2019assembl\u00e9e g\u00e9n\u00e9rale du 13\u00a0avril. Par ailleurs, le conseil a pris connaissance d\u2019informations sur l\u2019\u00e9volution des adh\u00e9sions au club &hellip; <a href=\"https:\/\/cimbcc.org\/test2\/echos-du-conseil-dadministration-8-mars-2016\/\" class=\"more-link\">Continuer la lecture de <span class=\"screen-reader-text\">\u00c9chos du conseil d\u2019administration \u2013 8 mars 2016<\/span>  <span class=\"meta-nav\">&rarr;<\/span><\/a><\/p>\n","protected":false},"author":43,"featured_media":0,"comment_status":"open","ping_status":"closed","sticky":false,"template":"","format":"standard","meta":{"footnotes":""},"categories":[386],"tags":[107,269,126,20],"class_list":["post-14434","post","type-post","status-publish","format-standard","hentry","category-echos-du-conseil-dadministration","tag-android","tag-ateliers","tag-benevoles","tag-facebook"],"_links":{"self":[{"href":"https:\/\/cimbcc.org\/test2\/wp-json\/wp\/v2\/posts\/14434","targetHints":{"allow":["GET"]}}],"collection":[{"href":"https:\/\/cimbcc.org\/test2\/wp-json\/wp\/v2\/posts"}],"about":[{"href":"https:\/\/cimbcc.org\/test2\/wp-json\/wp\/v2\/types\/post"}],"author":[{"embeddable":true,"href":"https:\/\/cimbcc.org\/test2\/wp-json\/wp\/v2\/users\/43"}],"replies":[{"embeddable":true,"href":"https:\/\/cimbcc.org\/test2\/wp-json\/wp\/v2\/comments?post=14434"}],"version-history":[{"count":11,"href":"https:\/\/cimbcc.org\/test2\/wp-json\/wp\/v2\/posts\/14434\/revisions"}],"predecessor-version":[{"id":24896,"href":"https:\/\/cimbcc.org\/test2\/wp-json\/wp\/v2\/posts\/14434\/revisions\/24896"}],"wp:attachment":[{"href":"https:\/\/cimbcc.org\/test2\/wp-json\/wp\/v2\/media?parent=14434"}],"wp:term":[{"taxonomy":"category","embeddable":true,"href":"https:\/\/cimbcc.org\/test2\/wp-json\/wp\/v2\/categories?post=14434"},{"taxonomy":"post_tag","embeddable":true,"href":"https:\/\/cimbcc.org\/test2\/wp-json\/wp\/v2\/tags?post=14434"}],"curies":[{"name":"wp","href":"https:\/\/api.w.org\/{rel}","templated":true}]}}