{"id":14523,"date":"2016-04-07T06:00:43","date_gmt":"2016-04-07T10:00:43","guid":{"rendered":"https:\/\/cimbcc.org\/test2\/?p=14523"},"modified":"2023-10-16T22:15:49","modified_gmt":"2023-10-17T02:15:49","slug":"mot-du-president-avril-2016","status":"publish","type":"post","link":"https:\/\/cimbcc.org\/test2\/mot-du-president-avril-2016\/","title":{"rendered":"Mot du pr\u00e9sident &#8211; avril 2016"},"content":{"rendered":"<figure id=\"attachment_23836\" aria-describedby=\"caption-attachment-23836\" style=\"width: 125px\" class=\"wp-caption aligncenter\"><img loading=\"lazy\" decoding=\"async\" class=\"size-full wp-image-23836\" src=\"https:\/\/cimbcc.org\/test2\/wp-content\/uploads\/photo_cote_rejean.jpg\" alt=\"\" width=\"125\" height=\"125\" \/><figcaption id=\"caption-attachment-23836\" class=\"wp-caption-text\"><span style=\"color: #ffffff;\">mmmm<\/span>R\u00e9jean C\u00f4t\u00e9<\/figcaption><\/figure>\n<h4>WINDOWS\u00a010 (suite)<\/h4>\n<p style=\"text-align: justify;\"><a href=\"https:\/\/cimbcc.org\/test2\/avantages-de-windows-10\" target=\"_blank\" rel=\"noopener\">Le mois dernier, je vous pr\u00e9sentais quelques articles<\/a> sur les derniers d\u00e9veloppements de Windows\u00a010. Ce mois-ci, je vous invite \u00e0 lire les deux articles suivants.<\/p>\n<h5 style=\"text-align: justify;\"><strong>Windows 10\u00a0: une mise \u00e0 jour qui booste les performances<\/strong><\/h5>\n<p style=\"text-align: justify;\">La derni\u00e8re mise \u00e0 jour du syst\u00e8me d\u2019exploitation apporte de nombreuses am\u00e9liorations et correction de bugs.<\/p>\n<p style=\"text-align: justify;\"><!--more--><\/p>\n<p style=\"text-align: justify;\">En novembre 2015, Microsoft lan\u00e7ait une grande mise \u00e0 jour de Windows\u00a010, qui \u00e9tait, quelques semaines plus tard, <a href=\"http:\/\/www.01net.com\/actualites\/mise-a-jour-de-windows-10-microsoft-fait-un-retropedalage-qui-cree-la-confusion-932217.html\" target=\"_blank\" rel=\"noopener\">partiellement retir\u00e9e<\/a>. Depuis, l\u2019\u00e9diteur met \u00e0 disposition des mises \u00e0 jour cumulatives. Celle diffus\u00e9e en ce d\u00e9but mars 2016, la KB3140743, apporte de nombreuses am\u00e9liorations\u2026\u00a0\u00bb<\/p>\n<p style=\"text-align: justify;\"><u>Pour lire la suite de cet article, cliquez <a href=\"http:\/\/www.01net.com\/actualites\/windows-10-une-mise-a-jour-qui-booste-les-performances-956171.html\" target=\"_blank\" rel=\"noopener\">ici<\/a>.<\/u><\/p>\n<hr \/>\n<p style=\"text-align: justify;\">L\u2019article suivant est particuli\u00e8rement int\u00e9ressant pour les membres qui ont Windows\u00a010. Notez que les deux premiers conseils portent sur l\u2019assistante vocale <strong>Cortana<\/strong> qui n\u2019est pas encore disponible en fran\u00e7ais au Qu\u00e9bec, mais qui devrait l\u2019\u00eatre bient\u00f4t.<\/p>\n<h4 style=\"text-align: justify;\"><strong>Windows 10\u00a0: le top des trucs et astuces<\/strong><\/h4>\n<p style=\"text-align: justify;\"><strong>Ma\u00eetrisez Windows\u00a010 en moins de 10\u00a0minutes<\/strong><\/p>\n<p style=\"text-align: justify;\">Trois ans apr\u00e8s avoir publi\u00e9 le tant d\u00e9cri\u00e9 Windows 8, Microsoft r\u00e9cidive avec une nouvelle version de son syst\u00e8me d\u2019exploitation. Pour l\u2019occasion, l\u2019OS <strong>change partiellement de look<\/strong>, empruntant certains \u00e9l\u00e9ments \u00e0 ses pr\u00e9d\u00e9cesseurs que sont Windows\u00a07 et Windows\u00a08, et apportant malgr\u00e9 tout un joli lot d\u2019innovations. Bref, l\u2019\u00e9diteur de Redmond tente de raccrocher les wagons et de r\u00e9concilier les utilisateurs avec son OS\u2026\u00a0\u00bb<\/p>\n<p style=\"text-align: justify;\"><u>Pour lire la suite de cet article, cliquez <a href=\"http:\/\/www.tomsguide.fr\/article\/maitriser-windows-10,2-1722.html\" target=\"_blank\" rel=\"noopener\">ici<\/a>.<\/u><\/p>\n<hr \/>\n<h4 style=\"text-align: justify;\">\u00a0SONDAGE \u00c9CLAIR<\/h4>\n<p style=\"text-align: justify;\">Vous \u00eates invit\u00e9s \u00e0 prendre quelques instants pour participer au sondage \u00e9clair ci-dessous.<\/p>\n<p style=\"text-align: justify;\">Il serait souhaitable que tous les membres y participent afin que le club puisse se fier aux r\u00e9sultats du sondage afin de mieux planifier les ateliers et les pr\u00e9sentations \u00e0 venir.<\/p>\n<p style=\"text-align: justify;\">Merci de votre collaboration!<\/p>\n<p style=\"text-align: justify;\"><u><\/u>[poll id=\u00a0\u00bb57&Prime;]<\/p>\n<p style=\"text-align: justify;\">[poll id=\u00a0\u00bb58&Prime;]<\/p>\n<p style=\"text-align: justify;\">[poll id=\u00a0\u00bb59&Prime;]<\/p>\n<p style=\"text-align: justify;\">[poll id=\u00a0\u00bb60&Prime;]<\/p>\n<hr \/>\n<h4 style=\"text-align: justify;\">LA D\u00c9MOCRATIE AU CLUB<\/h4>\n<p style=\"text-align: justify;\">La loi oblige le club \u00e0 tenir au moins une assembl\u00e9e g\u00e9n\u00e9rale par ann\u00e9e et tous les membres y sont convoqu\u00e9s. C\u2019est aussi \u00e0 cette assembl\u00e9e que les nouveaux membres du conseil d\u2019administration sont \u00e9lus.<\/p>\n<p style=\"text-align: justify;\">Le conseil d\u2019administration est compos\u00e9 d\u2019un maximum de 12\u00a0membres qui se r\u00e9unissent le premier mardi de chaque mois, sauf en juillet. Chaque administrateur exerce un mandat de deux ans. Afin d\u2019assurer la continuit\u00e9 dans la gestion du club, seulement 6\u00a0postes d\u2019administrateurs sont \u00e0 pourvoir chaque ann\u00e9e.<\/p>\n<p style=\"text-align: justify;\">Pour \u00eatre \u00e9ligible, il faut \u00eatre <strong>membre et<\/strong> <strong>b\u00e9n\u00e9vole<\/strong> du club et avoir pos\u00e9 sa candidature dans les d\u00e9lais fix\u00e9s. Ensuite, il faut \u00eatre \u00e9lu par les membres pr\u00e9sents \u00e0 l\u2019assembl\u00e9e g\u00e9n\u00e9rale annuelle.<\/p>\n<p style=\"text-align: justify;\">Le club ne peut exister sans ses administrateurs. Au moment o\u00f9 vous lirez ces lignes, vous aurez d\u00e9j\u00e0 re\u00e7u la convocation \u00e0 l\u2019assembl\u00e9e g\u00e9n\u00e9rale du <strong>mercredi 13\u00a0avril<\/strong> et l\u2019invitation \u00e0 poser votre candidature comme administrateur du club.<\/p>\n<p style=\"text-align: justify;\">Vos administrateurs ont besoin de sentir que les membres les appuient. Une bonne fa\u00e7on de leur manifester votre soutien, c\u2019est de participer \u00e0 l\u2019assembl\u00e9e g\u00e9n\u00e9rale qui dure environ une heure. Elle sera suivie par une pr\u00e9sentation sur <strong>Adobe Reader<\/strong> o\u00f9 l\u2019on verra ce qu\u2019est un fichier PDF et comment utiliser Adobe Reader pour modifier l\u00e9g\u00e8rement les fichiers et r\u00e9aliser des recherches.<\/p>\n<p style=\"text-align: justify;\">L\u2019ann\u00e9e derni\u00e8re, environ 90\u00a0membres ont assist\u00e9 \u00e0 l\u2019assembl\u00e9e g\u00e9n\u00e9rale. J\u2019esp\u00e8re que cette ann\u00e9e vous serez au moins aussi nombreux. Venez \u00e0 l\u2019assembl\u00e9e g\u00e9n\u00e9rale, vos administrateurs vous en seront reconnaissants. Vous servirez aussi la d\u00e9mocratie parce que le club, c\u2019est votre affaire et ce sera une belle fa\u00e7on pour vous de vous en occuper.<\/p>\n<p style=\"text-align: justify;\">\u00a0Au plaisir de vous y retrouver nombreux,<\/p>\n<p>\u00a0R\u00e9jean\u00a0C\u00f4t\u00e9, pr\u00e9sident<\/p>\n","protected":false},"excerpt":{"rendered":"<p>WINDOWS\u00a010 (suite) Le mois dernier, je vous pr\u00e9sentais quelques articles sur les derniers d\u00e9veloppements de Windows\u00a010. Ce mois-ci, je vous invite \u00e0 lire les deux articles suivants. Windows 10\u00a0: une mise \u00e0 jour qui booste les performances La derni\u00e8re mise \u00e0 jour du syst\u00e8me d\u2019exploitation apporte de nombreuses am\u00e9liorations et correction de bugs.<\/p>\n","protected":false},"author":43,"featured_media":0,"comment_status":"open","ping_status":"closed","sticky":false,"template":"","format":"standard","meta":{"footnotes":""},"categories":[11],"tags":[209,88],"class_list":["post-14523","post","type-post","status-publish","format-standard","hentry","category-mots-du-president","tag-sondage","tag-windows-10"],"_links":{"self":[{"href":"https:\/\/cimbcc.org\/test2\/wp-json\/wp\/v2\/posts\/14523","targetHints":{"allow":["GET"]}}],"collection":[{"href":"https:\/\/cimbcc.org\/test2\/wp-json\/wp\/v2\/posts"}],"about":[{"href":"https:\/\/cimbcc.org\/test2\/wp-json\/wp\/v2\/types\/post"}],"author":[{"embeddable":true,"href":"https:\/\/cimbcc.org\/test2\/wp-json\/wp\/v2\/users\/43"}],"replies":[{"embeddable":true,"href":"https:\/\/cimbcc.org\/test2\/wp-json\/wp\/v2\/comments?post=14523"}],"version-history":[{"count":13,"href":"https:\/\/cimbcc.org\/test2\/wp-json\/wp\/v2\/posts\/14523\/revisions"}],"predecessor-version":[{"id":24889,"href":"https:\/\/cimbcc.org\/test2\/wp-json\/wp\/v2\/posts\/14523\/revisions\/24889"}],"wp:attachment":[{"href":"https:\/\/cimbcc.org\/test2\/wp-json\/wp\/v2\/media?parent=14523"}],"wp:term":[{"taxonomy":"category","embeddable":true,"href":"https:\/\/cimbcc.org\/test2\/wp-json\/wp\/v2\/categories?post=14523"},{"taxonomy":"post_tag","embeddable":true,"href":"https:\/\/cimbcc.org\/test2\/wp-json\/wp\/v2\/tags?post=14523"}],"curies":[{"name":"wp","href":"https:\/\/api.w.org\/{rel}","templated":true}]}}