{"id":14540,"date":"2016-04-05T06:00:54","date_gmt":"2016-04-05T10:00:54","guid":{"rendered":"https:\/\/cimbcc.org\/test2\/?p=14540"},"modified":"2023-10-16T22:15:49","modified_gmt":"2023-10-17T02:15:49","slug":"sondage-sur-leconomie-de-partage","status":"publish","type":"post","link":"https:\/\/cimbcc.org\/test2\/sondage-sur-leconomie-de-partage\/","title":{"rendered":"Sondage sur l&rsquo;\u00e9conomie de partage"},"content":{"rendered":"<figure id=\"attachment_24120\" aria-describedby=\"caption-attachment-24120\" style=\"width: 125px\" class=\"wp-caption aligncenter\"><img loading=\"lazy\" decoding=\"async\" class=\"size-full wp-image-24120\" src=\"https:\/\/cimbcc.org\/test2\/wp-content\/uploads\/photo_dion_celine.jpg\" alt=\"\" width=\"125\" height=\"126\" \/><figcaption id=\"caption-attachment-24120\" class=\"wp-caption-text\"><span style=\"color: #ffffff;\">mmmm<\/span>C\u00e9line Dion<\/figcaption><\/figure>\n<h4><strong>\u00a0<\/strong><strong>Sondage sur l\u2019\u00e9conomie de partage<\/strong><\/h4>\n<p style=\"text-align: justify;\">On entend de plus en plus parler d\u2019\u00e9conomie de partage et d\u2019\u00e9conomie sur demande. Quand est-il de tout cela au juste?<\/p>\n<p style=\"text-align: justify;\"><!--more--><\/p>\n<p style=\"text-align: justify;\"><a href=\"https:\/\/cimbcc.org\/test2\/comment-jai-repare-mon-micro-onde-pour-35-grace-a-google-kijiji-et-jacques\" target=\"_blank\" rel=\"noopener\">Dans une chronique ant\u00e9rieure<\/a>, <em>Michel Gagn\u00e9<\/em> nous donnait un bon exemple d\u2019\u00e9conomie de partage en parlant de son exp\u00e9rience sur le site d&rsquo;annonces class\u00e9es <a href=\"http:\/\/www.kijiji.ca\" target=\"_blank\" rel=\"noopener\">www.kijiji.ca<\/a>.<\/p>\n<p style=\"text-align: justify;\"><em>Diane B\u00e9rard<\/em>, chroniqueuse au journal \u00ab\u00a0Les Affaires\u00a0\u00bb et professeur de sociologie \u00e0 l&rsquo;Universit\u00e9 du Qu\u00e9bec \u00e0 Montr\u00e9al (UQAM), distingue trois concepts li\u00e9s aux nouveaux types d&rsquo;entreprises :<\/p>\n<ol style=\"text-align: justify;\">\n<li>L&rsquo;\u00e9conomie collaborative, par exemple lorsque des artisans \u00e9liminent les interm\u00e9diaires en allant sur le site Etsy.<\/li>\n<li>L&rsquo;\u00e9conomie du partage, o\u00f9 l&rsquo;on partage des biens, comme avec AirBnb ou Communauto.<\/li>\n<li>L&rsquo;\u00e9conomie sur demande; Uber, qui remplace les taxis, en est un exemple.<\/li>\n<\/ol>\n<p style=\"text-align: justify;\"><a href=\"http:\/\/ici.radio-canada.ca\/emissions\/medium_large\/2015-2016\/chronique.asp?idChronique=391117\" target=\"_blank\" rel=\"noopener\">http:\/\/ici.radio-canada.ca\/emissions\/medium_large\/2015-2016\/chronique.asp?idChronique=391117<\/a><\/p>\n<p style=\"text-align: justify;\">Dans sa chronique \u00ab\u00a0Dans vos poches\u00a0\u00bb, \u00c9ric Cloutier ne fait pas de distinction entre l\u2019\u00e9conomie dite \u00ab\u00a0de partage\u00a0\u00bb et l\u2019\u00e9conomie \u00ab\u00a0sur demande\u00a0\u00bb. Il nous donne les 5 exemples suivants d\u2019applications d\u2019\u00e9conomie sur demande\u00a0:<\/p>\n<ol style=\"text-align: justify;\">\n<li><em>Airbnb<\/em> pour l\u2019h\u00e9bergement;<\/li>\n<li><em>Uber<\/em> pour le transport de personne;<\/li>\n<li><em>Maxloc<\/em> pour la location d\u2019\u00e9quipement;<\/li>\n<li><em>TaskRabit<\/em> pour les services professionnels aux particuliers et aux entreprises; et<\/li>\n<li><em>Feastly <\/em>pour cuisiner pour vos voisins.<\/li>\n<\/ol>\n<p style=\"text-align: justify;\"><a href=\"http:\/\/www.journaldemontreal.com\/2016\/02\/24\/leconomie-sur-demande-comme-source-de-revenus-dappoint\" target=\"_blank\" rel=\"noopener\">http:\/\/www.journaldemontreal.com\/2016\/02\/24\/leconomie-sur-demande-comme-source-de-revenus-dappoint<\/a><\/p>\n<hr \/>\n<h4 style=\"text-align: justify;\"><strong>Sondage<\/strong><\/h4>\n<p style=\"text-align: justify;\">Afin de conna\u00eetre votre opinion concernant certains services offerts reli\u00e9s \u00e0 l\u2019\u00e9conomie du partage, nous vous invitons \u00e0 r\u00e9pondre \u00e0 notre petit sondage.<\/p>\n<p style=\"text-align: justify;\">[poll id=\u00a0\u00bb56&Prime;]<\/p>\n<p style=\"text-align: justify;\">[poll id=\u00a0\u00bb46&Prime;]<\/p>\n<p style=\"text-align: justify;\">[poll id=\u00a0\u00bb55&Prime;]<\/p>\n<p style=\"text-align: justify;\">[poll id=\u00a0\u00bb47&Prime;]<\/p>\n<p style=\"text-align: justify;\">[poll id=\u00a0\u00bb54&Prime;]<\/p>\n<p style=\"text-align: justify;\">[poll id=\u00a0\u00bb48&Prime;]<\/p>\n<p style=\"text-align: justify;\">[poll id=\u00a0\u00bb53&Prime;]<\/p>\n<p style=\"text-align: justify;\">[poll id=\u00a0\u00bb49&Prime;]<\/p>\n<p style=\"text-align: justify;\">[poll id=\u00a0\u00bb52&Prime;]<\/p>\n<p style=\"text-align: justify;\">[poll id=\u00a0\u00bb50&Prime;]<\/p>\n<p style=\"text-align: justify;\">[poll id=\u00a0\u00bb51&Prime;]<\/p>\n<p style=\"text-align: justify;\">Merci \u00e0 l\u2019avance de partager avec le Club votre t\u00e9moignage.<\/p>\n<p style=\"text-align: justify;\">C\u00e9line Dion<\/p>\n","protected":false},"excerpt":{"rendered":"<p>\u00a0Sondage sur l\u2019\u00e9conomie de partage On entend de plus en plus parler d\u2019\u00e9conomie de partage et d\u2019\u00e9conomie sur demande. Quand est-il de tout cela au juste?<\/p>\n","protected":false},"author":43,"featured_media":0,"comment_status":"open","ping_status":"closed","sticky":false,"template":"","format":"standard","meta":{"footnotes":""},"categories":[1],"tags":[100,209],"class_list":["post-14540","post","type-post","status-publish","format-standard","hentry","category-sans-categories","tag-partage","tag-sondage"],"_links":{"self":[{"href":"https:\/\/cimbcc.org\/test2\/wp-json\/wp\/v2\/posts\/14540","targetHints":{"allow":["GET"]}}],"collection":[{"href":"https:\/\/cimbcc.org\/test2\/wp-json\/wp\/v2\/posts"}],"about":[{"href":"https:\/\/cimbcc.org\/test2\/wp-json\/wp\/v2\/types\/post"}],"author":[{"embeddable":true,"href":"https:\/\/cimbcc.org\/test2\/wp-json\/wp\/v2\/users\/43"}],"replies":[{"embeddable":true,"href":"https:\/\/cimbcc.org\/test2\/wp-json\/wp\/v2\/comments?post=14540"}],"version-history":[{"count":14,"href":"https:\/\/cimbcc.org\/test2\/wp-json\/wp\/v2\/posts\/14540\/revisions"}],"predecessor-version":[{"id":25236,"href":"https:\/\/cimbcc.org\/test2\/wp-json\/wp\/v2\/posts\/14540\/revisions\/25236"}],"wp:attachment":[{"href":"https:\/\/cimbcc.org\/test2\/wp-json\/wp\/v2\/media?parent=14540"}],"wp:term":[{"taxonomy":"category","embeddable":true,"href":"https:\/\/cimbcc.org\/test2\/wp-json\/wp\/v2\/categories?post=14540"},{"taxonomy":"post_tag","embeddable":true,"href":"https:\/\/cimbcc.org\/test2\/wp-json\/wp\/v2\/tags?post=14540"}],"curies":[{"name":"wp","href":"https:\/\/api.w.org\/{rel}","templated":true}]}}