{"id":14759,"date":"2016-05-25T06:00:37","date_gmt":"2016-05-25T10:00:37","guid":{"rendered":"https:\/\/cimbcc.org\/test2\/?p=14759"},"modified":"2023-10-16T22:15:49","modified_gmt":"2023-10-17T02:15:49","slug":"orchestre-symphonique-de-longueuil","status":"publish","type":"post","link":"https:\/\/cimbcc.org\/test2\/orchestre-symphonique-de-longueuil\/","title":{"rendered":"Orchestre symphonique de Longueuil"},"content":{"rendered":"<figure id=\"attachment_25016\" aria-describedby=\"caption-attachment-25016\" style=\"width: 125px\" class=\"wp-caption aligncenter\"><img loading=\"lazy\" decoding=\"async\" class=\"size-full wp-image-25016\" src=\"https:\/\/cimbcc.org\/test2\/wp-content\/uploads\/photo_renaud_genevieve.jpg\" alt=\"\" width=\"125\" height=\"125\" \/><figcaption id=\"caption-attachment-25016\" class=\"wp-caption-text\"><span style=\"color: #ffffff;\">mn<\/span>Genevi\u00e8ve Renaud<\/figcaption><\/figure>\n<p>J&rsquo;aime la musique classique.<\/p>\n<p style=\"text-align: justify;\">Eh non!\u00a0 Je ne suis pas musicienne; mon sentiment est tout simplement \u00e9motif.<\/p>\n<p style=\"text-align: justify;\">Je suis aussi curieuse de conna\u00eetre les compositeurs et un peu de leur vie.<\/p>\n<p style=\"text-align: justify;\">J&rsquo;ai la chance de travailler b\u00e9n\u00e9volement \u00e0 l&rsquo;Orchestre symphonique de Longueuil, o\u00f9 je me rends utile en accomplissant des t\u00e2ches de bureau \u00e0 l&rsquo;ordinateur, depuis presque vingt ans, de septembre \u00e0 mai. (Mon autre passion est le golf.)<\/p>\n<p>Voici une description de ce qu&rsquo;est l&rsquo;Orchestre:<\/p>\n<p><!--more--><\/p>\n<p style=\"text-align: justify;\">\u00ab\u00a0Depuis 30 ans, l\u2019Orchestre symphonique de Longueuil permet chaque ann\u00e9e \u00e0 plus que 40 000 spectateurs en Mont\u00e9r\u00e9gie d\u2019assister \u00e0 des <strong>\u00e9v\u00e9nements musicaux innovateurs<\/strong>, qui d\u00e9mocratisent l\u2019acc\u00e8s \u00e0 la musique symphonique <strong>partout en Mont\u00e9r\u00e9gie<\/strong>. S\u2019adressant autant aux familles, aux jeunes, \u00e0 leurs grands-parents, aux professionnels, qu\u2019aux gens actifs, l\u2019OSDL est la <strong>propri\u00e9t\u00e9 culturelle la plus importante de la Mont\u00e9r\u00e9gie<\/strong>. Elle contribue activement \u00e0 son apport culturel, \u00e9conomique et social. Offrant une place de choix \u00e0 la rel\u00e8ve, l\u2019OSDL <strong>se d\u00e9marque par sa proximit\u00e9 et son \u00e9coute de sa population et de son public<\/strong>.<\/p>\n<p style=\"text-align: justify;\">La Fondation OSDL r\u00e9alise des <strong>activit\u00e9s de financement performantes et innovatrices<\/strong>, et fait une <strong>gestion saine des fonds recueillis<\/strong> pour <strong>soutenir le fonctionnement et assurer la p\u00e9rennit\u00e9 <\/strong>de l\u2019Orchestre symphonique de Longueuil. Regroupant plusieurs m\u00e9lomanes, gens d\u2019affaires et petits et grands entrepreneurs de la Mont\u00e9r\u00e9gie, la Fondation OSDL est un <strong>r\u00e9seau de gens dynamiques et impliqu\u00e9s<\/strong> dans leur milieu.\u00a0\u00bb<\/p>\n<p>Voici le lien vers son site:<\/p>\n<p><a href=\"http:\/\/www.osdl.ca\" target=\"_blank\" rel=\"noopener\"><u>www.osdl.ca<\/u><\/a><\/p>\n<p><em>Genevi\u00e8ve Renaud<\/em><\/p>\n","protected":false},"excerpt":{"rendered":"<p>J&rsquo;aime la musique classique. Eh non!\u00a0 Je ne suis pas musicienne; mon sentiment est tout simplement \u00e9motif. Je suis aussi curieuse de conna\u00eetre les compositeurs et un peu de leur vie. J&rsquo;ai la chance de travailler b\u00e9n\u00e9volement \u00e0 l&rsquo;Orchestre symphonique de Longueuil, o\u00f9 je me rends utile en accomplissant des t\u00e2ches de bureau \u00e0 l&rsquo;ordinateur, &hellip; <a href=\"https:\/\/cimbcc.org\/test2\/orchestre-symphonique-de-longueuil\/\" class=\"more-link\">Continuer la lecture de <span class=\"screen-reader-text\">Orchestre symphonique de Longueuil<\/span>  <span class=\"meta-nav\">&rarr;<\/span><\/a><\/p>\n","protected":false},"author":43,"featured_media":0,"comment_status":"open","ping_status":"closed","sticky":false,"template":"","format":"standard","meta":{"footnotes":""},"categories":[12],"tags":[73,486],"class_list":["post-14759","post","type-post","status-publish","format-standard","hentry","category-sites-coup-de-coeur","tag-musique","tag-orchestre-symphonique-de-longueuil"],"_links":{"self":[{"href":"https:\/\/cimbcc.org\/test2\/wp-json\/wp\/v2\/posts\/14759","targetHints":{"allow":["GET"]}}],"collection":[{"href":"https:\/\/cimbcc.org\/test2\/wp-json\/wp\/v2\/posts"}],"about":[{"href":"https:\/\/cimbcc.org\/test2\/wp-json\/wp\/v2\/types\/post"}],"author":[{"embeddable":true,"href":"https:\/\/cimbcc.org\/test2\/wp-json\/wp\/v2\/users\/43"}],"replies":[{"embeddable":true,"href":"https:\/\/cimbcc.org\/test2\/wp-json\/wp\/v2\/comments?post=14759"}],"version-history":[{"count":10,"href":"https:\/\/cimbcc.org\/test2\/wp-json\/wp\/v2\/posts\/14759\/revisions"}],"predecessor-version":[{"id":25225,"href":"https:\/\/cimbcc.org\/test2\/wp-json\/wp\/v2\/posts\/14759\/revisions\/25225"}],"wp:attachment":[{"href":"https:\/\/cimbcc.org\/test2\/wp-json\/wp\/v2\/media?parent=14759"}],"wp:term":[{"taxonomy":"category","embeddable":true,"href":"https:\/\/cimbcc.org\/test2\/wp-json\/wp\/v2\/categories?post=14759"},{"taxonomy":"post_tag","embeddable":true,"href":"https:\/\/cimbcc.org\/test2\/wp-json\/wp\/v2\/tags?post=14759"}],"curies":[{"name":"wp","href":"https:\/\/api.w.org\/{rel}","templated":true}]}}