{"id":14901,"date":"2016-05-18T06:00:02","date_gmt":"2016-05-18T10:00:02","guid":{"rendered":"https:\/\/cimbcc.org\/test2\/?p=14901"},"modified":"2023-10-16T22:15:49","modified_gmt":"2023-10-17T02:15:49","slug":"presentations-du-mercredi-et-vendredi-bilan-de-la-saison-2015-2016","status":"publish","type":"post","link":"https:\/\/cimbcc.org\/test2\/presentations-du-mercredi-et-vendredi-bilan-de-la-saison-2015-2016\/","title":{"rendered":"Pr\u00e9sentations du mercredi et vendredi &#8211; Bilan de la saison 2015-2016"},"content":{"rendered":"<figure id=\"attachment_24078\" aria-describedby=\"caption-attachment-24078\" style=\"width: 125px\" class=\"wp-caption aligncenter\"><img loading=\"lazy\" decoding=\"async\" class=\"size-full wp-image-24078\" src=\"https:\/\/cimbcc.org\/test2\/wp-content\/uploads\/photo_belanger_guy.jpg\" alt=\"\" width=\"125\" height=\"125\" \/><figcaption id=\"caption-attachment-24078\" class=\"wp-caption-text\"><span style=\"color: #ffffff;\">mmm<\/span>Guy B\u00e9langer<\/figcaption><\/figure>\n<p style=\"text-align: justify;\">Le vendredi 29 avril a marqu\u00e9 la fin de la saison des pr\u00e9sentations du mercredi et du vendredi du CIMBCC. Il est maintenant possible d&rsquo;en \u00e9tablir le bilan.<\/p>\n<p style=\"text-align: justify;\"><!--more--><\/p>\n<p style=\"text-align: justify;\">Nous avons offert aux membres 52 s\u00e9ances incluant une soir\u00e9e d\u00e9di\u00e9e \u00e0 l\u2019assembl\u00e9e annuelle du CIMBCC. Une s\u00e9ance a \u00e9t\u00e9 annul\u00e9e pour cause de mauvais temps en f\u00e9vrier 2016. En tout, 3907 personnes ont assist\u00e9 aux pr\u00e9sentations. Le graphique suivant illustre la moyenne mensuelle des pr\u00e9sences au cours des saisons depuis 2010.<\/p>\n<p style=\"text-align: justify;\"><img loading=\"lazy\" decoding=\"async\" class=\"aligncenter size-full wp-image-14903\" src=\"https:\/\/cimbcc.org\/test2\/wp-content\/uploads\/CHIP_201605_Pr\u00e9sentations.jpg\" alt=\"CHIP_201605_Pr\u00e9sentations\" width=\"662\" height=\"415\" srcset=\"https:\/\/cimbcc.org\/test2\/wp-content\/uploads\/CHIP_201605_Pr\u00e9sentations.jpg 662w, https:\/\/cimbcc.org\/test2\/wp-content\/uploads\/CHIP_201605_Pr\u00e9sentations-300x188.jpg 300w\" sizes=\"auto, (max-width: 662px) 100vw, 662px\" \/><\/p>\n<p style=\"text-align: justify;\">On notera que, lors de cette saison-ci, la moyenne d\u2019assistance a \u00e9t\u00e9 exceptionnelle et a d\u00e9pass\u00e9 les moyennes historiques pour quatre\u00a0mois sur sept.<\/p>\n<p style=\"text-align: justify;\">Cette ann\u00e9e encore, les pr\u00e9sentations \u00e9taient divis\u00e9es en deux s\u00e9ries.<\/p>\n<p style=\"text-align: justify;\">La premi\u00e8re regroupe des pr\u00e9sentations identifi\u00e9es niveau <em>Facile<\/em> qui sont ax\u00e9es sur des sujets de base pour une utilisation optimale de votre ordinateur et dont la plupart sont des reprises de la saison 2014-2015\u00a0:<\/p>\n<ul>\n<li style=\"text-align: justify;\">la navigation sur Internet avec Internet Explorer,<\/li>\n<li style=\"text-align: justify;\">la s\u00e9curit\u00e9 des transactions \u00e9lectroniques,<\/li>\n<li style=\"text-align: justify;\">la gestion de base de la musique avec iTunes,<\/li>\n<li style=\"text-align: justify;\">la gestion des photos,<\/li>\n<li style=\"text-align: justify;\">l\u2019initiation \u00e0 Facebook,<\/li>\n<li style=\"text-align: justify;\">l\u2019antivirus Avast,<\/li>\n<li style=\"text-align: justify;\">la gestion des fichiers et dossiers,<\/li>\n<li style=\"text-align: justify;\">la revue des activit\u00e9s et services du club,<\/li>\n<li style=\"text-align: justify;\">la gestion des courriels avec Outlook et Windows Live Mail,<\/li>\n<li style=\"text-align: justify;\">les outils de Google.<\/li>\n<\/ul>\n<p style=\"text-align: justify;\">Avec la s\u00e9rie <em>D\u00e9couverte<\/em> le Club a mis l\u2019accent sur les nouvelles technologies tant du c\u00f4t\u00e9 du syst\u00e8me d\u2019exploitation (Windows 10) que des \u00e9quipements (tablettes iPad et Android\u00a0de Samsung). Des pr\u00e9sentations sp\u00e9cifiques tant \u00e0 l\u2019automne qu\u2019\u00e0 l\u2019hiver ont servi de pr\u00e9paration pour les ateliers qui ont \u00e9t\u00e9 offerts sur ces sujets. Les pr\u00e9sentations sur Windows 10 ont \u00e9tabli des records historiques de pr\u00e9sences pour les s\u00e9ances du mercredi et du vendredi en octobre 2015.<\/p>\n<p style=\"text-align: justify;\">Au chapitre des nouveaut\u00e9s, nous pouvons mentionner l\u2019initiation au nouveau navigateur Edge de Microsoft qui est int\u00e9gr\u00e9 au syst\u00e8me d\u2019exploitation Windows 10. Des pr\u00e9sentations plus sp\u00e9cialis\u00e9es ont compl\u00e9t\u00e9 des introductions au navigateur Internet Explorer de Microsoft et au logiciel de courriel Outlook et celui de Google (navigateur Chrome).<\/p>\n<p style=\"text-align: justify;\">Encore cette ann\u00e9e le club a maintenu sa politique de sensibilisation des membres aux enjeux de s\u00e9curit\u00e9. En compl\u00e9ment aux s\u00e9ances de la s\u00e9rie <em>Facile<\/em> mentionn\u00e9es plus haut, diverses pr\u00e9sentations ont port\u00e9 sur ce th\u00e8me\u00a0: la fraude, Internet et les fonctions de s\u00e9curit\u00e9 d\u2019Outlook.<\/p>\n<p style=\"text-align: justify;\">Les autres sujets trait\u00e9s ont \u00e9t\u00e9 des plus vari\u00e9s\u00a0:<\/p>\n<ul>\n<li style=\"text-align: justify;\">l\u2019exploration d\u2019Internet pour r\u00e9pondre \u00e0 des pr\u00e9occupations touchant la sant\u00e9,<\/li>\n<li style=\"text-align: justify;\">le site Youtube pour visionner une multitude de vid\u00e9os,<\/li>\n<li style=\"text-align: justify;\">l\u2019utilisation de divers outils pour r\u00e9aliser des diaporamas (PowerPoint de Microsoft), des vid\u00e9os (Avid Studio et Windows Movie Maker),<\/li>\n<li style=\"text-align: justify;\">la gestion avanc\u00e9e de la musique avec iTunes,<\/li>\n<li style=\"text-align: justify;\">les liseuses et le t\u00e9l\u00e9chargement de livres \u00e0 partir de diff\u00e9rentes biblioth\u00e8ques (Biblioth\u00e8que et Archives Nationales du Qu\u00e9bec et biblioth\u00e8que de Saint-Bruno),<\/li>\n<li style=\"text-align: justify;\">le site encyclop\u00e9dique Wikip\u00e9dia et celui de ventes et d\u2019\u00e9changes Kijiji,<\/li>\n<li style=\"text-align: justify;\">l\u2019introduction \u00e0 l\u2019informatique nuagique avec Dropbox et OneDrive.<\/li>\n<\/ul>\n<p>Des s\u00e9ances touchant le fonctionnement des ordinateurs ont aussi \u00e9t\u00e9 offertes\u00a0: le guide pour l\u2019achat d\u2019un ordinateur, le visionnement des diff\u00e9rentes composantes des ordinateurs et le fonctionnement du WiFi et des routeurs.<\/p>\n<p style=\"text-align: justify;\">Nous d\u00e9sirons souligner que les pr\u00e9sentatrices et les pr\u00e9sentateurs ont produit des notes et des exercices qui se retrouvent \u00e0 partir de la <a href=\"http:\/\/www.CIMBCC.org\" target=\"_blank\" rel=\"noopener\">page d&rsquo;accueil du site du CIMBCC<\/a>. Pour acc\u00e9der directement \u00e0 ces notes , <a href=\"https:\/\/cimbcc.org\/test2\/wp-content\/uploads\/Calendriers-et-notes-de-pr%C3%A9sentations.pdf\" target=\"_blank\" rel=\"noopener\">cliquez ici<\/a>.<\/p>\n<p style=\"text-align: justify;\">Les \u00e9quipes de pr\u00e9sentateurs et de pr\u00e9sentatrices des s\u00e9ries <em>Facile<\/em> et <em>D\u00e9couverte<\/em> ont d\u00e9j\u00e0 commenc\u00e9 ce mois-ci \u00e0 s\u2019activer afin de pr\u00e9parer la prochaine saison 2016-2017 qui d\u00e9butera\u00a0mercredi 14\u00a0septembre 2016.<\/p>\n<p style=\"text-align: justify;\">Toutes ces rencontres mobilisent diff\u00e9rentes \u00e9quipes de b\u00e9n\u00e9voles pour les rendre agr\u00e9ables, instructives et pertinentes. J\u2019aimerais donc souligner et remercier le travail de ces \u00e9quipes ainsi que des personnes responsables\u00a0:<\/p>\n<ul>\n<li style=\"text-align: justify;\">les diff\u00e9rentes personnes qui nous accueillent avec bonne humeur et qui r\u00e9pondent aux diverses questions sur les activit\u00e9s du club sous la direction de madame Danielle Charest Bourque;<\/li>\n<li style=\"text-align: justify;\">l\u2019\u00e9quipe technique sous la supervision d\u2019Yvon Gaudreau qui pr\u00e9pare la salle et la remet en \u00e9tat; ce groupe fournit aussi l\u2019assistance technique pour bonne marche des \u00e9quipements audio et\u00a0vid\u00e9o;<\/li>\n<li style=\"text-align: justify;\">l&rsquo;\u00e9quipe qui pr\u00e9pare la pause sant\u00e9 lors de nos s\u00e9ances;<\/li>\n<li style=\"text-align: justify;\">madame Huguette Leblanc qui assure la mise en page sur le site du Club des d\u00e9tails des pr\u00e9sentations;<\/li>\n<li style=\"text-align: justify;\">la photocopie des exercices de la s\u00e9rie <em>Facile<\/em> assur\u00e9e par l\u2019\u00e9quipe d\u2019Andr\u00e9 Lacroix;<\/li>\n<li style=\"text-align: justify;\">l\u2019expertise et la disponibilit\u00e9 des b\u00e9n\u00e9voles qui assurent, sous la direction de Pierre Poisson, l&rsquo;assistance technique et qui r\u00e9pondent aux questions des personnes qui fr\u00e9quentent les r\u00e9unions du mercredi et du vendredi.<\/li>\n<\/ul>\n<p style=\"text-align: justify;\">Enfin, tous les sujets\u00a0pr\u00e9sent\u00e9s aux membres sont le r\u00e9sultat de plusieurs heures de recherche et de pr\u00e9paration de la part des pr\u00e9sentatrices (Francine Couture, Mireille de Garie, C\u00e9line Dufresne et Rita Olsthoorn) et des pr\u00e9sentateurs (Robert Bujold, Denis Charron, Jean-Victor C\u00f4t\u00e9, R\u00e9jean C\u00f4t\u00e9, R\u00e9jean Daigle, Bruno Fournier, Michel Gagn\u00e9, Sylvain Garneau, Richard Gervais, Jacques Lalibert\u00e9, Jean Presne, Jonathan Rousseau, Pierre Sant-Aubin et Youssef Tijani). Nous d\u00e9sirons au nom des membres les remercier sinc\u00e8rement.<\/p>\n<p style=\"text-align: justify;\">Finalement, toutes ces activit\u00e9s vous sont offertes \u00e0 vous les membres du CIMBCC. Nous\u00a0sommes contents que vous choisissiez \u00a0d&rsquo;assister r\u00e9guli\u00e8rement (religieusement\u2026) \u00e0 nos rencontres. Nous vous remercions pour l\u2019int\u00e9r\u00eat que vous nous confirmez par vos questions lors des pr\u00e9sentations ainsi que par vos commentaires et suggestions.\u00a0Nous vous attendons donc \u00e0 nouveau en septembre prochain.<\/p>\n<p style=\"text-align: justify;\">En attendant, passez un bel \u00e9t\u00e9.<\/p>\n<p>Guy B\u00e9langer<br \/>\nResponsable des s\u00e9ances du mercredi et du vendredi du CIMBCC<\/p>\n","protected":false},"excerpt":{"rendered":"<p>Le vendredi 29 avril a marqu\u00e9 la fin de la saison des pr\u00e9sentations du mercredi et du vendredi du CIMBCC. Il est maintenant possible d&rsquo;en \u00e9tablir le bilan.<\/p>\n","protected":false},"author":43,"featured_media":0,"comment_status":"open","ping_status":"closed","sticky":false,"template":"","format":"standard","meta":{"footnotes":""},"categories":[402],"tags":[79,371,370,271],"class_list":["post-14901","post","type-post","status-publish","format-standard","hentry","category-activites-du-club","tag-bilan","tag-decouverte","tag-facile","tag-presentations"],"_links":{"self":[{"href":"https:\/\/cimbcc.org\/test2\/wp-json\/wp\/v2\/posts\/14901","targetHints":{"allow":["GET"]}}],"collection":[{"href":"https:\/\/cimbcc.org\/test2\/wp-json\/wp\/v2\/posts"}],"about":[{"href":"https:\/\/cimbcc.org\/test2\/wp-json\/wp\/v2\/types\/post"}],"author":[{"embeddable":true,"href":"https:\/\/cimbcc.org\/test2\/wp-json\/wp\/v2\/users\/43"}],"replies":[{"embeddable":true,"href":"https:\/\/cimbcc.org\/test2\/wp-json\/wp\/v2\/comments?post=14901"}],"version-history":[{"count":26,"href":"https:\/\/cimbcc.org\/test2\/wp-json\/wp\/v2\/posts\/14901\/revisions"}],"predecessor-version":[{"id":24871,"href":"https:\/\/cimbcc.org\/test2\/wp-json\/wp\/v2\/posts\/14901\/revisions\/24871"}],"wp:attachment":[{"href":"https:\/\/cimbcc.org\/test2\/wp-json\/wp\/v2\/media?parent=14901"}],"wp:term":[{"taxonomy":"category","embeddable":true,"href":"https:\/\/cimbcc.org\/test2\/wp-json\/wp\/v2\/categories?post=14901"},{"taxonomy":"post_tag","embeddable":true,"href":"https:\/\/cimbcc.org\/test2\/wp-json\/wp\/v2\/tags?post=14901"}],"curies":[{"name":"wp","href":"https:\/\/api.w.org\/{rel}","templated":true}]}}