{"id":15412,"date":"2016-08-14T06:00:40","date_gmt":"2016-08-14T10:00:40","guid":{"rendered":"https:\/\/cimbcc.org\/test2\/?p=15412"},"modified":"2023-10-16T22:15:30","modified_gmt":"2023-10-17T02:15:30","slug":"le-mot-du-president-aout-2016","status":"publish","type":"post","link":"https:\/\/cimbcc.org\/test2\/le-mot-du-president-aout-2016\/","title":{"rendered":"Le mot du pr\u00e9sident &#8211; ao\u00fbt 2016"},"content":{"rendered":"<figure id=\"attachment_23836\" aria-describedby=\"caption-attachment-23836\" style=\"width: 125px\" class=\"wp-caption aligncenter\"><img loading=\"lazy\" decoding=\"async\" class=\"size-full wp-image-23836\" src=\"https:\/\/cimbcc.org\/test2\/wp-content\/uploads\/photo_cote_rejean.jpg\" alt=\"\" width=\"125\" height=\"125\" \/><figcaption id=\"caption-attachment-23836\" class=\"wp-caption-text\"><span style=\"color: #ffffff;\">mmmm<\/span>R\u00e9jean C\u00f4t\u00e9<\/figcaption><\/figure>\n<p style=\"text-align: justify;\">Ce sera bient\u00f4t le d\u00e9but de la saison\u00a02016-2017 du Club informatique Mont-Bruno. Plusieurs b\u00e9n\u00e9voles travaillent d\u00e9j\u00e0 depuis le mois de mai pour mettre en place les activit\u00e9s pr\u00e9vues cette ann\u00e9e et le conseil d\u2019administration s\u2019est r\u00e9uni le 2\u00a0ao\u00fbt pour peaufiner le programme de cette nouvelle saison.<\/p>\n<p><!--more--><\/p>\n<p style=\"text-align: justify;\">La <em>Journ\u00e9e d\u2019information et d\u2019inscription<\/em> aura lieu cette ann\u00e9e le mercredi 7\u00a0septembre au Centre communautaire de Saint-Bruno. Plus de 20\u00a0b\u00e9n\u00e9voles du club informatique seront sur place pour accueillir ceux qui viendront renouveler leur adh\u00e9sion ou s\u2019inscrire comme nouveaux membres.<\/p>\n<p style=\"text-align: justify;\">En cette <em>Journ\u00e9e d\u2019information et d\u2019inscription<\/em>, nous vous pr\u00e9senterons, \u00e0 trois reprises au cours de la journ\u00e9e, le programme complet de la nouvelle saison. Encore cette ann\u00e9e, nous aurons quelques nouveaut\u00e9s \u00e0 vous offrir, nouveaut\u00e9s qui sauront s\u00fbrement vous plaire.<\/p>\n<p style=\"text-align: justify;\">Vous recevrez bient\u00f4t du club informatique un premier courriel de fin de semaine pour vous inviter \u00e0 renouveler votre adh\u00e9sion par la poste ou \u00e0 venir le faire en personne le mercredi 7\u00a0septembre. Profitez-en pour venir nous rencontrer, c\u2019est avec plaisir que nous vous accueillerons. Je vous encourage \u00e0 inviter des amis et amies \u00e0 vous accompagner afin qu\u2019ils puissent prendre connaissance des activit\u00e9s du Club informatique Mont-Bruno et devenir membres s\u2019ils le d\u00e9sirent.<\/p>\n<p style=\"text-align: justify;\">Enfin, l\u2019inscription aux ateliers se fera encore par courriel cette ann\u00e9e. Vous recevrez bient\u00f4t plus d\u2019informations par courriel sur la marche \u00e0 suivre pour vous inscrire aux ateliers de l\u2019automne\u00a02016.<\/p>\n<p style=\"text-align: justify;\">Au plaisir de vous revoir bient\u00f4t, votre pr\u00e9sident qui, encore une fois, a bien h\u00e2te \u00e0 la rentr\u00e9e et a h\u00e2te aussi de vous rencontrer de nouveau.<\/p>\n<p>R\u00e9jean\u00a0C\u00f4t\u00e9, pr\u00e9sident<\/p>\n","protected":false},"excerpt":{"rendered":"<p>Ce sera bient\u00f4t le d\u00e9but de la saison\u00a02016-2017 du Club informatique Mont-Bruno. Plusieurs b\u00e9n\u00e9voles travaillent d\u00e9j\u00e0 depuis le mois de mai pour mettre en place les activit\u00e9s pr\u00e9vues cette ann\u00e9e et le conseil d\u2019administration s\u2019est r\u00e9uni le 2\u00a0ao\u00fbt pour peaufiner le programme de cette nouvelle saison.<\/p>\n","protected":false},"author":43,"featured_media":0,"comment_status":"open","ping_status":"closed","sticky":false,"template":"","format":"standard","meta":{"footnotes":""},"categories":[11],"tags":[269,143],"class_list":["post-15412","post","type-post","status-publish","format-standard","hentry","category-mots-du-president","tag-ateliers","tag-journee-dinformation-et-dinscription"],"_links":{"self":[{"href":"https:\/\/cimbcc.org\/test2\/wp-json\/wp\/v2\/posts\/15412","targetHints":{"allow":["GET"]}}],"collection":[{"href":"https:\/\/cimbcc.org\/test2\/wp-json\/wp\/v2\/posts"}],"about":[{"href":"https:\/\/cimbcc.org\/test2\/wp-json\/wp\/v2\/types\/post"}],"author":[{"embeddable":true,"href":"https:\/\/cimbcc.org\/test2\/wp-json\/wp\/v2\/users\/43"}],"replies":[{"embeddable":true,"href":"https:\/\/cimbcc.org\/test2\/wp-json\/wp\/v2\/comments?post=15412"}],"version-history":[{"count":7,"href":"https:\/\/cimbcc.org\/test2\/wp-json\/wp\/v2\/posts\/15412\/revisions"}],"predecessor-version":[{"id":24857,"href":"https:\/\/cimbcc.org\/test2\/wp-json\/wp\/v2\/posts\/15412\/revisions\/24857"}],"wp:attachment":[{"href":"https:\/\/cimbcc.org\/test2\/wp-json\/wp\/v2\/media?parent=15412"}],"wp:term":[{"taxonomy":"category","embeddable":true,"href":"https:\/\/cimbcc.org\/test2\/wp-json\/wp\/v2\/categories?post=15412"},{"taxonomy":"post_tag","embeddable":true,"href":"https:\/\/cimbcc.org\/test2\/wp-json\/wp\/v2\/tags?post=15412"}],"curies":[{"name":"wp","href":"https:\/\/api.w.org\/{rel}","templated":true}]}}