{"id":15419,"date":"2016-08-27T06:00:39","date_gmt":"2016-08-27T10:00:39","guid":{"rendered":"https:\/\/cimbcc.org\/test2\/?p=15419"},"modified":"2023-10-16T22:15:30","modified_gmt":"2023-10-17T02:15:30","slug":"echos-du-conseil-dadministration-7-juin-et-2-aout-2016","status":"publish","type":"post","link":"https:\/\/cimbcc.org\/test2\/echos-du-conseil-dadministration-7-juin-et-2-aout-2016\/","title":{"rendered":"\u00c9chos du conseil d\u2019administration \u2013 7 juin et 2 ao\u00fbt 2016"},"content":{"rendered":"<figure id=\"attachment_14937\" aria-describedby=\"caption-attachment-14937\" style=\"width: 500px\" class=\"wp-caption aligncenter\"><img loading=\"lazy\" decoding=\"async\" class=\"size-full wp-image-14937\" src=\"https:\/\/cimbcc.org\/test2\/wp-content\/uploads\/CA_2016_2017v1.jpg\" alt=\"CA_2016_2017\" width=\"500\" height=\"314\" srcset=\"https:\/\/cimbcc.org\/test2\/wp-content\/uploads\/CA_2016_2017v1.jpg 500w, https:\/\/cimbcc.org\/test2\/wp-content\/uploads\/CA_2016_2017v1-300x188.jpg 300w\" sizes=\"auto, (max-width: 500px) 100vw, 500px\" \/><figcaption id=\"caption-attachment-14937\" class=\"wp-caption-text\">Premi\u00e8re rang\u00e9e : R\u00e9jean C\u00f4t\u00e9, Sylvie Mazur, Berthe Demers, Danielle Bourque, Huguette Turgeon, Yvon Gaudreau. Deuxi\u00e8me rang\u00e9e : Richard Gervais, Jacques Lalibert\u00e9, Denis Charron, Michel Gagn\u00e9, Walter Pearce, R\u00e9jean Daigle.<\/figcaption><\/figure>\n<p style=\"text-align: justify;\">Les r\u00e9unions du conseil d\u2019administration de juin et d\u2019ao\u00fbt ont principalement \u00e9t\u00e9 consacr\u00e9es \u00e0 la pr\u00e9paration de la rentr\u00e9e de septembre par la planification de la <em>Journ\u00e9e d\u2019information et d\u2019inscription<\/em> et par l\u2019acceptation des orientations retenues pour les ateliers de 2016-2017. Quelques sujets r\u00e9currents \u00e9taient \u00e9galement \u00e0 l\u2019ordre du jour.<\/p>\n<p style=\"text-align: justify;\"><!--more--><\/p>\n<hr \/>\n<h3>Membres et b\u00e9n\u00e9voles<\/h3>\n<p style=\"text-align: justify;\">En juillet, le club a atteint le chiffre magique de 800\u00a0membres. Les activit\u00e9s offertes aux membres du club sont possibles gr\u00e2ce \u00e0 la contribution de ses b\u00e9n\u00e9voles dont le nombre est d\u2019environ 79.<\/p>\n<p>Le conseil a soulign\u00e9 l\u2019arriv\u00e9e de trois nouvelles b\u00e9n\u00e9voles\u00a0:<\/p>\n<ul>\n<li>Th\u00e9r\u00e8se\u00a0Marion s\u2019est jointe \u00e0 l\u2019\u00e9quipe de l\u2019accueil\u00a0;<\/li>\n<li>\u00a0Francine\u00a0Cormier participera \u00e0 la logistique\u00a0;<\/li>\n<li>\u00a0Patricia\u00a0Gaulin agira comme assistante d\u2019un atelier.<\/li>\n<\/ul>\n<p style=\"text-align: justify;\">De nouveaux collaborateurs sont toujours les bienvenus, car les besoins sont grands. Entre autres, Huguette\u00a0Turgeon est \u00e0 la recherche d\u2019une personne qui pourra l\u2019assister dans l\u2019animation de l\u2019atelier sur Facebook.<\/p>\n<hr \/>\n<h3><em>Journ\u00e9e d\u2019information et d\u2019inscription<\/em>\u00a0: 7\u00a0septembre au Centre communautaire de Saint-Bruno<\/h3>\n<p style=\"text-align: justify;\">Danielle\u00a0Bourque a fait le point sur la planification de cette journ\u00e9e tr\u00e8s sp\u00e9ciale du club. C\u2019est avec satisfaction qu\u2019elle a re\u00e7u la confirmation de la r\u00e9servation des salles n\u00e9cessaires au Centre communautaire. Elle est aussi rassur\u00e9e par le fait qu\u2019aucun des b\u00e9n\u00e9voles qui s\u2019est engag\u00e9 \u00e0 y collaborer ne s\u2019est d\u00e9sist\u00e9. Des messages invitant les membres \u00e0 s\u2019y pr\u00e9senter seront lanc\u00e9s bient\u00f4t.<\/p>\n<p style=\"text-align: justify;\">Cette journ\u00e9e est un moment privil\u00e9gi\u00e9 pour s\u2019inscrire ou se r\u00e9inscrire au club et pour prendre connaissance des activit\u00e9s pr\u00e9vues au club en 2016-2017. La pr\u00e9sentation de ces activit\u00e9s sera r\u00e9p\u00e9t\u00e9e trois fois, mais il est fortement recommand\u00e9 d\u2019assister aux pr\u00e9sentations de 16\u00a0heures et de 19\u00a0h\u00a030 qui sont moins fr\u00e9quent\u00e9es que celle de 14\u00a0h\u00a030.<\/p>\n<hr \/>\n<h3>Les ateliers<\/h3>\n<p style=\"text-align: justify;\">Berthe\u00a0Demers s\u2019est appuy\u00e9e sur l\u2019exp\u00e9rience de l\u2019ann\u00e9e derni\u00e8re pour confirmer les orientations pr\u00e9vues pour les ateliers de 2016-2017\u00a0:<\/p>\n<ul>\n<li style=\"text-align: justify;\">chaque atelier est d\u00e9crit aussi pr\u00e9cis\u00e9ment que possible sur le site Internet du club (<a href=\"https:\/\/cimbcc.org\/test2\/activites\/les-ateliers\" target=\"_blank\" rel=\"noopener\">cliquez ici\u00a0pour voir<\/a>)\u00a0;<\/li>\n<li style=\"text-align: justify;\">avant de s\u2019inscrire, le membre sera fortement incit\u00e9 \u00e0 prendre connaissance de la description de l\u2019atelier qui l\u2019int\u00e9resse pour en v\u00e9rifier le contenu, pour s\u2019assurer d\u2019avoir les pr\u00e9requis et d\u2019\u00eatre disponible pour chacune des rencontres pr\u00e9vues\u00a0;<\/li>\n<li style=\"text-align: justify;\">l\u2019inscription aux 12\u00a0ateliers de l\u2019automne se fera en ligne du 8\u00a0septembre \u00e0 midi au 10\u00a0septembre \u00e0 minuit\u00a0;<\/li>\n<li style=\"text-align: justify;\">chaque membre pourra s\u2019inscrire \u00e0 un maximum de deux ateliers;<\/li>\n<li style=\"text-align: justify;\">l\u2019animateur maintiendra son atelier au niveau qu\u2019il aura annonc\u00e9 (d\u00e9butant ou interm\u00e9diaire)\u00a0;<\/li>\n<li style=\"text-align: justify;\">en autant que possible, un atelier sera pr\u00e9c\u00e9d\u00e9 d\u2019une pr\u00e9sentation dans le cadre d\u2019une s\u00e9ance du mercredi et du vendredi.<\/li>\n<\/ul>\n<p style=\"text-align: justify;\">Pour r\u00e9pondre aux besoins des personnes munies d\u2019une tablette, mais qui ont peu ou pas de connaissances en informatique, les animateurs des ateliers sur les tablettes proposeront un atelier pour d\u00e9butants sur chaque syst\u00e8me (iPad et Android). Ils animeront aussi un atelier de niveau interm\u00e9diaire pour les personnes plus \u00e0 l\u2019aise en informatique. Chaque atelier comptera trois rencontres.<\/p>\n<hr \/>\n<h3>R\u00e9vision des principes g\u00e9n\u00e9raux<\/h3>\n<p style=\"text-align: justify;\">Comme \u00e0 chaque r\u00e9union, le conseil d\u2019administration a soumis \u00e0 l\u2019examen certains documents de r\u00e9f\u00e9rence qui pr\u00e9sentent les principes g\u00e9n\u00e9raux et les r\u00e8gles qui r\u00e9gissent les actions des membres du club. Ainsi, le conseil a reconduit\u00a0les documents ci-dessous parce qu\u2019il a jug\u00e9 que le club se conforme aux principes et r\u00e8gles qu\u2019ils pr\u00e9sentent :<\/p>\n<ul>\n<li style=\"text-align: justify;\">la description de la mission et de la politique du club (<a href=\"https:\/\/cimbcc.org\/test2\/le-club-2\/la-mission-et-la-politique\" target=\"_blank\" rel=\"noopener\">cliquez ici pour voir<\/a>)\u00a0;<\/li>\n<li style=\"text-align: justify;\">l\u2019\u00e9nonc\u00e9 \u00e0 l\u2019\u00e9gard de la diffusion d\u2019une information de qualit\u00e9, vari\u00e9e, compl\u00e8te et aussi exacte que possible, qui promeut la s\u00e9curit\u00e9 informatique et le respect de la propri\u00e9t\u00e9 intellectuelle, ainsi que la neutralit\u00e9 commerciale, politique et religieuse\u00a0;<\/li>\n<li style=\"text-align: justify;\">les r\u00e8gles \u00e0 suivre par les administrateurs et les b\u00e9n\u00e9voles pour qu\u2019ils se conforment aux lois dans les domaines de la propri\u00e9t\u00e9 intellectuelle et de la protection des renseignements personnels.<\/li>\n<\/ul>\n<hr \/>\n<h3>Modifications apport\u00e9es au site Internet du club<\/h3>\n<p style=\"text-align: justify;\">Le site du club est soumis r\u00e9guli\u00e8rement \u00e0 des ajouts et des am\u00e9liorations. Michel\u00a0Gagn\u00e9 nous a fait une pr\u00e9sentation des derni\u00e8res modifications apport\u00e9es cet \u00e9t\u00e9. Cette pr\u00e9sentation sera reprise dans le cadre des <strong>s\u00e9ances du 14 et du 16\u00a0septembre<\/strong> au Chalet Marie-Victorin. Les nouveaux membres seront particuli\u00e8rement invit\u00e9s \u00e0 y assister.<\/p>\n<p>Sylvie\u00a0Mazur, secr\u00e9taire du CIMBCC<\/p>\n<p>&nbsp;<\/p>\n<p>&nbsp;<\/p>\n","protected":false},"excerpt":{"rendered":"<p>Les r\u00e9unions du conseil d\u2019administration de juin et d\u2019ao\u00fbt ont principalement \u00e9t\u00e9 consacr\u00e9es \u00e0 la pr\u00e9paration de la rentr\u00e9e de septembre par la planification de la Journ\u00e9e d\u2019information et d\u2019inscription et par l\u2019acceptation des orientations retenues pour les ateliers de 2016-2017. Quelques sujets r\u00e9currents \u00e9taient \u00e9galement \u00e0 l\u2019ordre du jour.<\/p>\n","protected":false},"author":43,"featured_media":0,"comment_status":"open","ping_status":"closed","sticky":false,"template":"","format":"standard","meta":{"footnotes":""},"categories":[386],"tags":[107,269,55,143,105],"class_list":["post-15419","post","type-post","status-publish","format-standard","hentry","category-echos-du-conseil-dadministration","tag-android","tag-ateliers","tag-ipad","tag-journee-dinformation-et-dinscription","tag-tablette"],"_links":{"self":[{"href":"https:\/\/cimbcc.org\/test2\/wp-json\/wp\/v2\/posts\/15419","targetHints":{"allow":["GET"]}}],"collection":[{"href":"https:\/\/cimbcc.org\/test2\/wp-json\/wp\/v2\/posts"}],"about":[{"href":"https:\/\/cimbcc.org\/test2\/wp-json\/wp\/v2\/types\/post"}],"author":[{"embeddable":true,"href":"https:\/\/cimbcc.org\/test2\/wp-json\/wp\/v2\/users\/43"}],"replies":[{"embeddable":true,"href":"https:\/\/cimbcc.org\/test2\/wp-json\/wp\/v2\/comments?post=15419"}],"version-history":[{"count":9,"href":"https:\/\/cimbcc.org\/test2\/wp-json\/wp\/v2\/posts\/15419\/revisions"}],"predecessor-version":[{"id":46775,"href":"https:\/\/cimbcc.org\/test2\/wp-json\/wp\/v2\/posts\/15419\/revisions\/46775"}],"wp:attachment":[{"href":"https:\/\/cimbcc.org\/test2\/wp-json\/wp\/v2\/media?parent=15419"}],"wp:term":[{"taxonomy":"category","embeddable":true,"href":"https:\/\/cimbcc.org\/test2\/wp-json\/wp\/v2\/categories?post=15419"},{"taxonomy":"post_tag","embeddable":true,"href":"https:\/\/cimbcc.org\/test2\/wp-json\/wp\/v2\/tags?post=15419"}],"curies":[{"name":"wp","href":"https:\/\/api.w.org\/{rel}","templated":true}]}}