{"id":15695,"date":"2016-09-09T06:00:03","date_gmt":"2016-09-09T10:00:03","guid":{"rendered":"https:\/\/cimbcc.org\/test2\/?p=15695"},"modified":"2023-10-16T22:15:30","modified_gmt":"2023-10-17T02:15:30","slug":"le-mot-du-president-septembre-2016","status":"publish","type":"post","link":"https:\/\/cimbcc.org\/test2\/le-mot-du-president-septembre-2016\/","title":{"rendered":"Le mot du pr\u00e9sident &#8211; septembre 2016"},"content":{"rendered":"<figure id=\"attachment_23836\" aria-describedby=\"caption-attachment-23836\" style=\"width: 125px\" class=\"wp-caption aligncenter\"><img loading=\"lazy\" decoding=\"async\" class=\"size-full wp-image-23836\" src=\"https:\/\/cimbcc.org\/test2\/wp-content\/uploads\/photo_cote_rejean.jpg\" alt=\"\" width=\"125\" height=\"125\" \/><figcaption id=\"caption-attachment-23836\" class=\"wp-caption-text\"><span style=\"color: #ffffff;\">mmmm<\/span>R\u00e9jean C\u00f4t\u00e9<\/figcaption><\/figure>\n<p style=\"text-align: justify;\">On a tous travers\u00e9 ce bel \u00e9t\u00e9 en faisant des activit\u00e9s diff\u00e9rentes et on a mis un peu de c\u00f4t\u00e9 l\u2019ordinateur mais, avec l\u2019automne qui arrive, on a le go\u00fbt de se mettre \u00e0 jour en informatique, car de ce c\u00f4t\u00e9 \u00e7a \u00e9volue toujours aussi rapidement.<\/p>\n<p style=\"text-align: justify;\"><!--more--><\/p>\n<p style=\"text-align: justify;\">J\u2019aimerais souhaiter la bienvenue aux nouveaux membres qui se sont inscrits derni\u00e8rement au club. J\u2019aimerais aussi remercier les membres qui nous font confiance pour une autre ann\u00e9e en renouvelant leur adh\u00e9sion. De vous savoir l\u00e0, nous motive toujours \u00e0 pers\u00e9v\u00e9rer dans l\u2019am\u00e9lioration des services qui vous sont offerts par le club.<\/p>\n<p style=\"text-align: justify;\">La <em>Journ\u00e9e d\u2019information et d\u2019inscription<\/em> du 7\u00a0septembre a \u00e9t\u00e9 tr\u00e8s appr\u00e9ci\u00e9e par les membres. Danielle\u00a0Bourque en \u00e9tait la responsable et vingt-huit b\u00e9n\u00e9voles ont accueilli les membres et les visiteurs au Centre communautaire. Au total, 218\u00a0personnes s\u2019y sont pr\u00e9sent\u00e9es pour s\u2019inscrire, pour renouveler leur adh\u00e9sion et pour s\u2019informer sur\u00a0les services offerts par le club. Sur 50 visiteurs, 46 sont devenus membres du club.<\/p>\n<hr \/>\n<p style=\"text-align: justify;\">Cette ann\u00e9e, le club pr\u00e9voit 54\u00a0s\u00e9ances de pr\u00e9sentations sous la coordination de Guy\u00a0B\u00e9langer. Comme par le pass\u00e9, il y aura des pr\u00e9sentations de la s\u00e9rie <em>Facile<\/em> et des pr\u00e9sentations de la s\u00e9rie <em>D\u00e9couverte<\/em>. Les pr\u00e9sentations populaires sur les tablettes \u00e9lectroniques <em>iPad<\/em> et <em>Android<\/em> seront de retour ainsi que celles sur <em>Windows\u00a010<\/em>, son navigateur <em>Edge<\/em> et sa messagerie <em>Courrier<\/em>. Il y aura\u00a0aussi quelques nouveaut\u00e9s comme <em>Skype<\/em>, <em>TeamViewer<\/em> et <em>Pinterest<\/em> et aussi quelques autres. Pour en savoir plus, je vous invite \u00e0 consulter le calendrier\u00a02016-2017\u00a0: <a href=\"https:\/\/cimbcc.org\/test2\/wp-content\/uploads\/Calendriers-et-notes-de-pr\u00e9sentations.pdf\" target=\"_blank\" rel=\"noopener noreferrer\">Calendrier et notes de pr\u00e9sentations<\/a>.<\/p>\n<p style=\"text-align: justify;\">Le syst\u00e8me d\u2019\u00e9coute personnalis\u00e9 <em>D\u00c9CADE<\/em> a \u00e9t\u00e9 install\u00e9 au chalet Marie-Victorin l\u2019an dernier. Bien que ce syst\u00e8me vise d\u2019abord \u00e0 faciliter l\u2019\u00e9coute pour les personnes malentendantes, il est accessible \u00e0 tous les participants des pr\u00e9sentations du mercredi et du vendredi. Pour en profiter, il vous suffit d\u2019apporter une petite radio FM munie d\u2019\u00e9couteurs, de syntoniser\u00a089,7 et d\u2019ajuster le volume \u00e0 votre besoin pour mieux entendre le pr\u00e9sentateur, sans \u00eatre d\u00e9rang\u00e9 par les bruits autour de vous.<\/p>\n<hr \/>\n<p style=\"text-align: justify;\">Les responsables des ateliers, Berthe\u00a0Demers et Genevi\u00e8ve\u00a0Renaud, ont annonc\u00e9 que 10\u00a0ateliers vous seront offerts cet automne, je vous invite \u00e0 consulter les ateliers disponibles de cette ann\u00e9e\u00a0: <a href=\"https:\/\/cimbcc.org\/test2\/activites\/les-ateliers\" target=\"_blank\" rel=\"noopener noreferrer\">Les ateliers\u00a02016\/2017<\/a>. L\u2019animation d\u2019un atelier est tr\u00e8s valorisante et c\u2019est aussi une belle fa\u00e7on d\u2019approfondir un sujet qui vous tient personnellement \u00e0 c\u0153ur. Alors, si vous avez envie d\u2019animer un atelier sur un sujet qui vous passionne, c\u2019est avec plaisir que nous vous apporterons toute l\u2019aide n\u00e9cessaire \u00e0 la r\u00e9ussite de votre projet.<\/p>\n<hr \/>\n<p style=\"text-align: justify;\">Des cours d\u2019initiation \u00e0 <em>Internet<\/em> seront encore donn\u00e9s dans les biblioth\u00e8ques de Saint-Bruno, Saint-Basile et Sainte-Julie. Michel\u00a0Gagn\u00e9 en est le responsable depuis maintenant onze\u00a0ans. Il y a trois\u00a0niveaux de cours d\u2019initiation\u00a0: un <em>cours pr\u00e9paratoire<\/em>, un cours de <em>niveau\u00a01<\/em> et un cours de <em>niveau\u00a02<\/em>. Si vous connaissez des membres de votre famille ou de votre entourage qui aimeraient profiter de ces cours d\u2019initiation \u00e0 <em>Internet<\/em>, dites-leur de communiquer avec nous. Ces cours d\u2019initiation \u00e0 l\u2019informatique sont gratuits et il n\u2019est pas n\u00e9cessaire d\u2019\u00eatre membre du club pour y assister.<\/p>\n<hr \/>\n<p style=\"text-align: justify;\">Le club compte actuellement 79\u00a0b\u00e9n\u00e9voles qui travaillent pour vous. Nous sommes toujours \u00e0 la recherche de nouveaux b\u00e9n\u00e9voles afin de continuer \u00e0 offrir \u00e0 nos membres tous nos services actuels. Des b\u00e9n\u00e9voles plus nombreux permettront aussi d\u2019all\u00e9ger la t\u00e2che de nos \u00ab\u00a0super b\u00e9n\u00e9voles\u00a0\u00bb qu\u2019il faut \u00e9viter d\u2019\u00e9puiser. Nous souhaitons la bienvenue \u00e0 ceux et celles qui veulent se joindre \u00e0 notre \u00e9quipe dynamique. Votre participation est pr\u00e9cieuse et, m\u00eame, n\u00e9cessaire au bon fonctionnement du club.<\/p>\n<p>R\u00e9jean\u00a0C\u00f4t\u00e9, pr\u00e9sident<\/p>\n","protected":false},"excerpt":{"rendered":"<p>On a tous travers\u00e9 ce bel \u00e9t\u00e9 en faisant des activit\u00e9s diff\u00e9rentes et on a mis un peu de c\u00f4t\u00e9 l\u2019ordinateur mais, avec l\u2019automne qui arrive, on a le go\u00fbt de se mettre \u00e0 jour en informatique, car de ce c\u00f4t\u00e9 \u00e7a \u00e9volue toujours aussi rapidement.<\/p>\n","protected":false},"author":43,"featured_media":0,"comment_status":"open","ping_status":"closed","sticky":false,"template":"","format":"standard","meta":{"footnotes":""},"categories":[11],"tags":[269,126,906,271],"class_list":["post-15695","post","type-post","status-publish","format-standard","hentry","category-mots-du-president","tag-ateliers","tag-benevoles","tag-cours-dans-les-bibliotheques","tag-presentations"],"_links":{"self":[{"href":"https:\/\/cimbcc.org\/test2\/wp-json\/wp\/v2\/posts\/15695","targetHints":{"allow":["GET"]}}],"collection":[{"href":"https:\/\/cimbcc.org\/test2\/wp-json\/wp\/v2\/posts"}],"about":[{"href":"https:\/\/cimbcc.org\/test2\/wp-json\/wp\/v2\/types\/post"}],"author":[{"embeddable":true,"href":"https:\/\/cimbcc.org\/test2\/wp-json\/wp\/v2\/users\/43"}],"replies":[{"embeddable":true,"href":"https:\/\/cimbcc.org\/test2\/wp-json\/wp\/v2\/comments?post=15695"}],"version-history":[{"count":6,"href":"https:\/\/cimbcc.org\/test2\/wp-json\/wp\/v2\/posts\/15695\/revisions"}],"predecessor-version":[{"id":27852,"href":"https:\/\/cimbcc.org\/test2\/wp-json\/wp\/v2\/posts\/15695\/revisions\/27852"}],"wp:attachment":[{"href":"https:\/\/cimbcc.org\/test2\/wp-json\/wp\/v2\/media?parent=15695"}],"wp:term":[{"taxonomy":"category","embeddable":true,"href":"https:\/\/cimbcc.org\/test2\/wp-json\/wp\/v2\/categories?post=15695"},{"taxonomy":"post_tag","embeddable":true,"href":"https:\/\/cimbcc.org\/test2\/wp-json\/wp\/v2\/tags?post=15695"}],"curies":[{"name":"wp","href":"https:\/\/api.w.org\/{rel}","templated":true}]}}