{"id":15811,"date":"2016-09-23T06:00:09","date_gmt":"2016-09-23T10:00:09","guid":{"rendered":"https:\/\/cimbcc.org\/test2\/?p=15811"},"modified":"2023-10-16T22:15:30","modified_gmt":"2023-10-17T02:15:30","slug":"echos-du-conseil-dadministration-6-septembre-2016","status":"publish","type":"post","link":"https:\/\/cimbcc.org\/test2\/echos-du-conseil-dadministration-6-septembre-2016\/","title":{"rendered":"\u00c9chos du conseil d\u2019administration \u2013 6 septembre 2016"},"content":{"rendered":"<figure id=\"attachment_14937\" aria-describedby=\"caption-attachment-14937\" style=\"width: 500px\" class=\"wp-caption aligncenter\"><img loading=\"lazy\" decoding=\"async\" class=\"size-full wp-image-14937\" src=\"https:\/\/cimbcc.org\/test2\/wp-content\/uploads\/CA_2016_2017v1.jpg\" alt=\"CA_2016_2017\" width=\"500\" height=\"314\" srcset=\"https:\/\/cimbcc.org\/test2\/wp-content\/uploads\/CA_2016_2017v1.jpg 500w, https:\/\/cimbcc.org\/test2\/wp-content\/uploads\/CA_2016_2017v1-300x188.jpg 300w\" sizes=\"auto, (max-width: 500px) 100vw, 500px\" \/><figcaption id=\"caption-attachment-14937\" class=\"wp-caption-text\">Premi\u00e8re rang\u00e9e : R\u00e9jean C\u00f4t\u00e9, Sylvie Mazur, Berthe Demers, Danielle Bourque, Huguette Turgeon, Yvon Gaudreau. Deuxi\u00e8me rang\u00e9e : Richard Gervais, Jacques Lalibert\u00e9, Denis Charron, Michel Gagn\u00e9, Walter Pearce, R\u00e9jean Daigle.<\/figcaption><\/figure>\n<p style=\"text-align: justify;\">Le conseil d\u2019administration du club s\u2019est r\u00e9uni le 6\u00a0septembre dernier. Les principaux sujets inscrits \u00e0 l\u2019ordre du jour \u00e9taient\u00a0: la rel\u00e8ve pour les fonctions vitales du club, les b\u00e9n\u00e9voles, les s\u00e9ances de pr\u00e9sentations, la gestion des ordinateurs et des autres appareils, et la logistique n\u00e9cessaire pour les activit\u00e9s du club.<\/p>\n<p style=\"text-align: justify;\"><!--more--><\/p>\n<p style=\"text-align: justify;\"><strong>\u00a0<\/strong><strong>Rel\u00e8ve pour les fonctions vitales du club \u2013 Appel \u00e0 tous<\/strong><\/p>\n<p style=\"text-align: justify;\">Le fonctionnement du club est assur\u00e9 par des b\u00e9n\u00e9voles. Certaines fonctions sont vitales pour la survie du club. Sans un b\u00e9n\u00e9vole pour assumer ces fonctions, le club serait en danger.<\/p>\n<p style=\"text-align: justify;\">Pour assurer la continuit\u00e9 des activit\u00e9s du club, malgr\u00e9 une incapacit\u00e9 temporaire d\u2019un responsable, le conseil d\u2019administration a entrepris l\u2019an dernier d\u2019identifier des personnes qui peuvent prendre la rel\u00e8ve des b\u00e9n\u00e9voles qui exercent les fonctions vitales du club. Parmi celles-ci, il en est une pour laquelle nous cherchons toujours une personne-ressource. Il s\u2019agit d\u2019une personne qui pourrait agir comme <strong>consultant sur le logiciel Access<\/strong>.<\/p>\n<p style=\"text-align: justify;\">Le logiciel Access est utilis\u00e9 pour g\u00e9rer le registre des membres. Cette base de donn\u00e9es existe gr\u00e2ce \u00e0 la contribution d\u2019Albert Richard \u00e0 qui nous sommes extr\u00eamement reconnaissants. Albert\u00a0Richard continue \u00e0 nous soutenir, mais d\u2019autres obligations pourraient l\u2019emp\u00eacher de poursuivre son implication comme il le d\u00e9sire.<\/p>\n<p style=\"text-align: justify;\">Le conseil d\u2019administration lance donc un appel \u00e0 tous dans le but de trouver une personne qui conna\u00eet la programmation informatique. Au besoin, elle pourrait r\u00e9gler les probl\u00e8mes courants et apporter les modifications n\u00e9cessaires \u00e0 la base de donn\u00e9es des membres afin d\u2019am\u00e9liorer ou d\u2019accroitre l\u2019acc\u00e8s aux donn\u00e9es qu\u2019elle contient. La personne recherch\u00e9e assurera un <strong>soutien ponctuel<\/strong> \u00e0 l\u2019\u00e9quipe responsable du registre des membres.<\/p>\n<p style=\"text-align: justify;\"><strong>Membres et b\u00e9n\u00e9voles<\/strong><\/p>\n<p style=\"text-align: justify;\">Au moment de la r\u00e9union, le club comptait 804\u00a0membres dont 333 \u00e9taient en r\u00e8gle pour l\u2019ann\u00e9e\u00a02016-2017. Apr\u00e8s la <em>Journ\u00e9e d\u2019information et d\u2019inscription<\/em> du 7\u00a0septembre, les membres de l\u2019an dernier ont jusqu\u2019\u00e0 la <strong>fin de septembre<\/strong> pour renouveler leur adh\u00e9sion. Les nouvelles inscriptions et les renouvellements pourront se faire dans la demi-heure qui pr\u00e9c\u00e8de le d\u00e9but des s\u00e9ances de pr\u00e9sentations.<\/p>\n<p style=\"text-align: justify;\">Par ailleurs, le club est toujours \u00e0 la <strong>recherche de b\u00e9n\u00e9voles<\/strong> qui peuvent se joindre \u00e0 son \u00e9quipe. La contribution d\u2019un b\u00e9n\u00e9vole est adapt\u00e9e \u00e0 ses comp\u00e9tences et \u00e0 sa disponibilit\u00e9. Plusieurs fonctions ne n\u00e9cessitent aucune comp\u00e9tence particuli\u00e8re en informatique, mais seulement de la bonne volont\u00e9 et un peu de temps libre. Un membre qui veut <strong>offrir ses services<\/strong> peut s\u2019adresser aux personnes qui assurent l\u2019accueil aux s\u00e9ances de pr\u00e9sentations du mercredi et du vendredi.<\/p>\n<p style=\"text-align: justify;\"><strong>Les s\u00e9ances de pr\u00e9sentations du mercredi et du vendredi<\/strong><\/p>\n<p style=\"text-align: justify;\">Gr\u00e2ce \u00e0 un rapport fourni par Guy\u00a0B\u00e9langer sur l\u2019ann\u00e9e\u00a02015-2016, le conseil d\u2019administration a pu constater que la moyenne des membres pr\u00e9sents aux s\u00e9ances est stable d\u2019une ann\u00e9e \u00e0 l\u2019autre, alors que le nombre des pr\u00e9sences a sensiblement augment\u00e9 pour atteindre 3?907 l\u2019an dernier.<\/p>\n<p style=\"text-align: justify;\">Comme par le pass\u00e9, les membres ont aussi \u00e9t\u00e9 plus nombreux \u00e0 fr\u00e9quenter les s\u00e9ances de l\u2019automne (22 s\u00e9ances, moyenne de 87\u00a0pr\u00e9sents) que celles de l\u2019hiver (30\u00a0s\u00e9ances, moyenne de 66\u00a0pr\u00e9sents).<\/p>\n<p style=\"text-align: justify;\">Dix pr\u00e9sentations ont attir\u00e9 plus de 100\u00a0membres. Les pr\u00e9sentations les plus populaires (iPad, Windows\u00a010, Edge Navigateur Windows\u00a010) ont quant \u00e0 elles attir\u00e9 plus de 110\u00a0membres.<\/p>\n<p style=\"text-align: justify;\">Pour avoir un aper\u00e7u de ce que les s\u00e9ances de pr\u00e9sentations nous r\u00e9servent cet automne, on peut relire l\u2019article que Guy\u00a0B\u00e9langer a publi\u00e9 dans le CHIP (<a href=\"https:\/\/cimbcc.org\/test2\/apercu-des-presentations-de-lautomne-2016\" target=\"_blank\" rel=\"noopener\">https:\/\/cimbcc.org\/test2\/apercu-des-presentations-de-lautomne-2016<\/a>). Certaines pr\u00e9sentations seront reprises autant dans la s\u00e9rie <em>Facile<\/em> que dans la s\u00e9rie <em>D\u00e9couverte<\/em> alors que dix nouvelles pr\u00e9sentations sont pr\u00e9vues en 2016-2017\u00a0:<\/p>\n<ul style=\"text-align: justify;\">\n<li>Exploration du site du club<\/li>\n<li>Notions de base de traitement de photos<\/li>\n<li>Excel.. ce n\u2019est pas seulement un chiffrier<\/li>\n<li>Outils de traitement de texte autres que Word<\/li>\n<li>Tablette iPad \u2014 fonctions avanc\u00e9es<\/li>\n<li>Tablette\u00a0Android \u2014 fonctions avanc\u00e9es<\/li>\n<li>Outils et techniques de sauvegarde<\/li>\n<li>Pinterest<\/li>\n<li>Edge apr\u00e8s la mise \u00e0 jour anniversaire de Windows\u00a010<\/li>\n<li>Reprise de TeamViewer apr\u00e8s deux ans<\/li>\n<\/ul>\n<p style=\"text-align: justify;\">Le conseil d\u2019administration a exprim\u00e9 sa reconnaissance \u00e0 Guy\u00a0B\u00e9langer pour son travail de coordination ainsi qu\u2019\u00e0 tous les pr\u00e9sentateurs et pr\u00e9sentatrices b\u00e9n\u00e9voles sans qui cette activit\u00e9 serait impossible.<\/p>\n<p style=\"text-align: justify;\"><strong>Gestion des ordinateurs et des \u00e9quipements<\/strong><\/p>\n<p style=\"text-align: justify;\">Le conseil d\u2019administration a pris connaissance de l\u2019inventaire de ses ordinateurs et de ses autres<\/p>\n<p style=\"text-align: justify;\">appareils. Il a approuv\u00e9 les consignes \u00e0 respecter pour en assurer une bonne gestion. Yvon\u00a0Gaudreau, responsable de ces appareils, rappellera ces consignes chaque ann\u00e9e aux b\u00e9n\u00e9voles \u00e0 qui un appareil est pr\u00eat\u00e9 pour leur permettre remplir leur fonction.<\/p>\n<p style=\"text-align: justify;\"><strong>Logistique<\/strong><\/p>\n<p style=\"text-align: justify;\">Le conseil d\u2019administration a aussi approuv\u00e9 les pratiques relatives \u00e0 la logistique des diff\u00e9rentes activit\u00e9s du club. Cette logistique continuera d\u2019\u00eatre assur\u00e9e par Yvon\u00a0Gaudreau et son \u00e9quipe de b\u00e9n\u00e9voles.<\/p>\n<p style=\"text-align: justify;\">Sylvie\u00a0Mazur, secr\u00e9taire du CIMBCC<\/p>\n<p>&nbsp;<\/p>\n","protected":false},"excerpt":{"rendered":"<p>Le conseil d\u2019administration du club s\u2019est r\u00e9uni le 6\u00a0septembre dernier. Les principaux sujets inscrits \u00e0 l\u2019ordre du jour \u00e9taient\u00a0: la rel\u00e8ve pour les fonctions vitales du club, les b\u00e9n\u00e9voles, les s\u00e9ances de pr\u00e9sentations, la gestion des ordinateurs et des autres appareils, et la logistique n\u00e9cessaire pour les activit\u00e9s du club.<\/p>\n","protected":false},"author":43,"featured_media":0,"comment_status":"open","ping_status":"closed","sticky":false,"template":"","format":"standard","meta":{"footnotes":""},"categories":[386],"tags":[126,271,510],"class_list":["post-15811","post","type-post","status-publish","format-standard","hentry","category-echos-du-conseil-dadministration","tag-benevoles","tag-presentations","tag-releve"],"_links":{"self":[{"href":"https:\/\/cimbcc.org\/test2\/wp-json\/wp\/v2\/posts\/15811","targetHints":{"allow":["GET"]}}],"collection":[{"href":"https:\/\/cimbcc.org\/test2\/wp-json\/wp\/v2\/posts"}],"about":[{"href":"https:\/\/cimbcc.org\/test2\/wp-json\/wp\/v2\/types\/post"}],"author":[{"embeddable":true,"href":"https:\/\/cimbcc.org\/test2\/wp-json\/wp\/v2\/users\/43"}],"replies":[{"embeddable":true,"href":"https:\/\/cimbcc.org\/test2\/wp-json\/wp\/v2\/comments?post=15811"}],"version-history":[{"count":7,"href":"https:\/\/cimbcc.org\/test2\/wp-json\/wp\/v2\/posts\/15811\/revisions"}],"predecessor-version":[{"id":46774,"href":"https:\/\/cimbcc.org\/test2\/wp-json\/wp\/v2\/posts\/15811\/revisions\/46774"}],"wp:attachment":[{"href":"https:\/\/cimbcc.org\/test2\/wp-json\/wp\/v2\/media?parent=15811"}],"wp:term":[{"taxonomy":"category","embeddable":true,"href":"https:\/\/cimbcc.org\/test2\/wp-json\/wp\/v2\/categories?post=15811"},{"taxonomy":"post_tag","embeddable":true,"href":"https:\/\/cimbcc.org\/test2\/wp-json\/wp\/v2\/tags?post=15811"}],"curies":[{"name":"wp","href":"https:\/\/api.w.org\/{rel}","templated":true}]}}