{"id":16343,"date":"2016-11-24T23:00:01","date_gmt":"2016-11-25T04:00:01","guid":{"rendered":"https:\/\/cimbcc.org\/test2\/?p=16343"},"modified":"2023-10-16T22:15:29","modified_gmt":"2023-10-17T02:15:29","slug":"echos-du-conseil-dadministration-1er-novembre-2016","status":"publish","type":"post","link":"https:\/\/cimbcc.org\/test2\/echos-du-conseil-dadministration-1er-novembre-2016\/","title":{"rendered":"\u00c9chos du conseil d&rsquo;administration &#8211; 1er novembre 2016"},"content":{"rendered":"<figure id=\"attachment_14937\" aria-describedby=\"caption-attachment-14937\" style=\"width: 500px\" class=\"wp-caption aligncenter\"><img loading=\"lazy\" decoding=\"async\" class=\"size-full wp-image-14937\" src=\"https:\/\/cimbcc.org\/test2\/wp-content\/uploads\/CA_2016_2017v1.jpg\" alt=\"CA_2016_2017\" width=\"500\" height=\"314\" srcset=\"https:\/\/cimbcc.org\/test2\/wp-content\/uploads\/CA_2016_2017v1.jpg 500w, https:\/\/cimbcc.org\/test2\/wp-content\/uploads\/CA_2016_2017v1-300x188.jpg 300w\" sizes=\"auto, (max-width: 500px) 100vw, 500px\" \/><figcaption id=\"caption-attachment-14937\" class=\"wp-caption-text\">Premi\u00e8re rang\u00e9e : R\u00e9jean C\u00f4t\u00e9, Sylvie Mazur, Berthe Demers, Danielle Bourque, Huguette Turgeon, Yvon Gaudreau. Deuxi\u00e8me rang\u00e9e : Richard Gervais, Jacques Lalibert\u00e9, Denis Charron, Michel Gagn\u00e9, Walter Pearce, R\u00e9jean Daigle.<\/figcaption><\/figure>\n<p style=\"text-align: justify;\">La derni\u00e8re r\u00e9union du conseil d\u2019administration a eu lieu le mardi 1<sup>er<\/sup>\u00a0novembre. Il y a \u00e9t\u00e9 question des membres et des b\u00e9n\u00e9voles, du registre des membres, du site Web, des ordinateurs Apple et du syst\u00e8me Linux, des demandes provenant d\u2019organismes sans but lucratif et de tr\u00e8s petites entreprises, et de nouveaux \u00e9quipements n\u00e9cessaires pour les activit\u00e9s du club.<\/p>\n<p><!--more--><\/p>\n<hr \/>\n<h3><strong>Membres et b\u00e9n\u00e9voles<\/strong><\/h3>\n<p style=\"text-align: justify;\">Chaque ann\u00e9e, un certain nombre de membres ne renouvellent pas leur adh\u00e9sion. Cette ann\u00e9e, ce fut le cas de 187\u00a0personnes. Malgr\u00e9 cela, le club comptait 711\u00a0membres au d\u00e9but de novembre.<\/p>\n<p style=\"text-align: justify;\">Le conseil d\u2019administration a not\u00e9 avec plaisir que les personnes suivantes ont accept\u00e9 de nouvelles responsabilit\u00e9s au club\u00a0:<\/p>\n<ul style=\"text-align: justify;\">\n<li>Nicole\u00a0Godin assistera la responsable du registre des membres;<\/li>\n<li>Marianne\u00a0Picard s\u2019est jointe \u00e0 l\u2019\u00e9quipe de l\u2019accueil des s\u00e9ances de pr\u00e9sentations;<\/li>\n<li>France Massicotte participera \u00e0 la pr\u00e9paration des activit\u00e9s sociales tout en continuant \u00e0 accueillir les membres lors des s\u00e9ances de pr\u00e9sentations.<\/li>\n<\/ul>\n<p style=\"text-align: justify;\">Nous sommes toujours \u00e0 la recherche d\u2019une personne qui peut agir comme consultant sur le logiciel ACCESS (pour d&rsquo;autres informations, <a href=\"https:\/\/cimbcc.org\/test2\/echos-du-conseil-dadministration-6-septembre-2016#more-15811\" target=\"_blank\" rel=\"noopener\">veuillez cliquer ici<\/a>). Si ce n\u2019est pas un membre du club, nous l\u2019accueillerons dans nos rangs avec reconnaissance.<\/p>\n<hr \/>\n<h3><strong>Le registre des membres<\/strong><\/h3>\n<p style=\"text-align: justify;\">Le registre des membres est plac\u00e9 sous la responsabilit\u00e9 de C\u00e9line\u00a0Dion \u00e0 qui Danielle\u00a0Bourque offre son soutien. Danielle\u00a0Bourque se chargera aussi de la formation de Nicole\u00a0Godin. Le conseil d\u2019administration approuve bien s\u00fbr le maintien du registre et il accepte la proposition de Danielle\u00a0Bourque d\u2019explorer la possibilit\u00e9 et, surtout, la faisabilit\u00e9 que les membres puissent s\u2019inscrire au club et payer leur cotisation par voie \u00e9lectronique. C\u2019est \u00e0 suivre.<\/p>\n<hr \/>\n<h3><strong>Le site Web<\/strong><\/h3>\n<p style=\"text-align: justify;\">De nombreuses nouveaut\u00e9s ont \u00e9t\u00e9 int\u00e9gr\u00e9es au site du club durant l\u2019ann\u00e9e derni\u00e8re. Plusieurs sont destin\u00e9es aux lecteurs\u00a0:<\/p>\n<ul>\n<li style=\"text-align: justify;\">un nuage d\u2019\u00e9tiquettes pour permettre l\u2019acc\u00e8s aux articles du CHIP par sujet;<\/li>\n<li style=\"text-align: justify;\">deux outils pour lire les commentaires plus facilement;<\/li>\n<li style=\"text-align: justify;\"><a href=\"https:\/\/cimbcc.org\/test2\/le-club-2\/nos-membres-honoraires\" target=\"_blank\" rel=\"noopener\">une section sur les membres honoraires<\/a>;<\/li>\n<li style=\"text-align: justify;\"><a href=\"https:\/\/cimbcc.org\/test2\/activites\/les-tutoriels\" target=\"_blank\" rel=\"noopener\">une section sur les tutoriels<\/a>;<\/li>\n<li style=\"text-align: justify;\">le regroupement de tous les outils associ\u00e9s au CHIP dans la colonne de gauche des pages du site;<\/li>\n<li style=\"text-align: justify;\">la mise en \u00e9vidence du lien vers le calendrier des s\u00e9ances.<\/li>\n<\/ul>\n<p style=\"text-align: justify;\">Le site a d\u2019ailleurs fait l\u2019objet de <a href=\"https:\/\/cimbcc.org\/test2\/wp-content\/uploads\/Notes-2016-09-14-Site-CIMBCC.pdf\" target=\"_blank\" rel=\"noopener\">deux pr\u00e9sentations en septembre<\/a>. Ces pr\u00e9sentations ont attir\u00e9 de nombreux membres.<\/p>\n<p style=\"text-align: justify;\">Le conseil d\u2019administration a approuv\u00e9 le maintien des objectifs de l\u2019an dernier\u00a0:<\/p>\n<ul style=\"text-align: justify;\">\n<li>faire conna\u00eetre les vid\u00e9os d\u00e9velopp\u00e9es par des membres du club;<\/li>\n<li>faire conna\u00eetre les tutoriels d\u00e9velopp\u00e9s par des membres du club ou disponibles sur Internet;<\/li>\n<li>faire conna\u00eetre les clubs informatiques du Qu\u00e9bec.<\/li>\n<\/ul>\n<p style=\"text-align: justify;\">\u00c0 ces objectifs, s\u2019ajoute entre autres la cr\u00e9ation d\u2019un lexique en informatique \u00e0 la condition de trouver un b\u00e9n\u00e9vole qui pourra s\u2019en charger.<\/p>\n<hr \/>\n<h3><strong>Ordinateurs Apple et syst\u00e8me Linux<\/strong><\/h3>\n<p style=\"text-align: justify;\">Le club re\u00e7oit \u00e0 l\u2019occasion des demandes pour des pr\u00e9sentations ou des ateliers sur les ordinateurs Apple et sur le syst\u00e8me d\u2019exploitation Linux alors que la tr\u00e8s grande majorit\u00e9 des membres utilisent un ordinateur dot\u00e9 d\u2019un syst\u00e8me d\u2019exploitation Windows.<\/p>\n<p style=\"text-align: justify;\">Le conseil d\u2019administration a d\u00e9cid\u00e9 de tenir des s\u00e9ances de pr\u00e9sentations et d\u2019offrir diff\u00e9rentes formes de soutien sur des sujets reli\u00e9s aux environnements qui pr\u00e9sentent de l\u2019int\u00e9r\u00eat pour le plus grand nombre de ses membres, soit les ordinateurs sous Windows, les tablettes \u00e9lectroniques sous iOS et sous Android. Le club n\u2019offrira pas de service ni de soutien sur les ordinateurs Apple et sur le syst\u00e8me d\u2019exploitation Linux.<\/p>\n<p style=\"text-align: justify;\">Si des membres souhaitent former un atelier sur le syst\u00e8me Apple ou sur Linux, ils seront invit\u00e9s \u00e0 se regrouper autour d\u2019un animateur qu\u2019ils auront identifi\u00e9. La contribution du club se limitera \u00e0 leur offrir le soutien logistique pour l\u2019inscription \u00e0 l\u2019atelier et pour la location d\u2019une salle.<\/p>\n<hr \/>\n<h3 style=\"text-align: justify;\"><strong>Demandes d\u2019organismes sans but lucratif et de tr\u00e8s petites entreprises<\/strong><\/h3>\n<p style=\"text-align: justify;\">Le conseil d\u2019administration a pris position face aux demandes de services de consultation que nous recevons \u00e0 l\u2019occasion de la part d\u2019organismes sans but lucratif et de tr\u00e8s petites entreprises.<\/p>\n<p style=\"text-align: justify;\">Le conseil a jug\u00e9 qu\u2019il n\u2019est pas dans la mission du club d\u2019offrir un service de consultation \u00e0 des organismes. Si le club re\u00e7oit une telle demande d\u2019aide de la part d\u2019un organisme, il ne tentera pas de trouver des membres ou des b\u00e9n\u00e9voles qui pourraient aider son personnel. Ce personnel sera plut\u00f4t invit\u00e9 \u00e0 fr\u00e9quenter le club pour d\u00e9velopper ses comp\u00e9tences en informatique.<\/p>\n<hr \/>\n<h3><strong>Achats<\/strong><\/h3>\n<p style=\"text-align: justify;\">Apr\u00e8s confirmation de la bonne sant\u00e9 financi\u00e8re du club par Walter\u00a0Pearce, tr\u00e9sorier du club, le conseil d\u2019administration a autoris\u00e9 l\u2019achat d\u2019un ordinateur portable et d\u2019un projecteur. L\u2019un et l\u2019autre sont destin\u00e9s \u00e0 l\u2019usage des b\u00e9n\u00e9voles dans le cadre des services et activit\u00e9s du club.<\/p>\n<p>Sylvie\u00a0Mazur, secr\u00e9taire du CIMBCC<\/p>\n","protected":false},"excerpt":{"rendered":"<p>La derni\u00e8re r\u00e9union du conseil d\u2019administration a eu lieu le mardi 1er\u00a0novembre. Il y a \u00e9t\u00e9 question des membres et des b\u00e9n\u00e9voles, du registre des membres, du site Web, des ordinateurs Apple et du syst\u00e8me Linux, des demandes provenant d\u2019organismes sans but lucratif et de tr\u00e8s petites entreprises, et de nouveaux \u00e9quipements n\u00e9cessaires pour les &hellip; <a href=\"https:\/\/cimbcc.org\/test2\/echos-du-conseil-dadministration-1er-novembre-2016\/\" class=\"more-link\">Continuer la lecture de <span class=\"screen-reader-text\">\u00c9chos du conseil d&rsquo;administration &#8211; 1er novembre 2016<\/span>  <span class=\"meta-nav\">&rarr;<\/span><\/a><\/p>\n","protected":false},"author":43,"featured_media":0,"comment_status":"open","ping_status":"closed","sticky":false,"template":"","format":"standard","meta":{"footnotes":""},"categories":[386],"tags":[513,427,126,151,526,125],"class_list":["post-16343","post","type-post","status-publish","format-standard","hentry","category-echos-du-conseil-dadministration","tag-access","tag-apple","tag-benevoles","tag-linux","tag-osbl","tag-site-web"],"_links":{"self":[{"href":"https:\/\/cimbcc.org\/test2\/wp-json\/wp\/v2\/posts\/16343","targetHints":{"allow":["GET"]}}],"collection":[{"href":"https:\/\/cimbcc.org\/test2\/wp-json\/wp\/v2\/posts"}],"about":[{"href":"https:\/\/cimbcc.org\/test2\/wp-json\/wp\/v2\/types\/post"}],"author":[{"embeddable":true,"href":"https:\/\/cimbcc.org\/test2\/wp-json\/wp\/v2\/users\/43"}],"replies":[{"embeddable":true,"href":"https:\/\/cimbcc.org\/test2\/wp-json\/wp\/v2\/comments?post=16343"}],"version-history":[{"count":7,"href":"https:\/\/cimbcc.org\/test2\/wp-json\/wp\/v2\/posts\/16343\/revisions"}],"predecessor-version":[{"id":46772,"href":"https:\/\/cimbcc.org\/test2\/wp-json\/wp\/v2\/posts\/16343\/revisions\/46772"}],"wp:attachment":[{"href":"https:\/\/cimbcc.org\/test2\/wp-json\/wp\/v2\/media?parent=16343"}],"wp:term":[{"taxonomy":"category","embeddable":true,"href":"https:\/\/cimbcc.org\/test2\/wp-json\/wp\/v2\/categories?post=16343"},{"taxonomy":"post_tag","embeddable":true,"href":"https:\/\/cimbcc.org\/test2\/wp-json\/wp\/v2\/tags?post=16343"}],"curies":[{"name":"wp","href":"https:\/\/api.w.org\/{rel}","templated":true}]}}