{"id":16439,"date":"2016-12-21T05:00:53","date_gmt":"2016-12-21T10:00:53","guid":{"rendered":"https:\/\/cimbcc.org\/test2\/?p=16439"},"modified":"2023-10-16T22:15:29","modified_gmt":"2023-10-17T02:15:29","slug":"echos-du-conseil-dadministration-6-decembre-2016","status":"publish","type":"post","link":"https:\/\/cimbcc.org\/test2\/echos-du-conseil-dadministration-6-decembre-2016\/","title":{"rendered":"\u00c9chos du conseil d&rsquo;administration &#8211; 6 d\u00e9cembre 2016"},"content":{"rendered":"<figure id=\"attachment_14937\" aria-describedby=\"caption-attachment-14937\" style=\"width: 500px\" class=\"wp-caption aligncenter\"><img loading=\"lazy\" decoding=\"async\" class=\"size-full wp-image-14937\" src=\"https:\/\/cimbcc.org\/test2\/wp-content\/uploads\/CA_2016_2017v1.jpg\" alt=\"CA_2016_2017\" width=\"500\" height=\"314\" srcset=\"https:\/\/cimbcc.org\/test2\/wp-content\/uploads\/CA_2016_2017v1.jpg 500w, https:\/\/cimbcc.org\/test2\/wp-content\/uploads\/CA_2016_2017v1-300x188.jpg 300w\" sizes=\"auto, (max-width: 500px) 100vw, 500px\" \/><figcaption id=\"caption-attachment-14937\" class=\"wp-caption-text\">Premi\u00e8re rang\u00e9e : R\u00e9jean C\u00f4t\u00e9, Sylvie Mazur, Berthe Demers, Danielle Bourque, Huguette Turgeon, Yvon Gaudreau. Deuxi\u00e8me rang\u00e9e : Richard Gervais, Jacques Lalibert\u00e9, Denis Charron, Michel Gagn\u00e9, Walter Pearce, R\u00e9jean Daigle.<\/figcaption><\/figure>\n<p style=\"text-align: justify;\">Le conseil d\u2019administration s\u2019est r\u00e9uni le mardi 6\u00a0d\u00e9cembre. Comme chaque mois, il a fait le point sur ses membres et ses b\u00e9n\u00e9voles. Il a aussi poursuivi le processus qui lui permettra d\u2019atteindre ses objectifs prioritaires et il a r\u00e9affirm\u00e9 la nature de sa client\u00e8le cible.<\/p>\n<p style=\"text-align: justify;\">Le conseil a approuv\u00e9 les orientations propos\u00e9es pour les cours d\u2019initiation donn\u00e9s dans les biblioth\u00e8ques et pris connaissance des ateliers pr\u00e9vus cet hiver. Enfin, il s\u2019est interrog\u00e9 sur l\u2019horaire des s\u00e9ances de pr\u00e9sentations du vendredi.<\/p>\n<p style=\"text-align: justify;\"><!--more--><\/p>\n<hr \/>\n<h4><strong>Les membres et les b\u00e9n\u00e9voles<\/strong><\/h4>\n<p style=\"text-align: justify;\">D\u00e9but d\u00e9cembre, le club comptait 726\u00a0membres, exactement autant qu\u2019\u00e0 pareille date l\u2019an dernier.<\/p>\n<p style=\"text-align: justify;\">Berthe\u00a0Demers nous a annonc\u00e9 qu\u2019un nouveau b\u00e9n\u00e9vole, Andr\u00e9\u00a0Comeau, avait accept\u00e9 d\u2019animer un atelier sur Facebook. Comme Andr\u00e9\u00a0Comeau n\u2019est pas membre du club, le conseil d\u2019administration a vot\u00e9 une r\u00e9solution pour lui accorder le statut de membre associ\u00e9.<\/p>\n<p style=\"text-align: justify;\">La gestion de l\u2019information sur les b\u00e9n\u00e9voles est r\u00e9alis\u00e9e par Yolande\u00a0Beaudry. Elle communique avec chaque nouveau b\u00e9n\u00e9vole et s\u2019assure d\u2019avoir ses coordonn\u00e9es et des informations exactes sur ses activit\u00e9s au club. C\u00e9line\u00a0Houle a accept\u00e9 r\u00e9cemment de lui servir de substitut.<\/p>\n<hr \/>\n<h4><strong>Les priorit\u00e9s\u00a02016-2017<\/strong><\/h4>\n<p style=\"text-align: justify;\">Le premier objectif du conseil d\u2019administration pour 2016-2017 est d\u2019all\u00e9ger la charge de travail des b\u00e9n\u00e9voles qui accomplissent un nombre important de t\u00e2ches dans le cadre de leurs responsabilit\u00e9s au club. Le processus d\u2019identification a d\u00e9but\u00e9 par l\u2019\u00e9num\u00e9ration des b\u00e9n\u00e9voles qui sont per\u00e7us par les membres du conseil comme peut-\u00eatre surcharg\u00e9s ou fatigu\u00e9s. D&rsquo;ici la r\u00e9union de janvier, ces b\u00e9n\u00e9voles seront invit\u00e9s \u00e0 confirmer ou infirmer cette perception. Le conseil pourra ensuite d\u00e9terminer quels moyens il prendra pour soulager les b\u00e9n\u00e9voles qui souhaitent r\u00e9duire leurs t\u00e2ches.<\/p>\n<p style=\"text-align: justify;\">Par ailleurs, le conseil est toujours \u00e0 la recherche d\u2019un substitut ou d\u2019un assistant pour certains b\u00e9n\u00e9voles responsables d\u2019une activit\u00e9 vitale du club. Ces b\u00e9n\u00e9voles sont le pr\u00e9sident, le coordonnateur des s\u00e9ances de pr\u00e9sentations, les responsables de la gestion des ateliers et de l\u2019inscription aux ateliers et un consultant sur le logiciel Access.<\/p>\n<hr \/>\n<h4><strong>La client\u00e8le cible du CIMBCC<\/strong><\/h4>\n<p style=\"text-align: justify;\">Le club re\u00e7oit encore des demandes de la part de personnes qui poss\u00e8dent une tablette \u00e9lectronique, mais qui n\u2019ont ni ordinateur, ni acc\u00e8s \u00e0 Internet, ni une adresse de courrier \u00e9lectronique. Ces personnes ne font pas partie de la client\u00e8le cible du CIMBCC. Le conseil d\u2019administration r\u00e9affirme qu\u2019il offre ses services\u00a0:<\/p>\n<ul style=\"text-align: justify;\">\n<li>aux personnes de tous les niveaux qui veulent apprendre \u00e0 se servir d\u2019un ordinateur ou qui veulent augmenter leurs connaissances relativement \u00e0 l\u2019utilisation d\u2019un ordinateur;<\/li>\n<li>aux personnes qui savent se servir d\u2019un ordinateur et qui veulent apprendre \u00e0 se servir d\u2019une tablette.<\/li>\n<\/ul>\n<p style=\"text-align: justify;\">Parce que cela imposerait une t\u00e2che trop lourde \u00e0 nos b\u00e9n\u00e9voles, le club n\u2019est pas en mesure d\u2019offrir un cours d\u2019initiation comparable aux cours offerts dans les biblioth\u00e8ques aux personnes qui poss\u00e8dent seulement une tablette. Ces personnes seront invit\u00e9es \u00e0 s\u2019adresser, par exemple, \u00e0 une boutique Apple, \u00e0 leurs enfants, \u00e0 leurs amis ou \u00e0 une personne-ressource qu\u2019elles paieront pour acqu\u00e9rir les bases n\u00e9cessaires \u00e0 leur inscription \u00e0 un atelier. Assister aux pr\u00e9sentations ne suffit pas.<\/p>\n<p style=\"text-align: justify;\">Quant aux ateliers de niveau d\u00e9butant sur les tablettes \u00e9lectroniques, le membre doit avoir un lien Internet et une adresse de courrier \u00e9lectronique pour y participer.<\/p>\n<hr \/>\n<h4><strong>Les cours d\u2019initiation dans les biblioth\u00e8ques<\/strong><\/h4>\n<p style=\"text-align: justify;\">En 2016, les cours d\u2019initiation ont \u00e9t\u00e9 donn\u00e9s dans les biblioth\u00e8ques de Saint-Bruno, de Saint-Basile et de Sainte-Julie. Le responsable, Michel\u00a0Gagn\u00e9, continue d\u2019observer une diminution des inscriptions\u00a0: 46 inscrits en 2016, 56 en 2015, 79 en 2014. L\u2019\u00e9quipe des instructeurs est compos\u00e9e de 10\u00a0personnes, dont quatre instructeurs-enseignants, qui se sont familiaris\u00e9s avec le syst\u00e8me d\u2019exploitation Windows\u00a010 pour y adapter les cours.<\/p>\n<p style=\"text-align: justify;\">Le conseil d\u2019administration a adopt\u00e9 les orientations suivantes pour 2017-2018\u00a0:<\/p>\n<ul>\n<li style=\"text-align: justify;\">Continuer \u00e0 offrir les m\u00eames cours dans les trois biblioth\u00e8ques. Ne pas ajouter une quatri\u00e8me biblioth\u00e8que.<\/li>\n<li style=\"text-align: justify;\">Ne pas s\u2019engager dans des cours sur les tablettes \u00e9lectroniques, les t\u00e9l\u00e9phones intelligents et les ordinateurs Apple.<\/li>\n<li style=\"text-align: justify;\">Choisir un navigateur Web pour les cours\u00a0: Internet Explorer\u00a011 ou Edge. Internet Explorer\u00a011 sera sans doute retenu.<\/li>\n<li style=\"text-align: justify;\">Recruter de nouveaux instructeurs-enseignants pour faire face \u00e0 deux d\u00e9parts.<\/li>\n<li style=\"text-align: justify;\">Comme la diminution des \u00e9tudiants se poursuivra probablement, il est propos\u00e9 d\u2019augmenter notre publicit\u00e9 aupr\u00e8s des membres du club afin d\u2019offrir aux personnes les plus faibles de s\u2019inscrire aux cours d\u2019initiation.<\/li>\n<\/ul>\n<hr \/>\n<h4><strong>Les ateliers<\/strong><\/h4>\n<p style=\"text-align: justify;\">Berthe\u00a0Demers a annonc\u00e9 que les 15\u00a0ateliers de l\u2019hiver\u00a02017 donneront lieu \u00e0 57\u00a0r\u00e9unions et seront anim\u00e9s par 10\u00a0b\u00e9n\u00e9voles. Le calendrier sera officiel et la <a href=\"https:\/\/cimbcc.org\/test2\/activites\/les-ateliers\" target=\"_blank\" rel=\"noopener noreferrer\">page du site Internet sera mise \u00e0 jour<\/a> quand la Ville de Saint-Bruno aura confirm\u00e9 la r\u00e9servation des locaux n\u00e9cessaires, ce qui ne sera pas possible avant la fin de d\u00e9cembre. Les membres pourront s\u2019inscrire aux ateliers directement sur le site du <strong>5\u00a0janvier \u00e0 midi au 7\u00a0janvier \u00e0 minuit<\/strong>.<\/p>\n<p style=\"text-align: justify;\">Parmi les ateliers les plus populaires, il y aura ceux sur les tablettes \u00e9lectroniques (iPad et Android) et sur Facebook. Il y aura par contre rel\u00e2che de l\u2019atelier sur Windows\u00a010, le sujet ayant \u00e9t\u00e9 largement couvert jusqu&rsquo;\u00e0 maintenant et les membres inscrits ayant tous \u00e9t\u00e9 accept\u00e9s tant aux ateliers qu\u2019aux pr\u00e9sentations.<\/p>\n<p style=\"text-align: justify;\">Les ateliers suivants continueront d\u2019accepter de nouveaux participants tout au long de l\u2019ann\u00e9e\u00a0:<\/p>\n<ul style=\"text-align: justify;\">\n<li><a href=\"https:\/\/cimbcc.org\/test2\/activites\/les-ateliers\/atelier-de-soutien-aux-debutants\" target=\"_blank\" rel=\"noopener noreferrer\">Soutien aux d\u00e9butants<\/a><\/li>\n<li><a href=\"https:\/\/cimbcc.org\/test2\/activites\/les-ateliers\/atelier-des-mordus-de-linformatique\" target=\"_blank\" rel=\"noopener noreferrer\">Mordus de l\u2019informatique<\/a><\/li>\n<\/ul>\n<p style=\"text-align: justify;\">La description des ateliers sur le site du club est claire et facile \u00e0 consulter. C\u2019est un travail exigeant r\u00e9alis\u00e9 par les animateurs. Ils ont aussi r\u00e9vis\u00e9 les pr\u00e9alables\u00a0qui ont\u00a0gagn\u00e9 en pr\u00e9cision. Tous sont invit\u00e9s \u00e0 en prendre connaissance avant de s\u2019inscrire \u00e0 un atelier.<\/p>\n<hr \/>\n<h4><strong>L\u2019horaire des pr\u00e9sentations du vendredi<\/strong><\/h4>\n<p style=\"text-align: justify;\">Yvon\u00a0Gaudreau a souvent remarqu\u00e9 que des participants aux s\u00e9ances de pr\u00e9sentations du vendredi partaient vers 15\u00a0h\u00a030. Ces personnes avaient s\u00fbrement de bonnes raisons de s\u2019absenter avant la fin de la pr\u00e9sentation habituellement pr\u00e9vue pour 15\u00a0h\u00a045.<\/p>\n<p style=\"text-align: justify;\">Pour mieux r\u00e9pondre aux besoins des participants des s\u00e9ances du vendredi, le conseil a \u00e9mis l\u2019hypoth\u00e8se de devancer de 15\u00a0minutes l\u2019horaire de ces s\u00e9ances. Les membres du conseil sonderont le terrain avant de d\u00e9cider d\u2019avancer \u00e0 13\u00a0h\u00a015 le d\u00e9but des s\u00e9ances du vendredi qui se termineront alors \u00e0 15\u00a0h\u00a030. S\u2019il y a lieu, cette d\u00e9cision ne s\u2019appliquera pas avant 2017-2018. Aucun changement n\u2019est pr\u00e9vu \u00e0 l\u2019horaire des s\u00e9ances du mercredi.<\/p>\n<hr \/>\n<p style=\"text-align: justify;\">Enfin, je vous souhaite de <em>TR\u00c8S JOYEUSES F\u00caTES<\/em> au milieu de ceux que vous aimez et la sant\u00e9 ainsi que d\u2019heureuses d\u00e9couvertes au club en 2017!<\/p>\n<p>Sylvie\u00a0Mazur, secr\u00e9taire du CIMBCC<\/p>\n<p>&nbsp;<\/p>\n<p>&nbsp;<\/p>\n","protected":false},"excerpt":{"rendered":"<p>Le conseil d\u2019administration s\u2019est r\u00e9uni le mardi 6\u00a0d\u00e9cembre. Comme chaque mois, il a fait le point sur ses membres et ses b\u00e9n\u00e9voles. Il a aussi poursuivi le processus qui lui permettra d\u2019atteindre ses objectifs prioritaires et il a r\u00e9affirm\u00e9 la nature de sa client\u00e8le cible. Le conseil a approuv\u00e9 les orientations propos\u00e9es pour les cours &hellip; <a href=\"https:\/\/cimbcc.org\/test2\/echos-du-conseil-dadministration-6-decembre-2016\/\" class=\"more-link\">Continuer la lecture de <span class=\"screen-reader-text\">\u00c9chos du conseil d&rsquo;administration &#8211; 6 d\u00e9cembre 2016<\/span>  <span class=\"meta-nav\">&rarr;<\/span><\/a><\/p>\n","protected":false},"author":43,"featured_media":0,"comment_status":"open","ping_status":"closed","sticky":false,"template":"","format":"standard","meta":{"footnotes":""},"categories":[386],"tags":[269,126,538,906,271,425,105],"class_list":["post-16439","post","type-post","status-publish","format-standard","hentry","category-echos-du-conseil-dadministration","tag-ateliers","tag-benevoles","tag-clientele-cible","tag-cours-dans-les-bibliotheques","tag-presentations","tag-priorites","tag-tablette"],"_links":{"self":[{"href":"https:\/\/cimbcc.org\/test2\/wp-json\/wp\/v2\/posts\/16439","targetHints":{"allow":["GET"]}}],"collection":[{"href":"https:\/\/cimbcc.org\/test2\/wp-json\/wp\/v2\/posts"}],"about":[{"href":"https:\/\/cimbcc.org\/test2\/wp-json\/wp\/v2\/types\/post"}],"author":[{"embeddable":true,"href":"https:\/\/cimbcc.org\/test2\/wp-json\/wp\/v2\/users\/43"}],"replies":[{"embeddable":true,"href":"https:\/\/cimbcc.org\/test2\/wp-json\/wp\/v2\/comments?post=16439"}],"version-history":[{"count":10,"href":"https:\/\/cimbcc.org\/test2\/wp-json\/wp\/v2\/posts\/16439\/revisions"}],"predecessor-version":[{"id":27851,"href":"https:\/\/cimbcc.org\/test2\/wp-json\/wp\/v2\/posts\/16439\/revisions\/27851"}],"wp:attachment":[{"href":"https:\/\/cimbcc.org\/test2\/wp-json\/wp\/v2\/media?parent=16439"}],"wp:term":[{"taxonomy":"category","embeddable":true,"href":"https:\/\/cimbcc.org\/test2\/wp-json\/wp\/v2\/categories?post=16439"},{"taxonomy":"post_tag","embeddable":true,"href":"https:\/\/cimbcc.org\/test2\/wp-json\/wp\/v2\/tags?post=16439"}],"curies":[{"name":"wp","href":"https:\/\/api.w.org\/{rel}","templated":true}]}}