{"id":16811,"date":"2017-01-10T07:00:32","date_gmt":"2017-01-10T12:00:32","guid":{"rendered":"https:\/\/cimbcc.org\/test2\/?p=16811"},"modified":"2023-10-16T22:15:29","modified_gmt":"2023-10-17T02:15:29","slug":"reconnecter-outlook-2016-ou-outlook-2013-a-outlook-com","status":"publish","type":"post","link":"https:\/\/cimbcc.org\/test2\/reconnecter-outlook-2016-ou-outlook-2013-a-outlook-com\/","title":{"rendered":"Reconnecter Outlook 2016 ou Outlook 2013 \u00e0 Outlook.com"},"content":{"rendered":"<figure id=\"attachment_24081\" aria-describedby=\"caption-attachment-24081\" style=\"width: 125px\" class=\"wp-caption aligncenter\"><img loading=\"lazy\" decoding=\"async\" class=\"size-full wp-image-24081\" src=\"https:\/\/cimbcc.org\/test2\/wp-content\/uploads\/photo_charron_denis.jpg\" alt=\"\" width=\"125\" height=\"125\" \/><figcaption id=\"caption-attachment-24081\" class=\"wp-caption-text\"><span style=\"color: #ffffff;\">mmm<\/span>Denis Charron<\/figcaption><\/figure>\n<p style=\"text-align: justify;\">Si vous utilisez Outlook 2016 ou 2013 de la suite bureautique Office, vous avez peut-\u00eatre d\u00e9j\u00e0 re\u00e7u ce message\u00a0: <em>\u00ab\u00a0Reconnectez Outlook 2016\/Outlook 2013 \u00e0 Outlook.com pour b\u00e9n\u00e9ficier d\u2019un acc\u00e8s ininterrompu \u00e0 votre messagerie\u00a0\u00bb<\/em>.<\/p>\n<p>Cela apparait dans une bo\u00eete comme illustr\u00e9e \u00e0 la figure suivante.<\/p>\n<p><!--more--><\/p>\n<p><img loading=\"lazy\" decoding=\"async\" class=\"alignnone size-medium wp-image-16815\" src=\"https:\/\/cimbcc.org\/test2\/wp-content\/uploads\/20170110_CHIP_Outlook_1-300x156.jpg\" alt=\"\" width=\"300\" height=\"156\" srcset=\"https:\/\/cimbcc.org\/test2\/wp-content\/uploads\/20170110_CHIP_Outlook_1-300x156.jpg 300w, https:\/\/cimbcc.org\/test2\/wp-content\/uploads\/20170110_CHIP_Outlook_1.jpg 476w\" sizes=\"auto, (max-width: 300px) 100vw, 300px\" \/><\/p>\n<p style=\"text-align: justify;\"><span style=\"color: #000000; font-family: Calibri;\">Pour conna\u00eetre les \u00e9tapes afin de reconnecter Microsoft Office Outlook, <\/span><a href=\"http:\/\/www.francoischarron.com\/reconnecter-outlook-2016-ou-outlook-2013-a-outlookcom-\/-\/YQ96PvHgrq\/\" target=\"_blank\" rel=\"noopener\"><u><span style=\"color: #0000ff; font-family: Times New Roman;\">cliquez ici afin d\u2019\u00eatre redirig\u00e9 vers le site de Fran\u00e7ois Charron<\/span><\/u><\/a><span style=\"color: #000000; font-family: Calibri;\">.<\/span><\/p>\n<p><span style=\"color: #000000; font-family: Calibri;\">\u00a0<\/span><span style=\"color: #000000; font-family: Calibri;\">Denis Charron<\/span><\/p>\n","protected":false},"excerpt":{"rendered":"<p>Si vous utilisez Outlook 2016 ou 2013 de la suite bureautique Office, vous avez peut-\u00eatre d\u00e9j\u00e0 re\u00e7u ce message\u00a0: \u00ab\u00a0Reconnectez Outlook 2016\/Outlook 2013 \u00e0 Outlook.com pour b\u00e9n\u00e9ficier d\u2019un acc\u00e8s ininterrompu \u00e0 votre messagerie\u00a0\u00bb. Cela apparait dans une bo\u00eete comme illustr\u00e9e \u00e0 la figure suivante.<\/p>\n","protected":false},"author":43,"featured_media":0,"comment_status":"open","ping_status":"closed","sticky":false,"template":"","format":"standard","meta":{"footnotes":""},"categories":[24],"tags":[103,546,547,548],"class_list":["post-16811","post","type-post","status-publish","format-standard","hentry","category-conseils-pratiques","tag-ms-office","tag-outlook-2013","tag-outlook-2016","tag-outlook-com"],"_links":{"self":[{"href":"https:\/\/cimbcc.org\/test2\/wp-json\/wp\/v2\/posts\/16811","targetHints":{"allow":["GET"]}}],"collection":[{"href":"https:\/\/cimbcc.org\/test2\/wp-json\/wp\/v2\/posts"}],"about":[{"href":"https:\/\/cimbcc.org\/test2\/wp-json\/wp\/v2\/types\/post"}],"author":[{"embeddable":true,"href":"https:\/\/cimbcc.org\/test2\/wp-json\/wp\/v2\/users\/43"}],"replies":[{"embeddable":true,"href":"https:\/\/cimbcc.org\/test2\/wp-json\/wp\/v2\/comments?post=16811"}],"version-history":[{"count":6,"href":"https:\/\/cimbcc.org\/test2\/wp-json\/wp\/v2\/posts\/16811\/revisions"}],"predecessor-version":[{"id":25193,"href":"https:\/\/cimbcc.org\/test2\/wp-json\/wp\/v2\/posts\/16811\/revisions\/25193"}],"wp:attachment":[{"href":"https:\/\/cimbcc.org\/test2\/wp-json\/wp\/v2\/media?parent=16811"}],"wp:term":[{"taxonomy":"category","embeddable":true,"href":"https:\/\/cimbcc.org\/test2\/wp-json\/wp\/v2\/categories?post=16811"},{"taxonomy":"post_tag","embeddable":true,"href":"https:\/\/cimbcc.org\/test2\/wp-json\/wp\/v2\/tags?post=16811"}],"curies":[{"name":"wp","href":"https:\/\/api.w.org\/{rel}","templated":true}]}}