{"id":16884,"date":"2017-01-20T00:00:38","date_gmt":"2017-01-20T05:00:38","guid":{"rendered":"https:\/\/cimbcc.org\/test2\/?p=16884"},"modified":"2023-10-16T22:15:29","modified_gmt":"2023-10-17T02:15:29","slug":"echos-du-conseil-dadministration-10-janvier-2017","status":"publish","type":"post","link":"https:\/\/cimbcc.org\/test2\/echos-du-conseil-dadministration-10-janvier-2017\/","title":{"rendered":"\u00c9chos du conseil d&rsquo;administration &#8211; 10 janvier 2017"},"content":{"rendered":"<figure id=\"attachment_14937\" aria-describedby=\"caption-attachment-14937\" style=\"width: 500px\" class=\"wp-caption aligncenter\"><img loading=\"lazy\" decoding=\"async\" class=\"size-full wp-image-14937\" src=\"https:\/\/cimbcc.org\/test2\/wp-content\/uploads\/CA_2016_2017v1.jpg\" alt=\"CA_2016_2017\" width=\"500\" height=\"314\" srcset=\"https:\/\/cimbcc.org\/test2\/wp-content\/uploads\/CA_2016_2017v1.jpg 500w, https:\/\/cimbcc.org\/test2\/wp-content\/uploads\/CA_2016_2017v1-300x188.jpg 300w\" sizes=\"auto, (max-width: 500px) 100vw, 500px\" \/><figcaption id=\"caption-attachment-14937\" class=\"wp-caption-text\">Premi\u00e8re rang\u00e9e : R\u00e9jean C\u00f4t\u00e9, Sylvie Mazur, Berthe Demers, Danielle Bourque, Huguette Turgeon, Yvon Gaudreau. Deuxi\u00e8me rang\u00e9e : Richard Gervais, Jacques Lalibert\u00e9, Denis Charron, Michel Gagn\u00e9, Walter Pearce, R\u00e9jean Daigle.<\/figcaption><\/figure>\n<p style=\"text-align: justify;\">Le conseil d\u2019administration s\u2019est r\u00e9uni une premi\u00e8re fois cette ann\u00e9e le mardi 10\u00a0janvier. Au cours de cette r\u00e9union, il a \u00e9t\u00e9 question des priorit\u00e9s\u00a0de 2016-2017, des membres honoraires, de la participation aux s\u00e9ances de pr\u00e9sentations depuis 2012, des ateliers de l\u2019automne\u00a02016, du souper de No\u00ebl et de la gestion des achats, des contrats et des d\u00e9penses du club.<\/p>\n<p style=\"text-align: justify;\"><!--more--><\/p>\n<hr \/>\n<h4><strong>Priorit\u00e9s\u00a0de 2016-2017<\/strong><\/h4>\n<p style=\"text-align: justify;\">En d\u00e9cembre, le conseil d\u2019administration a identifi\u00e9 des b\u00e9n\u00e9voles qu\u2019il percevait comme accomplissant un nombre important de t\u00e2ches dans le cadre de leurs responsabilit\u00e9s au club. La v\u00e9rification aupr\u00e8s de ces b\u00e9n\u00e9voles a permis de confirmer que cinq d\u2019entre eux souhaitent effectivement se d\u00e9lester de certaines de leurs t\u00e2ches. Le recrutement de nouveaux collaborateurs est donc lanc\u00e9 pour prendre en charge certaines des t\u00e2ches de ces personnes. Il s\u2019agit du premier objectif que s\u2019est fix\u00e9 le conseil pour cette ann\u00e9e.<\/p>\n<p style=\"text-align: justify;\">Le second objectif poursuivi par le conseil est de trouver un assistant pour chaque b\u00e9n\u00e9vole responsable d\u2019une activit\u00e9 vitale pour le club et pour qui aucun substitut n\u2019a \u00e9t\u00e9 identifi\u00e9. Le mois de d\u00e9cembre offrant peu d\u2019occasions de rencontres au club, les d\u00e9marches pour l\u2019atteinte de cet objectif seront reprises maintenant.<\/p>\n<hr \/>\n<h4><strong>Membres honoraires<\/strong><\/h4>\n<p style=\"text-align: justify;\">Le club d\u00e9signe comme membres honoraires des personnes qu\u2019il veut remercier pour leur contribution exceptionnelle \u00e0 sa gestion ou \u00e0 ses activit\u00e9s en tant que b\u00e9n\u00e9voles, ou des personnes que le club reconna\u00eet comme membres s\u2019\u00e9tant distingu\u00e9s par des r\u00e9alisations remarquables.<\/p>\n<p style=\"text-align: justify;\">Le conseil d\u2019administration a reconduit le document de r\u00e9f\u00e9rence qui d\u00e9finit ce statut et qui d\u00e9crit le processus de d\u00e9signation d\u2019un membre honoraire. Le conseil a aussi remerci\u00e9 Walter\u00a0Pearce qui a assur\u00e9 le suivi aupr\u00e8s des pr\u00e9cieux collaborateurs qui ont accept\u00e9 de r\u00e9diger les derni\u00e8res notices bibliographiques \u00e0 ajouter sur la page d\u00e9di\u00e9e \u00e0 ce sujet sur le site Internet. Ces derni\u00e8res notices seront int\u00e9gr\u00e9es sous peu \u00e0 la <a href=\"https:\/\/cimbcc.org\/test2\/le-club-2\/nos-membres-honoraires\" target=\"_blank\" rel=\"noopener\">page que vous pouvez rejoindre en cliquant ici.<\/a><\/p>\n<hr \/>\n<h4><strong>S\u00e9ances de pr\u00e9sentations<\/strong><\/h4>\n<p style=\"text-align: justify;\">Danielle\u00a0Bourque a pr\u00e9sent\u00e9 les donn\u00e9es compil\u00e9es depuis 2012 sur la participation aux s\u00e9ances de pr\u00e9sentations du mercredi et du vendredi. L\u2019examen de ces donn\u00e9es met en \u00e9vidence une augmentation de la moyenne des participants depuis 2012. Cette moyenne a \u00e9volu\u00e9 de 62\u00a0participants aux 53\u00a0s\u00e9ances de 2012-2013 \u00e0 74\u00a0participants aux 52\u00a0s\u00e9ances de 2015-2016. Les 33\u00a0s\u00e9ances de l\u2019automne\u00a02016 ont quant \u00e0 elles attir\u00e9 une moyenne de 75\u00a0participants.<\/p>\n<p style=\"text-align: justify;\">Ces donn\u00e9es nous ont aussi appris que, depuis la saison\u00a02012-2013, les pr\u00e9sentations de la s\u00e9rie <em>FACILE<\/em> ont fait l\u2019objet de 35\u00a0\u00e0 49\u00a0% des s\u00e9ances, alors que celles de la s\u00e9rie <em>D\u00c9COUVERTE<\/em> \u00e9taient au programme de 49\u00a0\u00e0\u00a059\u00a0% des s\u00e9ances. Des s\u00e9ances destin\u00e9es \u00e0 tous les membres se sont ajout\u00e9es chaque ann\u00e9e aux pr\u00e9c\u00e9dentes.<\/p>\n<hr \/>\n<h4><strong>Les ateliers de l\u2019automne\u00a02016<\/strong><\/h4>\n<p style=\"text-align: justify;\">Les 14\u00a0ateliers de l\u2019automne\u00a02016 ont recueilli 343\u00a0inscriptions par 230\u00a0membres (un membre peut s\u2019inscrire \u00e0 deux ateliers). Le taux de participation (91\u00a0%) fut excellent et met en \u00e9vidence que la d\u00e9cision de s\u2019inscrire est prise au s\u00e9rieux. La participation assidue des membres inscrits fut particuli\u00e8rement appr\u00e9ci\u00e9e par les animateurs de ces ateliers.<\/p>\n<p style=\"text-align: justify;\">Toutes les inscriptions ont \u00e9t\u00e9 accept\u00e9es sauf pour les deux ateliers sur Facebook \u00e0 cause de la capacit\u00e9 des salles. Certains ateliers tr\u00e8s populaires ont \u00e9t\u00e9 doubl\u00e9s alors que l\u2019atelier sur Windows\u00a010 a pu \u00eatre adapt\u00e9 \u00e0 la pr\u00e9sence de 79\u00a0inscrits.<\/p>\n<p style=\"text-align: justify;\">L\u2019inscription aux 15\u00a0ateliers de l\u2019hiver\u00a02017 s\u2019est tenue du 5 au 7\u00a0janvier et la responsable, Berthe\u00a0Demers, nous en communiquera les r\u00e9sultats en f\u00e9vrier.<\/p>\n<hr \/>\n<h4 style=\"text-align: justify;\"><strong>Souper de No\u00ebl et gestion des achats, des contrats et des d\u00e9penses<\/strong><\/h4>\n<p style=\"text-align: justify;\">Le souper de No\u00ebl du 7\u00a0d\u00e9cembre dernier a r\u00e9uni 142\u00a0personnes comme l\u2019an dernier. De l\u2019avis de tous, ce fut une belle soir\u00e9e et le repas \u00e9tait d\u00e9licieux. Cette soir\u00e9e a \u00e9t\u00e9 organis\u00e9e par Louise\u00a0Cormier, France Massicotte et Walter\u00a0Pearce. Gr\u00e2ce \u00e0 leurs choix de traiteur et d\u2019autres \u00e9l\u00e9ments, ce souper a co\u00fbt\u00e9 \u00e0 peine 38\u00a0$ de plus que celui de l\u2019an dernier. Toutes nos f\u00e9licitations \u00e0 l\u2019\u00e9quipe des activit\u00e9s sociales.<\/p>\n<p style=\"text-align: justify;\">Enfin, Walter\u00a0Pearce a recommand\u00e9 de maintenir sans changement le document de r\u00e9f\u00e9rence du club sur la gestion des achats, des contrats et des d\u00e9penses. Le conseil a adopt\u00e9 unanimement cette proposition parce que tous au club se conforment aux directives de ce document.<\/p>\n<p>Sylvie\u00a0Mazur, secr\u00e9taire du CIMBCC<\/p>\n","protected":false},"excerpt":{"rendered":"<p>Le conseil d\u2019administration s\u2019est r\u00e9uni une premi\u00e8re fois cette ann\u00e9e le mardi 10\u00a0janvier. Au cours de cette r\u00e9union, il a \u00e9t\u00e9 question des priorit\u00e9s\u00a0de 2016-2017, des membres honoraires, de la participation aux s\u00e9ances de pr\u00e9sentations depuis 2012, des ateliers de l\u2019automne\u00a02016, du souper de No\u00ebl et de la gestion des achats, des contrats et des &hellip; <a href=\"https:\/\/cimbcc.org\/test2\/echos-du-conseil-dadministration-10-janvier-2017\/\" class=\"more-link\">Continuer la lecture de <span class=\"screen-reader-text\">\u00c9chos du conseil d&rsquo;administration &#8211; 10 janvier 2017<\/span>  <span class=\"meta-nav\">&rarr;<\/span><\/a><\/p>\n","protected":false},"author":43,"featured_media":0,"comment_status":"open","ping_status":"closed","sticky":false,"template":"","format":"standard","meta":{"footnotes":""},"categories":[386],"tags":[269,553,552,271,425],"class_list":["post-16884","post","type-post","status-publish","format-standard","hentry","category-echos-du-conseil-dadministration","tag-ateliers","tag-gestion-financiere","tag-membres-honoraires","tag-presentations","tag-priorites"],"_links":{"self":[{"href":"https:\/\/cimbcc.org\/test2\/wp-json\/wp\/v2\/posts\/16884","targetHints":{"allow":["GET"]}}],"collection":[{"href":"https:\/\/cimbcc.org\/test2\/wp-json\/wp\/v2\/posts"}],"about":[{"href":"https:\/\/cimbcc.org\/test2\/wp-json\/wp\/v2\/types\/post"}],"author":[{"embeddable":true,"href":"https:\/\/cimbcc.org\/test2\/wp-json\/wp\/v2\/users\/43"}],"replies":[{"embeddable":true,"href":"https:\/\/cimbcc.org\/test2\/wp-json\/wp\/v2\/comments?post=16884"}],"version-history":[{"count":8,"href":"https:\/\/cimbcc.org\/test2\/wp-json\/wp\/v2\/posts\/16884\/revisions"}],"predecessor-version":[{"id":46771,"href":"https:\/\/cimbcc.org\/test2\/wp-json\/wp\/v2\/posts\/16884\/revisions\/46771"}],"wp:attachment":[{"href":"https:\/\/cimbcc.org\/test2\/wp-json\/wp\/v2\/media?parent=16884"}],"wp:term":[{"taxonomy":"category","embeddable":true,"href":"https:\/\/cimbcc.org\/test2\/wp-json\/wp\/v2\/categories?post=16884"},{"taxonomy":"post_tag","embeddable":true,"href":"https:\/\/cimbcc.org\/test2\/wp-json\/wp\/v2\/tags?post=16884"}],"curies":[{"name":"wp","href":"https:\/\/api.w.org\/{rel}","templated":true}]}}