{"id":1715,"date":"2012-02-27T11:00:50","date_gmt":"2012-02-27T16:00:50","guid":{"rendered":"https:\/\/cimbcc.org\/test2\/?p=1715"},"modified":"2023-10-16T22:17:14","modified_gmt":"2023-10-17T02:17:14","slug":"le-bene-volontariat-et-la-retraite-mouvement-2","status":"publish","type":"post","link":"https:\/\/cimbcc.org\/test2\/le-bene-volontariat-et-la-retraite-mouvement-2\/","title":{"rendered":"Le b\u00e9n\u00e9-volontariat et la retraite &#8211; mouvement 2"},"content":{"rendered":"<p style=\"text-align: center;\"><strong><a href=\"https:\/\/cimbcc.org\/test2\/les-femmes-et-linformatique-partie-4\/photo-madeleine-mayer-collaboratrice-2\" rel=\"attachment wp-att-5594\"><img loading=\"lazy\" decoding=\"async\" class=\"aligncenter size-full wp-image-5594\" src=\"https:\/\/cimbcc.org\/test2\/wp-content\/uploads\/Photo-Madeleine-Mayer-Collaboratrice1.jpg\" alt=\"Photo-Madeleine-Mayer-Collaboratrice\" width=\"256\" height=\"92\" \/><\/a><\/strong><\/p>\n<h4 style=\"text-align: left;\">Deuxi\u00e8me\u00a0mouvement\u00a0: LE TEMPS<\/h4>\n<p style=\"text-align: justify;\"><em>Le 13\u00a0f\u00e9vrier, le CHIP publiait le premier mouvement, L\u2019INJONCTION SOCIALE,\u00a0sur LE B\u00c9N\u00c9-VOLONTARIAT ET LA RETRAITE. Madeleine\u00a0Mayer aborde maintenant le cadeau \u00ab\u00a0grec\u00a0\u00bb de la retraite\u00a0: L\u2019ESPACE\/TEMPS.<\/em><\/p>\n<p style=\"text-align: left;\"><!--more--><\/p>\n<p style=\"text-align: justify;\">Ce <strong>TEMPS<\/strong> qui, tout \u00e0 coup, devient moment d\u2019\u00e9ternit\u00e9. L\u2019horaire \u00e9clate, lib\u00e9rant ses plages infinies jalonn\u00e9es aux 30\u00a0cm du pi\u00e8ge du\u00a0\u00ab\u00a0Pourquoi pas?\u00a0\u00bb et les pieds s\u2019y entrem\u00ealent jusqu\u2019\u00e0 ce que se pointe l\u2019agenda surcharg\u00e9 du retrait\u00e9 (\u00e9videmment, je ne sp\u00e9cifierai pas ici\u00a0\u00a0\u00ab\u00a0et de la retrait\u00e9e\u00a0\u00bb, car cela alourdirait le texte et il est convenu que le masculin englobe \u00ab\u00a0la\u00a0\u00bb retrait\u00e9e, quoique je ne sois pas toujours convaincue de son manque de discernement [de la retrait\u00e9e], j\u2019y reviendrai en fin d\u2019article). Le syndrome de la page blanche se vit ici bien autrement. Autant l\u2019encre se fige lorsqu\u2019il est question de cr\u00e9ation, autant elle s\u2019\u00e9pand g\u00e9n\u00e9reusement lorsque la page blanche est celle de l\u2019agenda. Et tel un boulimique, nous projetons enfin tout et un peu plus de nos r\u00eaves enfouis sous les ann\u00e9es de labeur salari\u00e9 et, subrepticement, s\u2019y insinuent les \u00ab\u00a0modes\u00a0\u00bb consommatrices de notre temps.<\/p>\n<p style=\"text-align: justify;\">Le rite initiatique de la retraite d\u00e9bute dans la rencontre de l\u2019ESPACE\/TEMPS et tous ne s\u2019en sortent pas indemnes. \u00ab\u00a0Cadeau grec\u00a0\u00bb, avais-je annonc\u00e9\u00a0: nous tentons de l\u2019\u00e9viter,\u00a0l\u2019ennui mortel et la d\u00e9pression nous guettent; nous y consacrons corps et \u00e2me, l\u2019essoufflement nous m\u00e8ne au constat terrifiant que, finalement, c\u2019est comme avant\u00a0:\u00a0notre vie manque de vie!\u00a0Assaillis de toutes parts par les\u00a0\u00ab\u00a0le temps nous est d\u00e9sormais compt\u00e9\u00a0\u00bb et \u00ab\u00a0il n\u2019y a pas de temps \u00e0 perdre\u00a0\u00bb alors que nous croyions que nous n\u2019avions que cela au moment du retrait de la vie active (de la vie salari\u00e9e et horodat\u00e9e serait plus justement exprim\u00e9). Nous avions fait notre temps et il \u00e9tait plus que temps de se donner du bon temps et, pour ce faire, il fallait prendre le temps, car il ne serait plus bient\u00f4t temps\u2026 Doublement pi\u00e9g\u00e9\u00a0: d\u2019une part, l\u2019injonction; d\u2019autre part, l\u2019entonnoir du temps auquel on ne r\u00e9ussit pas \u00e0 \u00e9chapper.<\/p>\n<p style=\"text-align: justify;\">Et si nous prenions le <strong>TEMPS<\/strong> pour respirer et laisser venir ce qui nous convient. Et si nous prenions le <strong>TEMPS<\/strong> de questionner le sens cach\u00e9 et sournois de l\u2019injonction, bref, de penser par nous-m\u00eames ce qu\u2019il nous revient d\u2019assumer de notre vie nouvelle de retrait\u00e9. Il revient qu\u2019\u00e0 nous seuls, qu\u2019\u00e0 notre analyse critique, qu\u2019\u00e0 notre jugement de jauger la teneur de nos activit\u00e9s et de nos engagements; l\u2019inventivit\u00e9, la cr\u00e9ativit\u00e9, voire la folie ne se manifestent pas toujours d&#8217;embl\u00e9e, car trop longtemps \u00e9teintes ou \u00e9touff\u00e9es, mais en aucune fa\u00e7on, elles doivent \u00eatre somm\u00e9es d\u2019appara\u00eetre. Alors, calmons-nous et sondons le rythme de notre coeur et de nos montres\u2026 au-del\u00e0 du sentiment du devoir et d\u2019obligation sous lequel s\u2019insinue la culpabilit\u00e9 d\u2019avoir pour soi, et que pour soi, enfin, ce vide, promesse de pl\u00e9nitude. Et s\u2019il suffisait tout simplement de r\u00eaver jusqu\u2019\u00e0 l\u2019action\u00a0les voyages, les d\u00e9fis d\u2019entra\u00eenement, les rencontres culturelles, les extases artistiques et, pourquoi pas, le b\u00e9n\u00e9-volontariat. Tous les choix ne seraient pas tous bons\u00a0: seuls ceux qui animent ou r\u00e9animent en nous le d\u00e9sir d\u2019\u00ab\u00a0\u00eatre\u00a0\u00bb sont convi\u00e9s \u00e0 venir cr\u00e9er sens \u00e0 ce qui reste de souffle en nous. Et les bons choix ont la qualit\u00e9 de g\u00e9n\u00e9rer de plus en plus de souffle.<\/p>\n<p style=\"text-align: justify;\">Ce n\u2019est certes pas l\u2019apanage des retrait\u00e9s que cet \u00ab\u00a0engagement volontaire et de bonne volont\u00e9\u00a0\u00bb. De plus en plus de jeunes gens s\u2019impliquent socialement et joyeusement.\u00a0Des jeunes filles accompagnent les a\u00een\u00e9s dans leurs t\u00e2ches quotidiennes; de jeunes hommes \u00ab\u00a0jouent\u00a0\u00bb dans les associations sportives avec les enfants; les \u00ab\u00a0cracks\u00a0\u00bb du Web initient les grands-parents. Des travailleurs d\u00e9bord\u00e9, de tous \u00e2ges grappillent des minutes pr\u00e9cieuses pour les offrir \u00e0 d\u2019autres dont la vie s\u2019en trouve all\u00e9g\u00e9e. Sans aucune obligation, ni contrainte, sans l\u2019injonction qui leur tombera dessus, un jour lointain,\u00a0si les retrait\u00e9s d\u2019aujourd\u2019hui n\u2019invectivent pas haut et fort celui qui professe, sans r\u00e9fl\u00e9chir, ce clich\u00e9.<\/p>\n<p style=\"text-align: justify;\">Quand le b\u00e9n\u00e9-volontariat est issu d\u2019une d\u00e9cision volontaire, libre de toute influence pernicieuse et porteur de la plus noble des bonnes volont\u00e9s, j\u2019en suis et vous en \u00eates certainement avec moi. Mais qu\u2019est-ce donc que ce b\u00e9n\u00e9-volontariat?<\/p>\n<p align=\"center\"><strong>\u00c0 suivre\u2026<\/strong><\/p>\n","protected":false},"excerpt":{"rendered":"<p>Deuxi\u00e8me\u00a0mouvement\u00a0: LE TEMPS Le 13\u00a0f\u00e9vrier, le CHIP publiait le premier mouvement, L\u2019INJONCTION SOCIALE,\u00a0sur LE B\u00c9N\u00c9-VOLONTARIAT ET LA RETRAITE. Madeleine\u00a0Mayer aborde maintenant le cadeau \u00ab\u00a0grec\u00a0\u00bb de la retraite\u00a0: L\u2019ESPACE\/TEMPS.<\/p>\n","protected":false},"author":43,"featured_media":0,"comment_status":"closed","ping_status":"closed","sticky":false,"template":"","format":"standard","meta":{"footnotes":""},"categories":[14],"tags":[126,272,281],"class_list":["post-1715","post","type-post","status-publish","format-standard","hentry","category-reflexion","tag-benevoles","tag-retraite","tag-temps"],"_links":{"self":[{"href":"https:\/\/cimbcc.org\/test2\/wp-json\/wp\/v2\/posts\/1715","targetHints":{"allow":["GET"]}}],"collection":[{"href":"https:\/\/cimbcc.org\/test2\/wp-json\/wp\/v2\/posts"}],"about":[{"href":"https:\/\/cimbcc.org\/test2\/wp-json\/wp\/v2\/types\/post"}],"author":[{"embeddable":true,"href":"https:\/\/cimbcc.org\/test2\/wp-json\/wp\/v2\/users\/43"}],"replies":[{"embeddable":true,"href":"https:\/\/cimbcc.org\/test2\/wp-json\/wp\/v2\/comments?post=1715"}],"version-history":[{"count":46,"href":"https:\/\/cimbcc.org\/test2\/wp-json\/wp\/v2\/posts\/1715\/revisions"}],"predecessor-version":[{"id":25880,"href":"https:\/\/cimbcc.org\/test2\/wp-json\/wp\/v2\/posts\/1715\/revisions\/25880"}],"wp:attachment":[{"href":"https:\/\/cimbcc.org\/test2\/wp-json\/wp\/v2\/media?parent=1715"}],"wp:term":[{"taxonomy":"category","embeddable":true,"href":"https:\/\/cimbcc.org\/test2\/wp-json\/wp\/v2\/categories?post=1715"},{"taxonomy":"post_tag","embeddable":true,"href":"https:\/\/cimbcc.org\/test2\/wp-json\/wp\/v2\/tags?post=1715"}],"curies":[{"name":"wp","href":"https:\/\/api.w.org\/{rel}","templated":true}]}}