{"id":17263,"date":"2017-02-23T06:00:51","date_gmt":"2017-02-23T11:00:51","guid":{"rendered":"https:\/\/cimbcc.org\/test2\/?p=17263"},"modified":"2023-10-16T22:15:28","modified_gmt":"2023-10-17T02:15:28","slug":"echos-du-conseil-dadministration-7-fevrier-2017","status":"publish","type":"post","link":"https:\/\/cimbcc.org\/test2\/echos-du-conseil-dadministration-7-fevrier-2017\/","title":{"rendered":"Echos du conseil d&rsquo;administration &#8211; 7 f\u00e9vrier 2017"},"content":{"rendered":"<figure id=\"attachment_14937\" aria-describedby=\"caption-attachment-14937\" style=\"width: 500px\" class=\"wp-caption aligncenter\"><img loading=\"lazy\" decoding=\"async\" class=\"size-full wp-image-14937\" src=\"https:\/\/cimbcc.org\/test2\/wp-content\/uploads\/CA_2016_2017v1.jpg\" alt=\"CA_2016_2017\" width=\"500\" height=\"314\" srcset=\"https:\/\/cimbcc.org\/test2\/wp-content\/uploads\/CA_2016_2017v1.jpg 500w, https:\/\/cimbcc.org\/test2\/wp-content\/uploads\/CA_2016_2017v1-300x188.jpg 300w\" sizes=\"auto, (max-width: 500px) 100vw, 500px\" \/><figcaption id=\"caption-attachment-14937\" class=\"wp-caption-text\">Premi\u00e8re rang\u00e9e : R\u00e9jean C\u00f4t\u00e9, Sylvie Mazur, Berthe Demers, Danielle Bourque, Huguette Turgeon, Yvon Gaudreau. Deuxi\u00e8me rang\u00e9e : Richard Gervais, Jacques Lalibert\u00e9, Denis Charron, Michel Gagn\u00e9, Walter Pearce, R\u00e9jean Daigle.<\/figcaption><\/figure>\n<p style=\"text-align: justify;\">Le conseil d\u2019administration du CIMBCC s\u2019est r\u00e9uni le 7\u00a0f\u00e9vrier dernier. Les principaux sujets trait\u00e9s furent les ateliers de l\u2019hiver\u00a02017, les r\u00e8glements g\u00e9n\u00e9raux du club, la prochaine assembl\u00e9e g\u00e9n\u00e9rale des membres, le site Internet du club et les mesures de s\u00e9curit\u00e9 appliqu\u00e9es au Chalet Marie-Victorin.<\/p>\n<p style=\"text-align: justify;\"><!--more--><\/p>\n<hr \/>\n<p><strong>Ateliers de l\u2019hiver\u00a02017<\/strong><\/p>\n<p style=\"text-align: justify;\">Berthe\u00a0Demers et Genevi\u00e8ve\u00a0Renaud ont fait le point sur l\u2019inscription aux ateliers de l\u2019hiver\u00a02017. Les 15\u00a0ateliers propos\u00e9s par le club ont suscit\u00e9 250\u00a0inscriptions par 175\u00a0membres. Ce nombre est relativement stable depuis que les membres ont \u00e9t\u00e9 invit\u00e9s \u00e0 s\u2019inscrire \u00e0 un maximum de deux ateliers.<\/p>\n<p style=\"text-align: justify;\">Les demandes sont assez bien r\u00e9parties entre les diff\u00e9rents ateliers et les animateurs n\u2019ont refus\u00e9 aucune inscription. Il faut noter que 52\u00a0% des inscriptions ont \u00e9t\u00e9 r\u00e9colt\u00e9es par les cinq ateliers sur les tablettes Android et iPad (85 inscriptions) et par les deux ateliers sur Facebook (39\u00a0inscriptions).<\/p>\n<p style=\"text-align: justify;\">Ces ateliers donneront lieu \u00e0 57\u00a0rencontres qui se tiendront au Centre communautaire de Saint-Bruno, \u00e0 la biblioth\u00e8que de Saint-Basile, \u00e0 la biblioth\u00e8que de Sainte-Julie ou \u00e0 la biblioth\u00e8que de Saint-Bruno. La majorit\u00e9 des ateliers auront lieu l\u2019apr\u00e8s-midi, seuls deux ateliers tiendront leurs rencontres le soir.<\/p>\n<p style=\"text-align: justify;\">Berthe mentionne aussi que le traitement des inscriptions a \u00e9t\u00e9 grandement facilit\u00e9 par le d\u00e9veloppement informatique r\u00e9alis\u00e9 par Gilbert\u00a0Girard.<\/p>\n<hr \/>\n<p style=\"text-align: justify;\"><strong>R\u00e8glements g\u00e9n\u00e9raux <\/strong><\/p>\n<p style=\"text-align: justify;\"><strong>\u00a0<\/strong>Les r\u00e8glements g\u00e9n\u00e9raux du club ont \u00e9t\u00e9 adopt\u00e9s par l\u2019assembl\u00e9e g\u00e9n\u00e9rale des membres du 11\u00a0avril\u00a02012. Comme chaque ann\u00e9e, le conseil d\u2019administration les a pass\u00e9s en revue. Il a conclu que ces r\u00e8glements \u00e9taient respect\u00e9s et qu\u2019aucune modification n\u2019\u00e9tait n\u00e9cessaire.<\/p>\n<p style=\"text-align: justify;\">Les r\u00e8glements g\u00e9n\u00e9raux du club peuvent \u00eatre consult\u00e9s sur le site Internet du club <a href=\"https:\/\/cimbcc.org\/test2\/le-club-2\/reglements-du-club\" target=\"_blank\" rel=\"noopener\">en cliquant sur le lien suivant<\/a>.<\/p>\n<hr \/>\n<p style=\"text-align: justify;\"><strong>Assembl\u00e9e g\u00e9n\u00e9rale annuelle <\/strong><\/p>\n<p style=\"text-align: justify;\">Les r\u00e8glements g\u00e9n\u00e9raux pr\u00e9voient que le club doit tenir chaque ann\u00e9e au moins une assembl\u00e9e g\u00e9n\u00e9rale de ses membres. En 2017, cette assembl\u00e9e g\u00e9n\u00e9rale aura lieu <strong>le mercredi 12\u00a0avril<\/strong>.<\/p>\n<p style=\"text-align: justify;\">Vers le 20\u00a0mars, les membres recevront par courriel l\u2019avis de convocation qui sera accompagn\u00e9 de l\u2019ordre du jour propos\u00e9 et du projet de proc\u00e8s-verbal de l\u2019assembl\u00e9e g\u00e9n\u00e9rale annuelle du 13\u00a0avril 2016. Cet avis de convocation inclura un appel de candidatures afin de pourvoir \u00e0 six postes d\u2019administrateurs.<\/p>\n<hr \/>\n<p style=\"text-align: justify;\"><strong>Site Internet du club<\/strong><\/p>\n<p style=\"text-align: justify;\">Le conseil a accept\u00e9 les propositions des webmestres quant \u00e0 l\u2019organisation de la colonne \u00e0 droite de la page d\u2019accueil du site Internet du club\u00a0:<\/p>\n<ul style=\"text-align: justify;\">\n<li>le lien vers le calendrier\u00a0des s\u00e9ances de pr\u00e9sentations sera toujours affich\u00e9 en premier, en haut de la colonne;<\/li>\n<\/ul>\n<ul style=\"text-align: justify;\">\n<li>le lien vers les d\u00e9tails sur les prochaines pr\u00e9sentations sera toujours affich\u00e9 imm\u00e9diatement sous le lien pr\u00e9c\u00e9dent;<\/li>\n<\/ul>\n<ul style=\"text-align: justify;\">\n<li>les bulles d\u2019information seront affich\u00e9es sous le lien pr\u00e9c\u00e9dent et seront toujours pr\u00e9sent\u00e9es en ordre chronologique descendant (c\u2019est-\u00e0-dire que la bulle la plus r\u00e9cente sera la premi\u00e8re);<\/li>\n<\/ul>\n<ul style=\"text-align: justify;\">\n<li>aucune nouvelle bulle ne sera publi\u00e9e durant les p\u00e9riodes d\u2019inscription aux ateliers afin que la bulle annon\u00e7ant cette inscription reste en premi\u00e8re position.<\/li>\n<\/ul>\n<hr \/>\n<p style=\"text-align: justify;\"><strong>\u00a0<\/strong><strong>S\u00e9curit\u00e9 physique des membres<\/strong><\/p>\n<p style=\"text-align: justify;\">Yvon\u00a0Gaudreau a pass\u00e9 en revue les diff\u00e9rentes mesures prises pour assurer la s\u00e9curit\u00e9 des membres qui assistent aux s\u00e9ances de pr\u00e9sentation au Chalet Marie-Victorin. Ces mesures ont \u00e9t\u00e9 approuv\u00e9es par le conseil.<\/p>\n<p style=\"text-align: justify;\">Par ailleurs, le responsable de chaque s\u00e9ance sera pri\u00e9 d\u2019inviter les participants \u00e0 mettre leur t\u00e9l\u00e9phone en mode vibration ou \u00e0 le fermer.<\/p>\n<p style=\"text-align: justify;\">Sylvie\u00a0Mazur, secr\u00e9taire du CIMBCC<\/p>\n","protected":false},"excerpt":{"rendered":"<p>Le conseil d\u2019administration du CIMBCC s\u2019est r\u00e9uni le 7\u00a0f\u00e9vrier dernier. Les principaux sujets trait\u00e9s furent les ateliers de l\u2019hiver\u00a02017, les r\u00e8glements g\u00e9n\u00e9raux du club, la prochaine assembl\u00e9e g\u00e9n\u00e9rale des membres, le site Internet du club et les mesures de s\u00e9curit\u00e9 appliqu\u00e9es au Chalet Marie-Victorin.<\/p>\n","protected":false},"author":43,"featured_media":0,"comment_status":"open","ping_status":"closed","sticky":false,"template":"","format":"standard","meta":{"footnotes":""},"categories":[386],"tags":[569,269,568,570,125],"class_list":["post-17263","post","type-post","status-publish","format-standard","hentry","category-echos-du-conseil-dadministration","tag-assemblee-generale-annuelle","tag-ateliers","tag-reglements-generaux","tag-securite-physique","tag-site-web"],"_links":{"self":[{"href":"https:\/\/cimbcc.org\/test2\/wp-json\/wp\/v2\/posts\/17263","targetHints":{"allow":["GET"]}}],"collection":[{"href":"https:\/\/cimbcc.org\/test2\/wp-json\/wp\/v2\/posts"}],"about":[{"href":"https:\/\/cimbcc.org\/test2\/wp-json\/wp\/v2\/types\/post"}],"author":[{"embeddable":true,"href":"https:\/\/cimbcc.org\/test2\/wp-json\/wp\/v2\/users\/43"}],"replies":[{"embeddable":true,"href":"https:\/\/cimbcc.org\/test2\/wp-json\/wp\/v2\/comments?post=17263"}],"version-history":[{"count":6,"href":"https:\/\/cimbcc.org\/test2\/wp-json\/wp\/v2\/posts\/17263\/revisions"}],"predecessor-version":[{"id":46770,"href":"https:\/\/cimbcc.org\/test2\/wp-json\/wp\/v2\/posts\/17263\/revisions\/46770"}],"wp:attachment":[{"href":"https:\/\/cimbcc.org\/test2\/wp-json\/wp\/v2\/media?parent=17263"}],"wp:term":[{"taxonomy":"category","embeddable":true,"href":"https:\/\/cimbcc.org\/test2\/wp-json\/wp\/v2\/categories?post=17263"},{"taxonomy":"post_tag","embeddable":true,"href":"https:\/\/cimbcc.org\/test2\/wp-json\/wp\/v2\/tags?post=17263"}],"curies":[{"name":"wp","href":"https:\/\/api.w.org\/{rel}","templated":true}]}}