{"id":17560,"date":"2017-04-07T06:00:02","date_gmt":"2017-04-07T10:00:02","guid":{"rendered":"https:\/\/cimbcc.org\/test2\/?p=17560"},"modified":"2023-10-16T22:15:28","modified_gmt":"2023-10-17T02:15:28","slug":"mot-du-president-avril-2017","status":"publish","type":"post","link":"https:\/\/cimbcc.org\/test2\/mot-du-president-avril-2017\/","title":{"rendered":"Mot du pr\u00e9sident &#8211; avril 2017"},"content":{"rendered":"<figure id=\"attachment_23836\" aria-describedby=\"caption-attachment-23836\" style=\"width: 125px\" class=\"wp-caption aligncenter\"><img loading=\"lazy\" decoding=\"async\" class=\"size-full wp-image-23836\" src=\"https:\/\/cimbcc.org\/test2\/wp-content\/uploads\/photo_cote_rejean.jpg\" alt=\"\" width=\"125\" height=\"125\" \/><figcaption id=\"caption-attachment-23836\" class=\"wp-caption-text\"><span style=\"color: #ffffff;\">mmmm<\/span>R\u00e9jean C\u00f4t\u00e9<\/figcaption><\/figure>\n<p style=\"text-align: justify;\">Le mot du pr\u00e9sident du mois d&rsquo;avril comprend deux parties. En premier lieu, de l&rsquo;information vous est communiqu\u00e9e au sujet de l&rsquo;<strong>assembl\u00e9e g\u00e9n\u00e9rale annuelle<\/strong> qui aura lieu mercredi 12 avril 2017. Ensuite, il y a un bref <strong>sondage<\/strong> qui permettra d&rsquo;orienter les activit\u00e9s futures du club, comme les ateliers et les pr\u00e9sentations.<\/p>\n<p><!--more--><\/p>\n<h5>La d\u00e9mocratie au club<\/h5>\n<p style=\"text-align: justify;\">La loi oblige le club \u00e0 tenir au moins une assembl\u00e9e g\u00e9n\u00e9rale par ann\u00e9e et tous les membres y sont convoqu\u00e9s. C\u2019est aussi \u00e0 cette assembl\u00e9e que les nouveaux membres du conseil d\u2019administration sont \u00e9lus.<\/p>\n<p style=\"text-align: justify;\">Le conseil d\u2019administration est compos\u00e9 d\u2019un maximum de 12\u00a0membres qui se r\u00e9unissent le premier mardi de chaque mois, sauf en juillet. Chaque administrateur exerce un mandat de deux ans. Afin d\u2019assurer la continuit\u00e9 dans la gestion du club, six (6)\u00a0postes d\u2019administrateurs sont \u00e0 pourvoir chaque ann\u00e9e.<\/p>\n<p style=\"text-align: justify;\">Pour \u00eatre \u00e9ligible, il faut \u00eatre <strong><u>membre et<\/u><\/strong><u> <strong>b\u00e9n\u00e9vole<\/strong><\/u> du club et avoir pos\u00e9 sa candidature dans les d\u00e9lais fix\u00e9s. Ensuite, il faut \u00eatre \u00e9lu par les membres pr\u00e9sents \u00e0 l\u2019assembl\u00e9e g\u00e9n\u00e9rale annuelle.<\/p>\n<p style=\"text-align: justify;\">Le club ne peut exister sans ses administrateurs. Au moment o\u00f9 vous lirez ces lignes, vous aurez d\u00e9j\u00e0 re\u00e7u la convocation \u00e0 l\u2019assembl\u00e9e g\u00e9n\u00e9rale du <strong>mercredi 12\u00a0avril<\/strong> et l\u2019invitation \u00e0 poser votre candidature comme administrateur du club.<\/p>\n<p style=\"text-align: justify;\">Vos administrateurs ont besoin de sentir que les membres les appuient. Une bonne fa\u00e7on de leur manifester votre soutien, c\u2019est de participer \u00e0 l\u2019assembl\u00e9e g\u00e9n\u00e9rale qui dure environ une heure. Elle sera suivie par une pr\u00e9sentation de Michel\u00a0Gagn\u00e9 sur <strong>les adresses Web et IP<\/strong> o\u00f9 vous apprendrez la signification et l\u2019utilisation des diff\u00e9rentes parties des adresses <strong>Web <\/strong>comme <strong>www.pirate.ru<\/strong> et les adresses<strong> IP<\/strong> comme <strong>70.52.78.17<\/strong>.<\/p>\n<p style=\"text-align: justify;\">L\u2019ann\u00e9e derni\u00e8re, environ 80\u00a0membres ont assist\u00e9 \u00e0 l\u2019assembl\u00e9e g\u00e9n\u00e9rale. J\u2019esp\u00e8re que cette ann\u00e9e vous serez au moins aussi nombreux. Venez \u00e0 l\u2019assembl\u00e9e g\u00e9n\u00e9rale, vos administrateurs vous en seront reconnaissants. Vous servirez aussi la d\u00e9mocratie parce que le club, c\u2019est votre affaire et ce sera une belle fa\u00e7on de vous en occuper.<\/p>\n<p>Au plaisir de vous y retrouver nombreux,<\/p>\n<p>R\u00e9jean\u00a0C\u00f4t\u00e9, pr\u00e9sident<\/p>\n<hr \/>\n<h1><span style=\"color: #ff0000;\"><strong>Sondage \u00e9clair<\/strong><\/span><\/h1>\n<p style=\"text-align: justify;\">Vous \u00eates invit\u00e9s \u00e0 prendre quelques instants pour participer au sondage \u00e9clair ci-dessous.<\/p>\n<p style=\"text-align: justify;\">Il serait souhaitable que tous les membres y participent afin que le club puisse se fier aux r\u00e9sultats du sondage afin de mieux planifier les ateliers et les pr\u00e9sentations \u00e0 venir.<\/p>\n<p style=\"text-align: justify;\">Merci de votre collaboration!<\/p>\n<p style=\"text-align: justify;\"><strong>Note importante pour le sondage\u00a0: n&rsquo;oubliez pas de cliquer sur les boutons \u00ab\u00a0Suivant\u00a0\u00bb ou\u00a0\u00ab\u00a0Envoyer\u00a0\u00bb une fois que vous avez fait vos choix. Pour consulter les r\u00e9sultats cumulatifs \u00e0 date, cliquez sur le lien \u00ab\u00a0Voir les r\u00e9sultats du sondage\u00a0\u00bb \u00e0 la fin de cette page.<\/strong><\/p>\n<p><iframe loading=\"lazy\" src=\"https:\/\/docs.google.com\/forms\/d\/e\/1FAIpQLSePVJwD3gTBcRLSPzPrdK1Z2A5FEhr_Ibg_EcweC55jvMuUXQ\/viewform?embedded=true\" width=\"760\" height=\"1000\" frameborder=\"0\" marginwidth=\"0\" marginheight=\"0\">Chargement en cours&#8230;<\/iframe><\/p>\n<h5 style=\"text-align: center;\"><a href=\"https:\/\/cimbcc.org\/test2\/resultats-du-sondage-sur-les-systemes-dexploitation\" target=\"_blank\" rel=\"noopener\">Voir les r\u00e9sultats du sondage<\/a><\/h5>\n","protected":false},"excerpt":{"rendered":"<p>Le mot du pr\u00e9sident du mois d&rsquo;avril comprend deux parties. En premier lieu, de l&rsquo;information vous est communiqu\u00e9e au sujet de l&rsquo;assembl\u00e9e g\u00e9n\u00e9rale annuelle qui aura lieu mercredi 12 avril 2017. Ensuite, il y a un bref sondage qui permettra d&rsquo;orienter les activit\u00e9s futures du club, comme les ateliers et les pr\u00e9sentations.<\/p>\n","protected":false},"author":43,"featured_media":0,"comment_status":"open","ping_status":"closed","sticky":false,"template":"","format":"standard","meta":{"footnotes":""},"categories":[11],"tags":[569,209,159],"class_list":["post-17560","post","type-post","status-publish","format-standard","hentry","category-mots-du-president","tag-assemblee-generale-annuelle","tag-sondage","tag-systeme-dexploitation"],"_links":{"self":[{"href":"https:\/\/cimbcc.org\/test2\/wp-json\/wp\/v2\/posts\/17560","targetHints":{"allow":["GET"]}}],"collection":[{"href":"https:\/\/cimbcc.org\/test2\/wp-json\/wp\/v2\/posts"}],"about":[{"href":"https:\/\/cimbcc.org\/test2\/wp-json\/wp\/v2\/types\/post"}],"author":[{"embeddable":true,"href":"https:\/\/cimbcc.org\/test2\/wp-json\/wp\/v2\/users\/43"}],"replies":[{"embeddable":true,"href":"https:\/\/cimbcc.org\/test2\/wp-json\/wp\/v2\/comments?post=17560"}],"version-history":[{"count":37,"href":"https:\/\/cimbcc.org\/test2\/wp-json\/wp\/v2\/posts\/17560\/revisions"}],"predecessor-version":[{"id":24768,"href":"https:\/\/cimbcc.org\/test2\/wp-json\/wp\/v2\/posts\/17560\/revisions\/24768"}],"wp:attachment":[{"href":"https:\/\/cimbcc.org\/test2\/wp-json\/wp\/v2\/media?parent=17560"}],"wp:term":[{"taxonomy":"category","embeddable":true,"href":"https:\/\/cimbcc.org\/test2\/wp-json\/wp\/v2\/categories?post=17560"},{"taxonomy":"post_tag","embeddable":true,"href":"https:\/\/cimbcc.org\/test2\/wp-json\/wp\/v2\/tags?post=17560"}],"curies":[{"name":"wp","href":"https:\/\/api.w.org\/{rel}","templated":true}]}}