{"id":17613,"date":"2017-03-31T06:00:56","date_gmt":"2017-03-31T10:00:56","guid":{"rendered":"https:\/\/cimbcc.org\/test2\/?p=17613"},"modified":"2023-10-16T22:15:28","modified_gmt":"2023-10-17T02:15:28","slug":"un-site-important-pour-avoir-un-certain-controle-sur-ses-soins-de-fin-de-vie","status":"publish","type":"post","link":"https:\/\/cimbcc.org\/test2\/un-site-important-pour-avoir-un-certain-controle-sur-ses-soins-de-fin-de-vie\/","title":{"rendered":"Un site important pour avoir un certain contr\u00f4le sur ses soins de fin de vie"},"content":{"rendered":"<p style=\"text-align: justify;\"><img loading=\"lazy\" decoding=\"async\" class=\"aligncenter size-full wp-image-5376\" src=\"https:\/\/cimbcc.org\/test2\/wp-content\/uploads\/Photo-Andre-Charest-Editorial1.jpg\" alt=\"\" width=\"300\" height=\"82\" \/><\/p>\n<p style=\"text-align: justify;\">En 2014, lors de ma derni\u00e8re pr\u00e9sentation au club, j\u2019ai parl\u00e9 des applications de Microsoft Office, sp\u00e9cialement de Word, comme outils pour colliger tous les renseignements \u00e0 communiquer \u00e0 ses h\u00e9ritiers pour le r\u00e8glement aussi simple que possible de sa succession. Pourquoi le faire? Parce que dans un monde normal, nos h\u00e9ritiers sont des personnes que nous aimons. J\u2019en ai profit\u00e9 au passage pour souligner l\u2019importance de r\u00e9diger son testament et son mandat d\u2019inaptitude.<\/p>\n<p style=\"text-align: justify;\"><!--more--><\/p>\n<p style=\"text-align: justify;\">J\u2019ai \u00e9t\u00e9 \u00e9tonn\u00e9 du grand nombre de personnes de mes auditoires qui n\u2019avaient pas \u00ab\u00a0encore\u00a0\u00bb senti la n\u00e9cessit\u00e9 de compl\u00e9ter ces d\u00e9marches \u00ab\u00a0qui ne nous font pas mourir\u00a0\u00bb. Elles all\u00e8gent la t\u00e2che, voire la peine, de ceux qui nous survivent.<\/p>\n<p style=\"text-align: justify;\">Il y a maintenant du nouveau au Qu\u00e9bec dans les soins de fin de vie. La chose a \u00e9t\u00e9 peu publicis\u00e9e. Mais combien importante elle est! Ces nouvelles possibilit\u00e9s ont un nom\u00a0: les <strong><em>Directives m\u00e9dicales anticip\u00e9es<\/em><\/strong>. On trouve toute l\u2019information sur le site :<\/p>\n<p style=\"text-align: justify;\"><a href=\"http:\/\/sante.gouv.qc.ca\/programmes-et-mesures-daide\/directives-medicales-anticipees\/?utm_source=feuillet&amp;utm_medium=imprime&amp;utm_campaign=MSSS-RAMQ_DMA_2016\" target=\"_blank\" rel=\"noopener noreferrer\">sante.gouv.qc.ca\/dma<\/a><\/p>\n<p style=\"text-align: justify;\">Depuis la loi concernant les soins de fin de vie, adopt\u00e9e le 5 juin 2014 et sanctionn\u00e9e le 10 juin 2014, a propos\u00e9 de nouvelles dispositions entr\u00e9es en vigueur le 10 d\u00e9cembre 2015. Elles sont pass\u00e9es presque inaper\u00e7ues, notre int\u00e9r\u00eat \u00e9tant dirig\u00e9 vers l\u2019aide m\u00e9dicale \u00e0 mourir.<\/p>\n<p style=\"text-align: justify;\">Ces dispositions, les directives m\u00e9dicales anticip\u00e9es, ciblent trois situations cliniques\u00a0:<\/p>\n<ol style=\"text-align: justify;\">\n<li>situation de fin de vie\u00a0; si je souffre d\u2019une condition m\u00e9dicale grave et incurable et que je suis en fin de vie ;<\/li>\n<li>situation d\u2019atteinte s\u00e9v\u00e8re et irr\u00e9versible des fonctions cognitives\u00a0; si je suis dans un \u00e9tat comateux jug\u00e9 irr\u00e9versible ou que je suis dans un \u00e9tat v\u00e9g\u00e9tatif permanent ; et<\/li>\n<li>autre situation d\u2019atteinte s\u00e9v\u00e8re et irr\u00e9versible des fonctions cognitives ; si je suis atteint de d\u00e9mence grave, sans possibilit\u00e9 d\u2019am\u00e9lioration (par exemple, d\u00e9mence de type Alzheimer ou autre type de d\u00e9mence \u00e0 un stade avanc\u00e9).<\/li>\n<\/ol>\n<p style=\"text-align: justify;\">Face \u00e0 ces situations cliniques extr\u00eames, nous avons \u00e0 nous prononcer quant aux soins qui nous sont offerts et que nous d\u00e9sirons (ce qui pourrait prolonger la dur\u00e9e de notre vie sans espoir d\u2019am\u00e9lioration) ou non (qui pourrait diminuer notre dur\u00e9e de vie).<\/p>\n<p style=\"text-align: justify;\">Rappelons que, pour le moment, nous ne pouvons en aucune fa\u00e7on demander que l\u2019on mette fin \u00e0 nos jours de fa\u00e7on anticip\u00e9e. Au moment o\u00f9 j\u2019\u00e9cris ces lignes, un d\u00e9bat public sur ce sujet semble vouloir s\u2019amorcer. Rappelons aussi que ces directives n\u2019entrent pas en contradiction avec le don d\u2019organes, si nous avons donn\u00e9 notre consentement.<\/p>\n<p style=\"text-align: justify;\">Ces directives m\u00e9dicales anticip\u00e9es font office de loi, ce qui n\u2019est pas le cas du mandat d\u2019inaptitude o\u00f9 la personne qui nous repr\u00e9sente (sous la pression, parfois, des proches) peut \u00ab\u00a0n\u00e9gocier\u00a0\u00bb, avec l\u2019\u00e9quipe soignante, nos volont\u00e9s. Si nous compl\u00e9tons ce formulaire, il est enregistr\u00e9 \u00e0 la RAMQ, et l\u2019\u00e9quipe soignante a l\u2019obligation de v\u00e9rifier si nos directives ont \u00e9t\u00e9 enregistr\u00e9es, et devra les respecter, le cas \u00e9ch\u00e9ant. Ces directives sont r\u00e9vocables en tout temps, par une simple communication avec la RAMQ.<\/p>\n<p style=\"text-align: justify;\">Le lien nous conduit aux informations et au formulaire en ligne. Nous pouvons aussi communiquer avec la RAMQ par t\u00e9l\u00e9phone\u00a0 (514-864-3411) afin de recevoir le formulaire qui sera identifi\u00e9 et codifi\u00e9 \u00e0 notre nom. Compl\u00e9t\u00e9, le formulaire dat\u00e9 et d\u00fbment sign\u00e9 par le b\u00e9n\u00e9ficiaire et par deux t\u00e9moins de sa signature devra \u00eatre retourn\u00e9 \u00e0 la RAMQ afin d\u2019\u00eatre enregistr\u00e9. Nous pouvons en garder une copie pour nos dossiers, et en remettre une \u00e0 notre m\u00e9decin de famille. Mais notre v\u00e9ritable protection est l\u2019enregistrement \u00e0 la RAMQ, puisque tout m\u00e9decin doit obligatoirement v\u00e9rifier si nous avons fait conna\u00eetre nos directives lors des situations cliniques ci-haut mentionn\u00e9es.<\/p>\n<p style=\"text-align: justify;\">Compl\u00e9ter ce formulaire concernant les directives m\u00e9dicales anticip\u00e9es ne nous fera pas mourir, mais nous assurera une fin de vie digne et respectable, t\u00e9moin de l\u2019exercice de notre libert\u00e9 jusqu\u2019au dernier souffle. Et entretemps, pourquoi ne pas vivre aussi pleinement que possible? Profitons de la vie!<\/p>\n<p>Andr\u00e9 Charest<\/p>\n","protected":false},"excerpt":{"rendered":"<p>En 2014, lors de ma derni\u00e8re pr\u00e9sentation au club, j\u2019ai parl\u00e9 des applications de Microsoft Office, sp\u00e9cialement de Word, comme outils pour colliger tous les renseignements \u00e0 communiquer \u00e0 ses h\u00e9ritiers pour le r\u00e8glement aussi simple que possible de sa succession. Pourquoi le faire? Parce que dans un monde normal, nos h\u00e9ritiers sont des personnes &hellip; <a href=\"https:\/\/cimbcc.org\/test2\/un-site-important-pour-avoir-un-certain-controle-sur-ses-soins-de-fin-de-vie\/\" class=\"more-link\">Continuer la lecture de <span class=\"screen-reader-text\">Un site important pour avoir un certain contr\u00f4le sur ses soins de fin de vie<\/span>  <span class=\"meta-nav\">&rarr;<\/span><\/a><\/p>\n","protected":false},"author":43,"featured_media":0,"comment_status":"open","ping_status":"closed","sticky":false,"template":"","format":"standard","meta":{"footnotes":""},"categories":[12],"tags":[613,586],"class_list":["post-17613","post","type-post","status-publish","format-standard","hentry","category-sites-coup-de-coeur","tag-deces","tag-directives-medicales-anticipees"],"_links":{"self":[{"href":"https:\/\/cimbcc.org\/test2\/wp-json\/wp\/v2\/posts\/17613","targetHints":{"allow":["GET"]}}],"collection":[{"href":"https:\/\/cimbcc.org\/test2\/wp-json\/wp\/v2\/posts"}],"about":[{"href":"https:\/\/cimbcc.org\/test2\/wp-json\/wp\/v2\/types\/post"}],"author":[{"embeddable":true,"href":"https:\/\/cimbcc.org\/test2\/wp-json\/wp\/v2\/users\/43"}],"replies":[{"embeddable":true,"href":"https:\/\/cimbcc.org\/test2\/wp-json\/wp\/v2\/comments?post=17613"}],"version-history":[{"count":5,"href":"https:\/\/cimbcc.org\/test2\/wp-json\/wp\/v2\/posts\/17613\/revisions"}],"predecessor-version":[{"id":17981,"href":"https:\/\/cimbcc.org\/test2\/wp-json\/wp\/v2\/posts\/17613\/revisions\/17981"}],"wp:attachment":[{"href":"https:\/\/cimbcc.org\/test2\/wp-json\/wp\/v2\/media?parent=17613"}],"wp:term":[{"taxonomy":"category","embeddable":true,"href":"https:\/\/cimbcc.org\/test2\/wp-json\/wp\/v2\/categories?post=17613"},{"taxonomy":"post_tag","embeddable":true,"href":"https:\/\/cimbcc.org\/test2\/wp-json\/wp\/v2\/tags?post=17613"}],"curies":[{"name":"wp","href":"https:\/\/api.w.org\/{rel}","templated":true}]}}