{"id":1773,"date":"2012-03-14T11:00:30","date_gmt":"2012-03-14T16:00:30","guid":{"rendered":"https:\/\/cimbcc.org\/test2\/?p=1773"},"modified":"2023-10-16T22:17:14","modified_gmt":"2023-10-17T02:17:14","slug":"des-yeux-virtuels-par-usb","status":"publish","type":"post","link":"https:\/\/cimbcc.org\/test2\/des-yeux-virtuels-par-usb\/","title":{"rendered":"Des yeux virtuels par USB"},"content":{"rendered":"<figure id=\"attachment_25229\" aria-describedby=\"caption-attachment-25229\" style=\"width: 125px\" class=\"wp-caption aligncenter\"><img loading=\"lazy\" decoding=\"async\" class=\"size-full wp-image-25229\" src=\"https:\/\/cimbcc.org\/test2\/wp-content\/uploads\/photo_jacquet_jean_philippe.jpg\" alt=\"\" width=\"125\" height=\"125\" \/><figcaption id=\"caption-attachment-25229\" class=\"wp-caption-text\"><span style=\"color: #ffffff;\">n<\/span>Jean-Philippe Jacquet<\/figcaption><\/figure>\n<p style=\"text-align: justify;\">Comme \u00e0 chaque mois, Jean-Philippe nous pr\u00e9sente un article tir\u00e9 d\u2019Internet susceptible de nous int\u00e9resser. Ce mois-ci, il nous propose l&rsquo;article <em>Des yeux virtuels par USB, <\/em>de Fran\u00e7ois Picard, journaliste et \u00e9diteur du webzine <a href=\"http:\/\/www.atoutmicro.ca\/\" target=\"_blank\" rel=\"noopener\">Atout Micro<\/a>,\u00a0publi\u00e9 le 2 f\u00e9vrier dernier dans la <em>Direction informatique<\/em><strong><em>.<\/em><\/strong><\/p>\n<p style=\"text-align: justify;\"><!--more--><\/p>\n<p style=\"text-align: justify;\">Vous d\u00e9couvrirez comment certaines cam\u00e9ras branch\u00e9es \u00e0 un ordinateur peuvent servir \u00ab\u00a0d&rsquo;yeux\u00a0\u00bb virtuels pour aller voir dans les recoins o\u00f9 l&rsquo;on ne peut pas arriver \u00e0 regarder. Bien qu&rsquo;il existe toutes sortes de cam\u00e9ras\u00a0pouvant se brancher aux ordinateurs pour diverses applications, cet article traite des cam\u00e9ras USB \u00e0 c\u00e2ble flexible qui peuvent rendre bien des services.<\/p>\n<p><noscript>&amp;amp;lt;a href=\u00a0\u00bbhttp:\/\/ad.ca.doubleclick.net\/jump\/idg.ca.directioninformatique\/produits;tile=2;pos=skyscraperros;sz=160&#215;600;ord=1200125976?\u00a0\u00bbtarget=\u00a0\u00bb_blank\u00a0\u00bb&amp;amp;gt;&amp;amp;lt;img src=\u00a0\u00bbhttp:\/\/ad.ca.doubleclick.net\/adj\/idg.cadirectioninformatique\/produits;tile=2;pos=skyscraperros;sz=160&#215;600;ord=1200125976?\u00a0\u00bbwidth=\u00a0\u00bb160&Prime; height=\u00a0\u00bb600&Prime; border=\u00a0\u00bb0&Prime; alt=\u00a0\u00bbDirection Informatique Advertisement\u00a0\u00bb \/&amp;amp;gt;&amp;amp;lt;\/a&amp;amp;gt;<\/noscript><noscript>&amp;amp;lt;a target=\u00a0\u00bb_blank\u00a0\u00bb href=\u00a0\u00bbhttp:\/\/ad.ca.doubleclick.net\/click%3Bh%3Dv8\/3c2c\/3\/0\/%2a\/d%3B252087504%3B0-0%3B0%3B76168200%3B2321-160\/600%3B46136032\/46153155\/1%3B%3B%7Efdr%3D252119005%3B0-0%3B0%3B26002377%3B2321-160\/600%3B46148213\/46165336\/1%3B%3B%7Eokv%3D%3Btile%3D2%3Bpos%3Dskyscraperros%3Bsz%3D160x600%3B%7Esscs%3D%3fhttp:\/\/www-03.ibm.com\/systems\/ca\/fr\/express\/campaigns\/offers.html?cmp=6n8ah&amp;amp;amp;cm=b&amp;amp;amp;csr=agca_esvirtualise-20111109&amp;amp;amp;cr=directioninformatique&amp;amp;amp;ct=6n8ah32rw&amp;amp;amp;cn=Creative1&Prime;&amp;amp;gt;&amp;amp;lt;img src=\u00a0\u00bbhttp:\/\/s0.2mdn.net\/712576\/2-IBM Banner MM_160x600.jpg\u00a0\u00bb width=\u00a0\u00bb160&Prime; height=\u00a0\u00bb600&Prime; border=\u00a0\u00bb0&Prime; alt=\u00a0\u00bbAdvertisement\u00a0\u00bb galleryimg=\u00a0\u00bbno\u00a0\u00bb&amp;amp;gt;&amp;amp;lt;\/a&amp;amp;gt;<\/noscript><\/p>\n<p style=\"text-align: left;\">Pour en savoir plus,\u00a0<a title=\"Cliquez ici\" href=\"http:\/\/www.directioninformatique.com\/DI\/client\/fr\/DirectionInformatique\/Nouvelles.asp?id=65994&amp;cid=82\" target=\"_blank\" rel=\"noopener\">cliquez ici<\/a>.<\/p>\n<p>Jean-Philippe Jacquet<\/p>\n","protected":false},"excerpt":{"rendered":"<p>Comme \u00e0 chaque mois, Jean-Philippe nous pr\u00e9sente un article tir\u00e9 d\u2019Internet susceptible de nous int\u00e9resser. Ce mois-ci, il nous propose l&rsquo;article Des yeux virtuels par USB, de Fran\u00e7ois Picard, journaliste et \u00e9diteur du webzine Atout Micro,\u00a0publi\u00e9 le 2 f\u00e9vrier dernier dans la Direction informatique.<\/p>\n","protected":false},"author":43,"featured_media":0,"comment_status":"closed","ping_status":"closed","sticky":false,"template":"","format":"standard","meta":{"footnotes":""},"categories":[9],"tags":[318,123],"class_list":["post-1773","post","type-post","status-publish","format-standard","hentry","category-direction-informatique-toms-hardware","tag-camera","tag-camera-de-securite"],"_links":{"self":[{"href":"https:\/\/cimbcc.org\/test2\/wp-json\/wp\/v2\/posts\/1773","targetHints":{"allow":["GET"]}}],"collection":[{"href":"https:\/\/cimbcc.org\/test2\/wp-json\/wp\/v2\/posts"}],"about":[{"href":"https:\/\/cimbcc.org\/test2\/wp-json\/wp\/v2\/types\/post"}],"author":[{"embeddable":true,"href":"https:\/\/cimbcc.org\/test2\/wp-json\/wp\/v2\/users\/43"}],"replies":[{"embeddable":true,"href":"https:\/\/cimbcc.org\/test2\/wp-json\/wp\/v2\/comments?post=1773"}],"version-history":[{"count":57,"href":"https:\/\/cimbcc.org\/test2\/wp-json\/wp\/v2\/posts\/1773\/revisions"}],"predecessor-version":[{"id":25890,"href":"https:\/\/cimbcc.org\/test2\/wp-json\/wp\/v2\/posts\/1773\/revisions\/25890"}],"wp:attachment":[{"href":"https:\/\/cimbcc.org\/test2\/wp-json\/wp\/v2\/media?parent=1773"}],"wp:term":[{"taxonomy":"category","embeddable":true,"href":"https:\/\/cimbcc.org\/test2\/wp-json\/wp\/v2\/categories?post=1773"},{"taxonomy":"post_tag","embeddable":true,"href":"https:\/\/cimbcc.org\/test2\/wp-json\/wp\/v2\/tags?post=1773"}],"curies":[{"name":"wp","href":"https:\/\/api.w.org\/{rel}","templated":true}]}}