{"id":17774,"date":"2017-05-04T00:27:06","date_gmt":"2017-05-04T04:27:06","guid":{"rendered":"https:\/\/cimbcc.org\/test2\/?p=17774"},"modified":"2023-10-16T22:15:11","modified_gmt":"2023-10-17T02:15:11","slug":"mot-du-president-mai-2017","status":"publish","type":"post","link":"https:\/\/cimbcc.org\/test2\/mot-du-president-mai-2017\/","title":{"rendered":"Mot du pr\u00e9sident &#8211; mai 2017"},"content":{"rendered":"<figure id=\"attachment_23836\" aria-describedby=\"caption-attachment-23836\" style=\"width: 125px\" class=\"wp-caption aligncenter\"><img loading=\"lazy\" decoding=\"async\" class=\"size-full wp-image-23836\" src=\"https:\/\/cimbcc.org\/test2\/wp-content\/uploads\/photo_cote_rejean.jpg\" alt=\"\" width=\"125\" height=\"125\" \/><figcaption id=\"caption-attachment-23836\" class=\"wp-caption-text\"><span style=\"color: #ffffff;\">mmmm<\/span>R\u00e9jean C\u00f4t\u00e9<\/figcaption><\/figure>\n<h5><strong>Le nouveau conseil d&rsquo;administration pour 2017-2018<\/strong><\/h5>\n<p style=\"text-align: justify;\">L\u2019assembl\u00e9e g\u00e9n\u00e9rale annuelle du 12\u00a0avril dernier a attir\u00e9 68\u00a0membres. Vos administrateurs ont appr\u00e9ci\u00e9 leur pr\u00e9sence et ils les remercient.<\/p>\n<p style=\"text-align: justify;\">Je f\u00e9licite les trois administrateurs r\u00e9\u00e9lus\u00a0: Richard\u00a0Gervais, Jacques\u00a0Lalibert\u00e9 et Sylvie\u00a0Mazur ainsi que la nouvelle venue, Danielle\u00a0Barab\u00e9. Ils se joindront \u00e0 Danielle Charest Bourque, R\u00e9jean\u00a0C\u00f4t\u00e9, R\u00e9jean\u00a0Daigle, Berthe\u00a0Demers, Michel\u00a0Gagn\u00e9 et Huguette\u00a0Turgeon pour composer le conseil d\u2019administration \u00e0 l\u2019\u0153uvre en 2017-2018.<\/p>\n<p style=\"text-align: justify;\">Je remercie les trois administrateurs sortants, Denis\u00a0Charron (2 ans comme administrateur), Yvon\u00a0Gaudreau (8 ans comme administrateur) et Walter\u00a0Pearce (10 ans comme tr\u00e9sorier) qui ont si\u00e9g\u00e9 au conseil d\u2019administration du CIMBCC pendant plusieurs ann\u00e9es.<\/p>\n<p style=\"text-align: justify;\"><!--more--><\/p>\n<hr \/>\n<h5 style=\"text-align: justify;\"><strong>\u00a0<\/strong><strong>Le travail des b\u00e9n\u00e9voles au CIMBCC en 2016-2017<\/strong><\/h5>\n<p style=\"text-align: justify;\">Le Club informatique Mont-Bruno a continu\u00e9 \u00e0 s\u2019adapter \u00e0 son environnement qui \u00e9volue constamment. Le club a propos\u00e9 de nouveaux sujets et recrut\u00e9 de nouveaux pr\u00e9sentateurs et de nouveaux animateurs pour les ateliers. Je suis convaincu qu\u2019encore une fois, cette ann\u00e9e, nous avons r\u00e9ussi \u00e0 vous offrir un programme vari\u00e9 et int\u00e9ressant.<\/p>\n<hr \/>\n<h5 style=\"text-align: justify;\"><strong>B\u00e9n\u00e9voles et membres <\/strong><\/h5>\n<p style=\"text-align: justify;\">Le club comptait 780 membres \u00e0 la fin d\u2019avril, et c\u2019est gr\u00e2ce \u00e0 ses 78\u00a0g\u00e9n\u00e9reux b\u00e9n\u00e9voles que le CIMBCC a pu accomplir sa mission et atteindre ses objectifs. En regardant le graphique qui suit, vous constaterez que plus de 40\u00a0% des membres du club habitent Saint-Bruno-de-Montarville et que les autres membres proviennent de 49\u00a0autres municipalit\u00e9s. Ces donn\u00e9es sont extraites du registre des membres qui est g\u00e9r\u00e9 par quatre b\u00e9n\u00e9voles.<\/p>\n<p style=\"text-align: justify;\"><img loading=\"lazy\" decoding=\"async\" class=\"aligncenter wp-image-17773\" src=\"https:\/\/cimbcc.org\/test2\/wp-content\/uploads\/2017-05-04-tableau-r\u00e9partition-b\u00e9n\u00e9vole-mot-du-pr\u00e9sident-300x281.png\" alt=\"\" width=\"507\" height=\"475\" srcset=\"https:\/\/cimbcc.org\/test2\/wp-content\/uploads\/2017-05-04-tableau-r\u00e9partition-b\u00e9n\u00e9vole-mot-du-pr\u00e9sident-300x281.png 300w, https:\/\/cimbcc.org\/test2\/wp-content\/uploads\/2017-05-04-tableau-r\u00e9partition-b\u00e9n\u00e9vole-mot-du-pr\u00e9sident-768x719.png 768w, https:\/\/cimbcc.org\/test2\/wp-content\/uploads\/2017-05-04-tableau-r\u00e9partition-b\u00e9n\u00e9vole-mot-du-pr\u00e9sident.png 903w\" sizes=\"auto, (max-width: 507px) 100vw, 507px\" \/><\/p>\n<hr \/>\n<h5 style=\"text-align: justify;\"><strong>Pr\u00e9sentations et logistique<\/strong><\/h5>\n<p style=\"text-align: justify;\">Nous avons offert cette ann\u00e9e 23\u00a0pr\u00e9sentations dans la s\u00e9rie <em>Facile<\/em> et 31 dans la s\u00e9rie <em>D\u00e9couverte<\/em><strong>. <\/strong>Cinq pr\u00e9sentatrices et douze pr\u00e9sentateurs ont anim\u00e9 ces rencontres dont plusieurs portaient sur de nouveaux sujets. Trois b\u00e9n\u00e9voles ont assur\u00e9 l\u2019impression des notes de la s\u00e9rie <em>Facile<\/em>. Dix-sept b\u00e9n\u00e9voles se sont relay\u00e9s pour accueillir les membres au Chalet Marie\u00a0Victorin. Enfin, neuf b\u00e9n\u00e9voles ont contribu\u00e9 \u00e0 monter et d\u00e9monter la salle, \u00e0 brancher l\u2019ordinateur et le syst\u00e8me de son, \u00e0 installer le projecteur, \u00e0 pr\u00e9parer et servir le caf\u00e9 et le jus.<\/p>\n<hr \/>\n<h5 style=\"text-align: justify;\"><strong>Assistance avant les s\u00e9ances et assistance par courriel <\/strong><\/h5>\n<p style=\"text-align: justify;\">Neuf b\u00e9n\u00e9voles composaient l\u2019\u00e9quipe de l\u2019assistance avant les s\u00e9ances de pr\u00e9sentations. Une demi-heure avant chaque s\u00e9ance, deux ou trois de ces b\u00e9n\u00e9voles \u00e9taient disponibles pour r\u00e9pondre aux questions des membres et pour les aider \u00e0 r\u00e9soudre leurs probl\u00e8mes. Par ailleurs, le service d\u2019assistance par courriel a \u00e9t\u00e9 assur\u00e9 par six b\u00e9n\u00e9voles r\u00e9guliers et deux b\u00e9n\u00e9voles occasionnels qui ont r\u00e9pondu aux questions des membres transmises par courriel \u00e0 <em><a href=\"mailto:aidecimbcc@gmail.com\">aidecimbcc@gmail.com<\/a><\/em>.<\/p>\n<hr \/>\n<h5 style=\"text-align: justify;\"><strong>Ateliers<\/strong><\/h5>\n<p style=\"text-align: justify;\">Depuis quelques ann\u00e9es d\u00e9j\u00e0, les ateliers du club contribuent \u00e0 la formation de nos membres. Chaque ann\u00e9e, le club doit relever le d\u00e9fi de trouver des animateurs pour offrir de nouveaux ateliers. Nous avons encore r\u00e9ussi cette ann\u00e9e \u00e0 surmonter cette difficult\u00e9 gr\u00e2ce \u00e0 la g\u00e9n\u00e9rosit\u00e9 de quelques personnes. Cette ann\u00e9e, c\u2019est gr\u00e2ce \u00e0 la comp\u00e9tence et \u00e0 la disponibilit\u00e9 de douze animateurs et de sept assistants que 30\u00a0ateliers diff\u00e9rents ont \u00e9t\u00e9 donn\u00e9s.<\/p>\n<hr \/>\n<h5 style=\"text-align: justify;\"><strong>Cours d\u2019initiation \u00e0 Internet<\/strong><\/h5>\n<p style=\"text-align: justify;\">Dix b\u00e9n\u00e9voles ont donn\u00e9 neuf cours de neuf heures d\u2019initiation \u00e0 Internet dans les biblioth\u00e8ques de Saint-Bruno-de-Montarville, de Saint-Basile-le-Grand et de Sainte-Julie. Cinq cours pr\u00e9paratoires de trois heures ont aussi \u00e9t\u00e9 donn\u00e9s aux personnes inscrites qui n\u2019avaient vraiment aucune exp\u00e9rience de l\u2019ordinateur, personnes d\u00e9termin\u00e9es \u00e0 apprendre l\u2019informatique que je trouve tr\u00e8s courageuses.<\/p>\n<hr \/>\n<h5 style=\"text-align: justify;\"><strong>Le site <em>CIMBCC.ORG<\/em> et le <em>CHIP<\/em><\/strong><\/h5>\n<p style=\"text-align: justify;\">Notre site Internet est aliment\u00e9 par treize b\u00e9n\u00e9voles et contient toute l\u2019information sur les activit\u00e9s et les services du club. Le <strong><em>CHIP<\/em><\/strong> est le blogue du club et il compte maintenant 1300\u00a0abonn\u00e9s. Quatre b\u00e9n\u00e9voles ont assur\u00e9 son \u00e9dition et quinze collaborateurs ont r\u00e9dig\u00e9 96\u00a0articles. Le blogue vous permet aussi de commenter les articles publi\u00e9s.<\/p>\n<hr \/>\n<h5 style=\"text-align: justify;\"><strong>Communication, activit\u00e9s sociales et r\u00e9cup\u00e9ration<\/strong><\/h5>\n<p style=\"text-align: justify;\">L\u2019\u00e9quipe des communications \u00e9tait compos\u00e9e de trois b\u00e9n\u00e9voles. C\u2019est d\u2019eux que vous avez re\u00e7u chaque fin de semaine le courriel d\u2019information sur le programme de la semaine et aussi d\u2019autres communications.<\/p>\n<p style=\"text-align: justify;\">Les trois b\u00e9n\u00e9voles responsables des activit\u00e9s sociales ont organis\u00e9 le souper de No\u00ebl et la soir\u00e9e des membres en mai. Ils ont aussi \u00e9t\u00e9 charg\u00e9s d\u2019organiser les activit\u00e9s de reconnaissance des b\u00e9n\u00e9voles,\u00a0dont un brunch en janvier et un souper en mai.<\/p>\n<p style=\"text-align: justify;\">Trois b\u00e9n\u00e9voles ont travaill\u00e9 \u00e0 la r\u00e9cup\u00e9ration de mat\u00e9riel informatique \u00e0 <em>l&rsquo;\u00c9cocentre<\/em> de Saint-Bruno-de-Montarville. Certains ordinateurs ont \u00e9t\u00e9 reconstruits et donn\u00e9s \u00e0 des organismes communautaires ou vendus \u00e0 prix modique \u00e0 des citoyens. Tous les profits, sans exception, ont \u00e9t\u00e9 remis \u00e0 des organismes communautaires. Depuis 2005, c\u2019est plus de 800\u00a0tonnes m\u00e9triques de mat\u00e9riel informatique qui ont ainsi \u00e9t\u00e9 r\u00e9cup\u00e9r\u00e9es.<\/p>\n<hr \/>\n<h5 style=\"text-align: justify;\">Nos pr\u00e9cieux b\u00e9n\u00e9voles<\/h5>\n<p style=\"text-align: justify;\">Dans ce <em>Mot du pr\u00e9sident<\/em>, vous avez pu constater le travail exceptionnel r\u00e9alis\u00e9 par les b\u00e9n\u00e9voles du club que je remercie ici. Je sais que je le dis souvent, mais il est important de les remercier \u00e0 l\u2019occasion et de reconna\u00eetre combien ils sont importants et pr\u00e9cieux pour le bon fonctionnement du club. Il ne faut jamais oublier que <strong>votre reconnaissance<\/strong>,<strong> c\u2019est un peu leur salaire<\/strong>.<\/p>\n<hr \/>\n<h5 style=\"text-align: justify;\">L\u2019avenir<\/h5>\n<p style=\"text-align: justify;\">Le club continuera toujours d\u2019avoir besoin de nouveaux b\u00e9n\u00e9voles. Vous serez toujours les bienvenus si vous d\u00e9sirez contribuer comme b\u00e9n\u00e9vole \u00e0 quelque t\u00e2che que ce soit. Dans une organisation comme la n\u00f4tre, il y a toujours plus de travail que de bras ou de cerveaux pour tout faire. Plus il y aura de membres qui s\u2019engageront, plus nous pourrons enrichir nos activit\u00e9s au profit de tous. L\u2019avenir du club ne pourra \u00eatre assur\u00e9 autrement.<\/p>\n<p style=\"text-align: justify;\">Avez-vous d\u2019autres sujets de pr\u00e9sentations ou d\u2019ateliers \u00e0 nous proposer? Si oui, dites-le-nous en laissant un commentaire \u00e0 la fin de cet article. Si vous avez un article int\u00e9ressant reli\u00e9 \u00e0 l\u2019informatique ou \u00e0 la s\u00e9curit\u00e9 informatique, faites-le-nous parvenir et nous serons heureux de le publier.<\/p>\n<p style=\"text-align: justify;\">N\u2019oubliez pas qu\u2019<strong><em>a<\/em><\/strong><strong><em>u club on s\u2019entraide<\/em><\/strong>, mais le partage des connaissances se fait sans <strong><em>aucune forme de garantie<\/em><\/strong>. Ni le club ni les b\u00e9n\u00e9voles\u00a0ne peuvent garantir l\u2019exactitude de l\u2019information pr\u00e9sent\u00e9e, ni le club ni les b\u00e9n\u00e9voles\u00a0<strong><em>ne peuvent \u00eatre<\/em><\/strong> <strong><em>responsables<\/em><\/strong> des cons\u00e9quences de l\u2019utilisation de cette information par les membres ou par toute autre personne.<\/p>\n<p style=\"text-align: justify;\">Bonnes vacances estivales et au plaisir de vous revoir en septembre,<\/p>\n<p>R\u00e9jean\u00a0C\u00f4t\u00e9, pr\u00e9sident<\/p>\n<p>&nbsp;<\/p>\n","protected":false},"excerpt":{"rendered":"<p>Le nouveau conseil d&rsquo;administration pour 2017-2018 L\u2019assembl\u00e9e g\u00e9n\u00e9rale annuelle du 12\u00a0avril dernier a attir\u00e9 68\u00a0membres. Vos administrateurs ont appr\u00e9ci\u00e9 leur pr\u00e9sence et ils les remercient. Je f\u00e9licite les trois administrateurs r\u00e9\u00e9lus\u00a0: Richard\u00a0Gervais, Jacques\u00a0Lalibert\u00e9 et Sylvie\u00a0Mazur ainsi que la nouvelle venue, Danielle\u00a0Barab\u00e9. Ils se joindront \u00e0 Danielle Charest Bourque, R\u00e9jean\u00a0C\u00f4t\u00e9, R\u00e9jean\u00a0Daigle, Berthe\u00a0Demers, Michel\u00a0Gagn\u00e9 et Huguette\u00a0Turgeon pour &hellip; <a href=\"https:\/\/cimbcc.org\/test2\/mot-du-president-mai-2017\/\" class=\"more-link\">Continuer la lecture de <span class=\"screen-reader-text\">Mot du pr\u00e9sident &#8211; mai 2017<\/span>  <span class=\"meta-nav\">&rarr;<\/span><\/a><\/p>\n","protected":false},"author":43,"featured_media":0,"comment_status":"open","ping_status":"closed","sticky":false,"template":"","format":"standard","meta":{"footnotes":""},"categories":[11],"tags":[79,601],"class_list":["post-17774","post","type-post","status-publish","format-standard","hentry","category-mots-du-president","tag-bilan","tag-services-offerts"],"_links":{"self":[{"href":"https:\/\/cimbcc.org\/test2\/wp-json\/wp\/v2\/posts\/17774","targetHints":{"allow":["GET"]}}],"collection":[{"href":"https:\/\/cimbcc.org\/test2\/wp-json\/wp\/v2\/posts"}],"about":[{"href":"https:\/\/cimbcc.org\/test2\/wp-json\/wp\/v2\/types\/post"}],"author":[{"embeddable":true,"href":"https:\/\/cimbcc.org\/test2\/wp-json\/wp\/v2\/users\/43"}],"replies":[{"embeddable":true,"href":"https:\/\/cimbcc.org\/test2\/wp-json\/wp\/v2\/comments?post=17774"}],"version-history":[{"count":10,"href":"https:\/\/cimbcc.org\/test2\/wp-json\/wp\/v2\/posts\/17774\/revisions"}],"predecessor-version":[{"id":24764,"href":"https:\/\/cimbcc.org\/test2\/wp-json\/wp\/v2\/posts\/17774\/revisions\/24764"}],"wp:attachment":[{"href":"https:\/\/cimbcc.org\/test2\/wp-json\/wp\/v2\/media?parent=17774"}],"wp:term":[{"taxonomy":"category","embeddable":true,"href":"https:\/\/cimbcc.org\/test2\/wp-json\/wp\/v2\/categories?post=17774"},{"taxonomy":"post_tag","embeddable":true,"href":"https:\/\/cimbcc.org\/test2\/wp-json\/wp\/v2\/tags?post=17774"}],"curies":[{"name":"wp","href":"https:\/\/api.w.org\/{rel}","templated":true}]}}