{"id":17894,"date":"2017-05-18T06:00:36","date_gmt":"2017-05-18T10:00:36","guid":{"rendered":"https:\/\/cimbcc.org\/test2\/?p=17894"},"modified":"2023-10-16T22:15:11","modified_gmt":"2023-10-17T02:15:11","slug":"echos-du-conseil-dadministration-2-mai-2017","status":"publish","type":"post","link":"https:\/\/cimbcc.org\/test2\/echos-du-conseil-dadministration-2-mai-2017\/","title":{"rendered":"\u00c9chos du conseil d\u2019administration \u2014 2 mai 2017"},"content":{"rendered":"<p style=\"text-align: justify;\"><img loading=\"lazy\" decoding=\"async\" class=\"aligncenter size-full wp-image-17918\" src=\"https:\/\/cimbcc.org\/test2\/wp-content\/uploads\/CIMBCC_logo_petit.jpg\" alt=\"\" width=\"529\" height=\"179\" srcset=\"https:\/\/cimbcc.org\/test2\/wp-content\/uploads\/CIMBCC_logo_petit.jpg 529w, https:\/\/cimbcc.org\/test2\/wp-content\/uploads\/CIMBCC_logo_petit-300x102.jpg 300w\" sizes=\"auto, (max-width: 529px) 100vw, 529px\" \/>Le conseil d\u2019administration de 2017-2018 s\u2019est r\u00e9uni pour la premi\u00e8re fois le 2\u00a0mai. Il est int\u00e9ressant de souligner que le CA poss\u00e8de une parit\u00e9 50% femmes et 50% hommes dans sa composition.<\/p>\n<p style=\"text-align: justify;\">Cette rencontre fut surtout l\u2019occasion de partager les responsabilit\u00e9s entre les administrateurs, d\u2019\u00e9tablir le calendrier de l\u2019ann\u00e9e, de faire le point sur les membres et les b\u00e9n\u00e9voles du club et de prendre connaissance d\u2019observations int\u00e9ressantes sur la fr\u00e9quentation du CHIP.<\/p>\n<p style=\"text-align: justify;\"><!--more--><\/p>\n<hr \/>\n<h5 style=\"text-align: justify;\"><strong>Partage de responsabilit\u00e9s <\/strong><\/h5>\n<p style=\"text-align: justify;\">Sous la direction de R\u00e9jean\u00a0Daigle, les administrateurs ont proc\u00e9d\u00e9 \u00e0 l\u2019\u00e9lection de leur \u00abex\u00e9cutif\u00bb ou conseil de direction. Les personnes propos\u00e9es ont \u00e9t\u00e9 \u00e9lues \u00e0 l\u2019unanimit\u00e9 et elles ont accept\u00e9 le mandat propos\u00e9 pour l\u2019ann\u00e9e\u00a02017-2018\u00a0:<\/p>\n<ul style=\"text-align: justify;\">\n<li>pr\u00e9sident\u00a0: R\u00e9jean C\u00f4t\u00e9<\/li>\n<li>vice-pr\u00e9sident\u00a0: Michel\u00a0Gagn\u00e9<\/li>\n<li>tr\u00e9sori\u00e8re\u00a0: Danielle\u00a0Barab\u00e9<\/li>\n<li>secr\u00e9taire\u00a0: Sylvie\u00a0Mazur<\/li>\n<\/ul>\n<p style=\"text-align: justify;\">Chaque administrateur peut \u00eatre le parrain d\u2019une activit\u00e9 du club s\u2019il n\u2019en est pas d\u00e9j\u00e0 le responsable. Le parrain d\u2019une activit\u00e9 a pour r\u00f4le de bien comprendre le fonctionnement de l\u2019activit\u00e9 pour pouvoir l\u2019expliquer aux autres administrateurs au besoin et pour comprendre l\u2019impact des d\u00e9cisions du conseil d\u2019administration sur l\u2019activit\u00e9. Il exerce aussi un r\u00f4le essentiel dans le maintien des liens entre le conseil et les b\u00e9n\u00e9voles responsables de l\u2019activit\u00e9. Le partage des responsabilit\u00e9s entre les diff\u00e9rents administrateurs a \u00e9t\u00e9 revu pour tenir compte de la nouvelle composition du conseil.<\/p>\n<hr \/>\n<h5 style=\"text-align: justify;\"><strong>Calendrier des r\u00e9unions<\/strong><\/h5>\n<p style=\"text-align: justify;\">Les r\u00e9unions du conseil d\u2019administration se tiendront, en g\u00e9n\u00e9ral, le premier mardi de chaque mois sauf en juillet o\u00f9 le conseil fait rel\u00e2che. La <strong><em>Journ\u00e9e d\u2019information et d\u2019inscription<\/em><\/strong> aura lieu le <strong>mardi 5\u00a0septembre<\/strong> et les s\u00e9ances de pr\u00e9sentations reprendront le <strong>mercredi 13\u00a0septembre<\/strong>.<\/p>\n<hr \/>\n<h5 style=\"text-align: justify;\"><strong>Membres et b\u00e9n\u00e9voles<\/strong><\/h5>\n<p style=\"text-align: justify;\">Le club a atteint 778\u00a0membres avec les quatre personnes qui se sont inscrites en avril. R\u00e9jean\u00a0C\u00f4t\u00e9 a fait remarquer que 27\u00a0% des membres en sont \u00e0 leur premi\u00e8re adh\u00e9sion et, par cons\u00e9quent, 73\u00a0% des membres ont renouvel\u00e9 leur adh\u00e9sion. Il nous faudra tenir compte de cette r\u00e9alit\u00e9 dans l\u2019offre de services du club. Par ailleurs, la composition des membres du club a beaucoup \u00e9volu\u00e9 avec les ann\u00e9es\u00a0: tr\u00e8s peu pr\u00e9sentes au d\u00e9but du club, les femmes sont maintenant majoritaires et repr\u00e9sentent 58\u00a0% des membres.<\/p>\n<p style=\"text-align: justify;\">Aucun nouveau b\u00e9n\u00e9vole ne s\u2019est ajout\u00e9 \u00e0 l\u2019\u00e9quipe. Par contre, on a not\u00e9 que Gilbert\u00a0Girard prendra la rel\u00e8ve de Marie-Jos\u00e9\u00a0B\u00e2cle comme responsable du site Internet. Marie-Jos\u00e9\u00a0B\u00e2cle continuera \u00e0 faire partie de l\u2019\u00e9quipe des webmestres et \u00e0 mener des activit\u00e9s li\u00e9es \u00e0 la gestion et \u00e0 l\u2019\u00e9volution du site.<\/p>\n<hr \/>\n<h5 style=\"text-align: justify;\"><strong>Le CHIP<\/strong><\/h5>\n<p style=\"text-align: justify;\">Richard\u00a0Gervais a partag\u00e9 avec le conseil quelques observations int\u00e9ressantes sur le CHIP.<\/p>\n<ul style=\"text-align: justify;\">\n<li>Cette ann\u00e9e, les articles publi\u00e9s par le CHIP ont \u00e9t\u00e9 plus nombreux (116 au lieu\u00a099), mais plus courts en moyenne que ceux de l\u2019an dernier (287 mots contre 442).<\/li>\n<\/ul>\n<ul style=\"text-align: justify;\">\n<li>Les abonn\u00e9s de cette ann\u00e9e (1278) ont \u00e9t\u00e9 l\u00e9g\u00e8rement plus nombreux que les ceux de l\u2019an dernier (1137), de m\u00eame que les courriels ouverts\u00a0: 786 (64\u00a0%) cette ann\u00e9e contre 681 (63\u00a0%) l\u2019an dernier.<\/li>\n<\/ul>\n<ul style=\"text-align: justify;\">\n<li>Le nombre des abonn\u00e9s qui ont continu\u00e9 la lecture est comparable (en moyenne, 346 cette ann\u00e9e, 344\u00a0l\u2019an dernier), par contre leur proportion diminue\u00a0: 44\u00a0% des abonn\u00e9s de cette ann\u00e9e contre 51\u00a0% l\u2019an dernier.<\/li>\n<\/ul>\n<ul style=\"text-align: justify;\">\n<li>Cette ann\u00e9e, la moyenne des commentaires (5) par article a \u00e9t\u00e9 inf\u00e9rieure \u00e0 la moyenne de l\u2019an dernier (5,8).<\/li>\n<\/ul>\n<ul style=\"text-align: justify;\">\n<li>Les articles de la cat\u00e9gorie <em>Mot du pr\u00e9sident<\/em> ont \u00e9t\u00e9 parmi ceux qui ont \u00e9t\u00e9 les plus lus et les plus comment\u00e9s. D\u2019ailleurs, c\u2019est le <a href=\"https:\/\/cimbcc.org\/test2\/mises-a-jour-de-windows-10-parfois-corrompues\" target=\"_blank\" rel=\"noopener noreferrer\">Mot du pr\u00e9sident de novembre<\/a> et l\u2019<a href=\"https:\/\/cimbcc.org\/test2\/reflexion-suite-a-lattentat-dans-une-mosquee-a-quebec\" target=\"_blank\" rel=\"noopener noreferrer\">article publi\u00e9 \u00e0 la suite de l\u2019attentat dans une mosqu\u00e9e de Qu\u00e9bec<\/a> qui ont recueilli le plus de commentaires (plus de 25 chacun).<\/li>\n<\/ul>\n<ul style=\"text-align: justify;\">\n<li>Les trois articles les plus fr\u00e9quemment consult\u00e9s ont \u00e9t\u00e9 ceux portant sur une <a href=\"https:\/\/cimbcc.org\/test2\/arnaque-de-plus-de-100-000-a-saint-bruno\" target=\"_blank\" rel=\"noopener noreferrer\">arnaque de plus de 100 000\u00a0$ \u00e0 Saint-Bruno<\/a>, sur l\u2019<a href=\"https:\/\/cimbcc.org\/test2\/a-quoi-servent-les-touches-f1-a-f12-au-dessus-du-clavier-dordinateur\" target=\"_blank\" rel=\"noopener noreferrer\">utilisation des touches\u00a0F1 \u00e0 F12<\/a> et sur l\u2019<a href=\"https:\/\/cimbcc.org\/test2\/abandon-de-la-tv-analogique-par-videotron-le-18-avril-2017\" target=\"_blank\" rel=\"noopener noreferrer\">abandon de la TV analogique \u00e0 Saint-Bruno<\/a>.<\/li>\n<\/ul>\n<p style=\"text-align: justify;\">On peut en conclure que l\u2019int\u00e9r\u00eat pour le CHIP se maintient et qu\u2019il est normal que les articles suscitent une attention variable selon les sujets trait\u00e9s. La vari\u00e9t\u00e9 des sujets refl\u00e8te d\u2019ailleurs la diversit\u00e9 de nos membres.<\/p>\n<p style=\"text-align: justify;\">Sylvie\u00a0Mazur, secr\u00e9taire du CIMBCC<\/p>\n<p>&nbsp;<\/p>\n<p>&nbsp;<\/p>\n","protected":false},"excerpt":{"rendered":"<p>Le conseil d\u2019administration de 2017-2018 s\u2019est r\u00e9uni pour la premi\u00e8re fois le 2\u00a0mai. Il est int\u00e9ressant de souligner que le CA poss\u00e8de une parit\u00e9 50% femmes et 50% hommes dans sa composition. Cette rencontre fut surtout l\u2019occasion de partager les responsabilit\u00e9s entre les administrateurs, d\u2019\u00e9tablir le calendrier de l\u2019ann\u00e9e, de faire le point sur les &hellip; <a href=\"https:\/\/cimbcc.org\/test2\/echos-du-conseil-dadministration-2-mai-2017\/\" class=\"more-link\">Continuer la lecture de <span class=\"screen-reader-text\">\u00c9chos du conseil d\u2019administration \u2014 2 mai 2017<\/span>  <span class=\"meta-nav\">&rarr;<\/span><\/a><\/p>\n","protected":false},"author":43,"featured_media":0,"comment_status":"open","ping_status":"closed","sticky":false,"template":"","format":"standard","meta":{"footnotes":""},"categories":[386],"tags":[608,246,609],"class_list":["post-17894","post","type-post","status-publish","format-standard","hentry","category-echos-du-conseil-dadministration","tag-ca","tag-chip","tag-statistiques"],"_links":{"self":[{"href":"https:\/\/cimbcc.org\/test2\/wp-json\/wp\/v2\/posts\/17894","targetHints":{"allow":["GET"]}}],"collection":[{"href":"https:\/\/cimbcc.org\/test2\/wp-json\/wp\/v2\/posts"}],"about":[{"href":"https:\/\/cimbcc.org\/test2\/wp-json\/wp\/v2\/types\/post"}],"author":[{"embeddable":true,"href":"https:\/\/cimbcc.org\/test2\/wp-json\/wp\/v2\/users\/43"}],"replies":[{"embeddable":true,"href":"https:\/\/cimbcc.org\/test2\/wp-json\/wp\/v2\/comments?post=17894"}],"version-history":[{"count":5,"href":"https:\/\/cimbcc.org\/test2\/wp-json\/wp\/v2\/posts\/17894\/revisions"}],"predecessor-version":[{"id":17919,"href":"https:\/\/cimbcc.org\/test2\/wp-json\/wp\/v2\/posts\/17894\/revisions\/17919"}],"wp:attachment":[{"href":"https:\/\/cimbcc.org\/test2\/wp-json\/wp\/v2\/media?parent=17894"}],"wp:term":[{"taxonomy":"category","embeddable":true,"href":"https:\/\/cimbcc.org\/test2\/wp-json\/wp\/v2\/categories?post=17894"},{"taxonomy":"post_tag","embeddable":true,"href":"https:\/\/cimbcc.org\/test2\/wp-json\/wp\/v2\/tags?post=17894"}],"curies":[{"name":"wp","href":"https:\/\/api.w.org\/{rel}","templated":true}]}}