{"id":17909,"date":"2017-05-30T06:00:02","date_gmt":"2017-05-30T10:00:02","guid":{"rendered":"https:\/\/cimbcc.org\/test2\/?p=17909"},"modified":"2023-10-16T22:15:11","modified_gmt":"2023-10-17T02:15:11","slug":"bilan-des-seances-du-mercredi-et-vendredi-hiver-2017","status":"publish","type":"post","link":"https:\/\/cimbcc.org\/test2\/bilan-des-seances-du-mercredi-et-vendredi-hiver-2017\/","title":{"rendered":"Bilan des s\u00e9ances du mercredi et vendredi &#8211; hiver 2017"},"content":{"rendered":"<figure id=\"attachment_24078\" aria-describedby=\"caption-attachment-24078\" style=\"width: 125px\" class=\"wp-caption aligncenter\"><img loading=\"lazy\" decoding=\"async\" class=\"size-full wp-image-24078\" src=\"https:\/\/cimbcc.org\/test2\/wp-content\/uploads\/photo_belanger_guy.jpg\" alt=\"\" width=\"125\" height=\"125\" \/><figcaption id=\"caption-attachment-24078\" class=\"wp-caption-text\"><span style=\"color: #ffffff;\">mmm<\/span>Guy B\u00e9langer<\/figcaption><\/figure>\n<p style=\"text-align: justify;\">Le 28 avril dernier marquait la fin des s\u00e9ances du mercredi et du vendredi du CIMBCC. Au cours de l\u2019hiver, 28 s\u00e9ances techniques ont \u00e9t\u00e9 offertes aux membres\u00a0: 9 de la s\u00e9rie <em>Facile<\/em> et 19 de la s\u00e9rie <em>D\u00e9couverte<\/em>. De plus, lors de cette p\u00e9riode, l\u2019assembl\u00e9e g\u00e9n\u00e9rale annuelle (AGA) a attir\u00e9 68 personnes.<\/p>\n<p style=\"text-align: justify;\"><!--more--><\/p>\n<p style=\"text-align: justify;\">Le sch\u00e9ma suivant illustre la moyenne des pr\u00e9sences mensuelles ayant suivi les s\u00e9ances au cours des saisons 2016-2017 et 2015-2016.<br \/>\n<img loading=\"lazy\" decoding=\"async\" class=\"aligncenter size-full wp-image-17911\" src=\"https:\/\/cimbcc.org\/test2\/wp-content\/uploads\/CHIP_20170530_Pr\u00e9sentations_bilan_1.jpg\" alt=\"\" width=\"610\" height=\"327\" srcset=\"https:\/\/cimbcc.org\/test2\/wp-content\/uploads\/CHIP_20170530_Pr\u00e9sentations_bilan_1.jpg 610w, https:\/\/cimbcc.org\/test2\/wp-content\/uploads\/CHIP_20170530_Pr\u00e9sentations_bilan_1-300x161.jpg 300w\" sizes=\"auto, (max-width: 610px) 100vw, 610px\" \/><\/p>\n<p style=\"text-align: justify;\">On note que lors de l\u2019hiver 2017, les pr\u00e9sences ont connu une baisse importante \u00e0 la fois par rapport \u00e0 la saison pr\u00e9c\u00e9dente (2015-2016) mais aussi par rapport \u00e0 l\u2019automne 2016. Devant cette situation, des r\u00e9flexions ont \u00e9t\u00e9 amorc\u00e9es et des pistes de modification des pr\u00e9sentations seront mises en oeuvre pour la saison prochaine. Nous vous pr\u00e9senterons le fruit de ces r\u00e9flexions lors de la pr\u00e9sentation des programmes de l\u2019automne et de l\u2019hiver plus tard \u00e0 la fin de l\u2019\u00e9t\u00e9.<\/p>\n<hr \/>\n<p style=\"text-align: justify;\">Au cours de l\u2019hiver, les s\u00e9ances ont encore couvert une grande vari\u00e9t\u00e9 de sujets\u00a0:<\/p>\n<ul>\n<li>L\u2019initiation \u00e0 l\u2019utilisation des tablettes <em>iPad<\/em> et <em>Android<\/em>.<\/li>\n<li style=\"text-align: justify;\">Des outils et des techniques de sauvegarde des fichiers et des programmes.<\/li>\n<li style=\"text-align: justify;\">La revue des activit\u00e9s du club.<\/li>\n<li style=\"text-align: justify;\">Un outil de r\u00e9servation d\u2019h\u00e9bergement, <em>Booking.com<\/em>.<\/li>\n<li style=\"text-align: justify;\">Deux applications de r\u00e9seautage soit <em>Twitter<\/em>, outil tr\u00e8s m\u00e9diatis\u00e9 depuis quelques mois et <em>Pinterest<\/em>, outil utile aux adeptes de bricolage.<\/li>\n<li style=\"text-align: justify;\">Organisation interne de nos ordinateurs par la gestion des fichiers et des dossiers.<\/li>\n<li style=\"text-align: justify;\">Deux outils importants soit <em>Skype<\/em> et <em>Team Viewer<\/em>.<\/li>\n<li style=\"text-align: justify;\">La signification des adresses Web et IP.<\/li>\n<li style=\"text-align: justify;\">Trois navigateurs Internet ont \u00e9t\u00e9 pass\u00e9s en revue\u00a0: <em>Internet Explorer<\/em>, <em>Edge<\/em> et certaines fonctions de <em>Chrome<\/em> de <em>Google<\/em>.<\/li>\n<li style=\"text-align: justify;\">Au chapitre des outils de courriels, l\u2019application <em>Outlook.com<\/em> et les outils <em>Windows Live Mail<\/em> et <em>Courrier<\/em> de <em>Windows 10<\/em> ont \u00e9t\u00e9 pr\u00e9sent\u00e9s.<\/li>\n<li style=\"text-align: justify;\">Deux d\u00e9monstrations ont fait l\u2019objet de pr\u00e9sentations sp\u00e9ciales soit une sur le logiciel <em>PhotoShop<\/em> et un exercice ludique illustrant les \u00e9l\u00e9ments de base de la programmation.<\/li>\n<li style=\"text-align: justify;\">Des \u00e9l\u00e9ments de s\u00e9curit\u00e9 n\u2019ont pas \u00e9t\u00e9 n\u00e9glig\u00e9s, soit le nettoyage de l\u2019ordinateur et les \u00e9l\u00e9ments de s\u00e9curit\u00e9 associ\u00e9s \u00e0 <em>Outlook.com<\/em>.<\/li>\n<li style=\"text-align: justify;\">Enfin une s\u00e9ance sur la gestion avanc\u00e9e de la musique avec le logiciel <em>iTunes<\/em> a \u00e9t\u00e9 mise au programme.<\/li>\n<\/ul>\n<hr \/>\n<p style=\"text-align: justify;\">Toute cette offre d\u2019informations et de conseils a \u00e9t\u00e9 rendue possible, cet hiver, gr\u00e2ce \u00e0 la g\u00e9n\u00e9rosit\u00e9 et aux comp\u00e9tences des pr\u00e9sentatrices et pr\u00e9sentateurs suivants\u00a0:<\/p>\n<ul>\n<li style=\"text-align: justify;\">C\u00e9line Dufresne,<\/li>\n<li style=\"text-align: justify;\">Patricia Gaulin,<\/li>\n<li style=\"text-align: justify;\">Rita Olsthoorn,<\/li>\n<li style=\"text-align: justify;\">Bruno Bergeron,<\/li>\n<li style=\"text-align: justify;\">Robert Bujold,<\/li>\n<li style=\"text-align: justify;\">Denis Charron,<\/li>\n<li style=\"text-align: justify;\">R\u00e9jean C\u00f4t\u00e9,<\/li>\n<li style=\"text-align: justify;\">Michel Gagn\u00e9,<\/li>\n<li style=\"text-align: justify;\">Sylvain Garneau,<\/li>\n<li style=\"text-align: justify;\">Yves P\u00e9pin,<\/li>\n<li style=\"text-align: justify;\">Youssef Tijani.<\/li>\n<\/ul>\n<p style=\"text-align: justify;\">Les s\u00e9ances sont rendues possibles gr\u00e2ce \u00e0 la collaboration de diverses \u00e9quipes (et leur responsable)\u00a0:<\/p>\n<ul>\n<li style=\"text-align: justify;\">l&rsquo;accueil (Danielle Bourque),<\/li>\n<li style=\"text-align: justify;\">la publication sur le site des descriptifs d\u00e9taill\u00e9s des pr\u00e9sentations (Huguette Leblanc-Girard),<\/li>\n<li style=\"text-align: justify;\">les photocopies des s\u00e9ances de la s\u00e9rie Facile (Andr\u00e9 Lacroix),<\/li>\n<li style=\"text-align: justify;\">le support technique (Yvon Gaudreau),<\/li>\n<li style=\"text-align: justify;\">le d\u00e9pannage avant les s\u00e9ances (Pierre Poisson).<\/li>\n<\/ul>\n<p style=\"text-align: justify;\">Un grand merci \u00e0 tous celles et ceux qui ont particip\u00e9 par leur pr\u00e9sence, par les questions pos\u00e9es et par leur interaction avec les pr\u00e9sentatrices et pr\u00e9sentateurs.<\/p>\n<hr \/>\n<p style=\"text-align: justify;\">Les exercices et les proc\u00e9dures associ\u00e9s aux pr\u00e9sentations sont toujours disponibles pour consultation sur le site du club,\u00a0<a href=\"http:\/\/www.CIMBCC.org\" target=\"_blank\" rel=\"noopener noreferrer\">www.CIMBCC.org<\/a>.<\/p>\n<p style=\"text-align: justify;\">En cliquant sur la rubrique <a href=\"https:\/\/cimbcc.org\/test2\/wp-content\/uploads\/Calendriers-et-notes-de-pr%C3%A9sentations.pdf\" target=\"_blank\" rel=\"noopener noreferrer\">\u00ab\u00a0S\u00e9ances du mercredi et vendredi, Calendrier et Notes de pr\u00e9sentations\u00a0\u00bb<\/a> en haut et \u00e0 droite de la page d\u2019accueil du site Internet du Club, vous pouvez t\u00e9l\u00e9charger les calendriers des derni\u00e8res ann\u00e9es et vous pouvez utiliser les liens Internet des diff\u00e9rentes pr\u00e9sentations pour acc\u00e9der aux exercices.<\/p>\n<p style=\"text-align: justify;\">Nous vous donnons rendez-vous en septembre prochain pour vous pr\u00e9senter de nouvelles informations et de nouvelles exp\u00e9riences.<\/p>\n<p style=\"text-align: justify;\">Guy B\u00e9langer,<br \/>\ncoresponsable des s\u00e9ances du mercredi et vendredi du CIMBCC.<\/p>\n","protected":false},"excerpt":{"rendered":"<p>Le 28 avril dernier marquait la fin des s\u00e9ances du mercredi et du vendredi du CIMBCC. Au cours de l\u2019hiver, 28 s\u00e9ances techniques ont \u00e9t\u00e9 offertes aux membres\u00a0: 9 de la s\u00e9rie Facile et 19 de la s\u00e9rie D\u00e9couverte. De plus, lors de cette p\u00e9riode, l\u2019assembl\u00e9e g\u00e9n\u00e9rale annuelle (AGA) a attir\u00e9 68 personnes.<\/p>\n","protected":false},"author":43,"featured_media":0,"comment_status":"open","ping_status":"closed","sticky":false,"template":"","format":"standard","meta":{"footnotes":""},"categories":[402],"tags":[79,271],"class_list":["post-17909","post","type-post","status-publish","format-standard","hentry","category-activites-du-club","tag-bilan","tag-presentations"],"_links":{"self":[{"href":"https:\/\/cimbcc.org\/test2\/wp-json\/wp\/v2\/posts\/17909","targetHints":{"allow":["GET"]}}],"collection":[{"href":"https:\/\/cimbcc.org\/test2\/wp-json\/wp\/v2\/posts"}],"about":[{"href":"https:\/\/cimbcc.org\/test2\/wp-json\/wp\/v2\/types\/post"}],"author":[{"embeddable":true,"href":"https:\/\/cimbcc.org\/test2\/wp-json\/wp\/v2\/users\/43"}],"replies":[{"embeddable":true,"href":"https:\/\/cimbcc.org\/test2\/wp-json\/wp\/v2\/comments?post=17909"}],"version-history":[{"count":9,"href":"https:\/\/cimbcc.org\/test2\/wp-json\/wp\/v2\/posts\/17909\/revisions"}],"predecessor-version":[{"id":25172,"href":"https:\/\/cimbcc.org\/test2\/wp-json\/wp\/v2\/posts\/17909\/revisions\/25172"}],"wp:attachment":[{"href":"https:\/\/cimbcc.org\/test2\/wp-json\/wp\/v2\/media?parent=17909"}],"wp:term":[{"taxonomy":"category","embeddable":true,"href":"https:\/\/cimbcc.org\/test2\/wp-json\/wp\/v2\/categories?post=17909"},{"taxonomy":"post_tag","embeddable":true,"href":"https:\/\/cimbcc.org\/test2\/wp-json\/wp\/v2\/tags?post=17909"}],"curies":[{"name":"wp","href":"https:\/\/api.w.org\/{rel}","templated":true}]}}